{"id":51113,"date":"2022-11-10T22:12:00","date_gmt":"2022-11-10T22:12:00","guid":{"rendered":"http:\/\/hoycordobaweb.com\/index.php\/2022\/11\/10\/la-corporacion-juntos-2030-avanzara-en-la-candidatura-al-mundial-del-centenario\/"},"modified":"2022-11-10T22:12:00","modified_gmt":"2022-11-10T22:12:00","slug":"la-corporacion-juntos-2030-avanzara-en-la-candidatura-al-mundial-del-centenario","status":"publish","type":"post","link":"http:\/\/hoycordobaweb.com\/index.php\/2022\/11\/10\/la-corporacion-juntos-2030-avanzara-en-la-candidatura-al-mundial-del-centenario\/","title":{"rendered":"La \u00abCorporaci\u00f3n Juntos 2030\u00bb avanzar\u00e1 en la candidatura al Mundial del centenario"},"content":{"rendered":"<p><img src=\"http:\/\/hoycordobaweb.com\/wp-content\/uploads\/2022\/11\/la-corporacion-juntos-2030-avanzara-en-la-candidatura-al-mundial-del-centenario.jpg\"><\/p>\n<figure class=\"mb-3\"><img loading=\"lazy\" src=\"http:\/\/hoycordobaweb.com\/wp-content\/uploads\/2022\/11\/la-corporacion-juntos-2030-avanzara-en-la-candidatura-al-mundial-del-centenario-2.jpg\" width=\"100%\" height=\"100%\" alt=\"La presentacin de la candidatura fue celebrada en agosto pasado en el Estadio Centenario de Montevideo TW Conmebol\"><figcaption> La presentaci\u00f3n de la candidatura fue celebrada en agosto pasado en el Estadio Centenario de Montevideo \/ TW @Conmebol <\/figcaption><\/figure>\n<p>El Gobierno oficializ\u00f3 este jueves la creaci\u00f3n de la <strong>Corporaci\u00f3n Juntos 2030<\/strong> para avanzar en la <strong>candidatura del Mundial del centenario junto con Uruguay, Paraguay y Chile<\/strong> como pa\u00edses asociados.<\/p>\n<p>Un decreto del presidente <strong>Alberto Fern\u00e1ndez<\/strong>, publicado en el Bolet\u00edn Oficial, instruye al Ministerio de Turismo y Deporte \u00aba constituir la Asociaci\u00f3n de derecho privado, sin fines de lucro, \u201cCorporaci\u00f3n Juntos 2030\u201d, con el fin de desarrollar las acciones destinadas a la postulaci\u00f3n conjunta como naciones candidatas a ser sedes de la Copa Mundial de la FIFA\u00bb.<\/p>\n<p>Entre sus considerandos, la norma expresa \u00abque las presentaciones conjuntas de sedes permiten distribuir los costos y riesgos del evento entre los pa\u00edses miembros, mejorando el atractivo tur\u00edstico y deportivo de dicho acontecimiento al presentar una oferta m\u00e1s amplia que tambi\u00e9n favorece la integraci\u00f3n regional y la cooperaci\u00f3n entre naciones para futuros proyectos\u00bb.<\/p>\n<p>Y por otra parte, \u00abque ser pa\u00eds anfitri\u00f3n de un evento como la Copa del Mundo permite movilizar recursos p\u00fablicos y privados para la readecuaci\u00f3n de la infraestructura tur\u00edstica y deportiva, la cual trasciende el evento y se transforma en un activo en beneficio de la sociedad toda\u00bb.<\/p>\n<blockquote class=\"twitter-tweet\" readability=\"4.8118811881188\">\n<p lang=\"es\" dir=\"ltr\">Ya est\u00e1 publicada la edici\u00f3n del 10\/11\/2022 del Bolet\u00edn Oficial de la Rep\u00fablica Argentina.<br \/>Pod\u00e9s visualizarla en <a href=\"https:\/\/t.co\/AA3isnRTrY\">https:\/\/t.co\/AA3isnRTrY<\/a><\/p>\n<p>\u2014 Bolet\u00edn Oficial R.A. (@boletin_oficial) <a href=\"https:\/\/twitter.com\/boletin_oficial\/status\/1590539992350482433?ref_src=twsrc%5Etfw\">November 10, 2022<\/a><\/p><\/blockquote>\n<p>La idea de una candidatura conjunto para el Mundial 2030 surgi\u00f3 inicialmente de <strong>Uruguay y Argentina<\/strong>, que fueron los <strong>finalistas de la primera Copa de la FIFA celebrada en 1930 en Montevideo<\/strong>.<\/p>\n<p>En la puja por la organizaci\u00f3n de esa emblem\u00e1tica edici\u00f3n, los pa\u00edses sudamericanos deber\u00e1n competir con Espa\u00f1a y Portugal, que recientemente tambi\u00e9n manifestaron la intenci\u00f3n de sumar a Ucrania a su candidatura.<\/p>\n<p>La definici\u00f3n de la sede del Mundial 2030 se producir\u00e1 en el 74\u00b0 Congreso de la FIFA a celebrarse en 2024, dos a\u00f1os antes de la cita Estados Unidos-M\u00e9xico-Canad\u00e1 2026.<\/p>\n","protected":false},"excerpt":{"rendered":"<p>La presentaci\u00f3n de la candidatura fue celebrada en agosto pasado en el Estadio Centenario de Montevideo \/ TW @Conmebol El Gobierno oficializ\u00f3 este jueves la creaci\u00f3n de la Corporaci\u00f3n Juntos 2030 para avanzar en la candidatura del Mundial del centenario junto con Uruguay, Paraguay y Chile como pa\u00edses asociados. Un decreto del presidente Alberto Fern\u00e1ndez, [&hellip;]<\/p>\n","protected":false},"author":1,"featured_media":51114,"comment_status":"open","ping_status":"closed","sticky":false,"template":"","format":"standard","meta":[],"categories":[16],"tags":[],"_links":{"self":[{"href":"http:\/\/hoycordobaweb.com\/index.php\/wp-json\/wp\/v2\/posts\/51113"}],"collection":[{"href":"http:\/\/hoycordobaweb.com\/index.php\/wp-json\/wp\/v2\/posts"}],"about":[{"href":"http:\/\/hoycordobaweb.com\/index.php\/wp-json\/wp\/v2\/types\/post"}],"author":[{"embeddable":true,"href":"http:\/\/hoycordobaweb.com\/index.php\/wp-json\/wp\/v2\/users\/1"}],"replies":[{"embeddable":true,"href":"http:\/\/hoycordobaweb.com\/index.php\/wp-json\/wp\/v2\/comments?post=51113"}],"version-history":[{"count":0,"href":"http:\/\/hoycordobaweb.com\/index.php\/wp-json\/wp\/v2\/posts\/51113\/revisions"}],"wp:featuredmedia":[{"embeddable":true,"href":"http:\/\/hoycordobaweb.com\/index.php\/wp-json\/wp\/v2\/media\/51114"}],"wp:attachment":[{"href":"http:\/\/hoycordobaweb.com\/index.php\/wp-json\/wp\/v2\/media?parent=51113"}],"wp:term":[{"taxonomy":"category","embeddable":true,"href":"http:\/\/hoycordobaweb.com\/index.php\/wp-json\/wp\/v2\/categories?post=51113"},{"taxonomy":"post_tag","embeddable":true,"href":"http:\/\/hoycordobaweb.com\/index.php\/wp-json\/wp\/v2\/tags?post=51113"}],"curies":[{"name":"wp","href":"https:\/\/api.w.org\/{rel}","templated":true}]}}