{"id":51082,"date":"2022-11-09T10:27:00","date_gmt":"2022-11-09T10:27:00","guid":{"rendered":"https:\/\/fm-comunicar.com.ar\/contenido\/19775\/la-provincia-financiara-la-construccion-de-centro-regional-de-recuperacion-de-re"},"modified":"2022-11-09T10:27:00","modified_gmt":"2022-11-09T10:27:00","slug":"la-provincia-financiara-la-construccion-de-centro-regional-de-recuperacion-de-residuos-solidos-urbanos","status":"publish","type":"post","link":"http:\/\/hoycordobaweb.com\/index.php\/2022\/11\/09\/la-provincia-financiara-la-construccion-de-centro-regional-de-recuperacion-de-residuos-solidos-urbanos\/","title":{"rendered":"La Provincia financiar\u00e1 la construcci\u00f3n de centro regional de recuperaci\u00f3n de Residuos S\u00f3lidos Urbanos"},"content":{"rendered":"<p>Aunque no se inform\u00f3 d\u00f3nde estar\u00e1, se anunci\u00f3 que ser\u00e1 un espacio de econom\u00eda circular que tiene por objetivo el tratamiento integral de los residuos de Jes\u00fas Mar\u00eda, Colonia Caroya y Sinsacate.<img src=\"http:\/\/hoycordobaweb.com\/wp-content\/uploads\/2022\/11\/la-provincia-financiara-la-construccion-de-centro-regional-de-recuperacion-de-residuos-solidos-urbanos.jpg\"><\/p>\n","protected":false},"excerpt":{"rendered":"<p>Aunque no se inform\u00f3 d\u00f3nde estar\u00e1, se anunci\u00f3 que ser\u00e1 un espacio de econom\u00eda circular que tiene por objetivo el tratamiento integral de los residuos de Jes\u00fas Mar\u00eda, Colonia Caroya y Sinsacate.<\/p>\n","protected":false},"author":1,"featured_media":51083,"comment_status":"closed","ping_status":"closed","sticky":false,"template":"","format":"standard","meta":[],"categories":[18],"tags":[],"_links":{"self":[{"href":"http:\/\/hoycordobaweb.com\/index.php\/wp-json\/wp\/v2\/posts\/51082"}],"collection":[{"href":"http:\/\/hoycordobaweb.com\/index.php\/wp-json\/wp\/v2\/posts"}],"about":[{"href":"http:\/\/hoycordobaweb.com\/index.php\/wp-json\/wp\/v2\/types\/post"}],"author":[{"embeddable":true,"href":"http:\/\/hoycordobaweb.com\/index.php\/wp-json\/wp\/v2\/users\/1"}],"replies":[{"embeddable":true,"href":"http:\/\/hoycordobaweb.com\/index.php\/wp-json\/wp\/v2\/comments?post=51082"}],"version-history":[{"count":0,"href":"http:\/\/hoycordobaweb.com\/index.php\/wp-json\/wp\/v2\/posts\/51082\/revisions"}],"wp:featuredmedia":[{"embeddable":true,"href":"http:\/\/hoycordobaweb.com\/index.php\/wp-json\/wp\/v2\/media\/51083"}],"wp:attachment":[{"href":"http:\/\/hoycordobaweb.com\/index.php\/wp-json\/wp\/v2\/media?parent=51082"}],"wp:term":[{"taxonomy":"category","embeddable":true,"href":"http:\/\/hoycordobaweb.com\/index.php\/wp-json\/wp\/v2\/categories?post=51082"},{"taxonomy":"post_tag","embeddable":true,"href":"http:\/\/hoycordobaweb.com\/index.php\/wp-json\/wp\/v2\/tags?post=51082"}],"curies":[{"name":"wp","href":"https:\/\/api.w.org\/{rel}","templated":true}]}}