{"id":51073,"date":"2022-11-09T02:17:00","date_gmt":"2022-11-09T02:17:00","guid":{"rendered":"http:\/\/hoycordobaweb.com\/index.php\/2022\/11\/09\/interbloque-oficialista-califico-de-politico-el-fallo-de-la-corte-sobre-la-magistratura\/"},"modified":"2022-11-09T02:17:00","modified_gmt":"2022-11-09T02:17:00","slug":"interbloque-oficialista-califico-de-politico-el-fallo-de-la-corte-sobre-la-magistratura","status":"publish","type":"post","link":"http:\/\/hoycordobaweb.com\/index.php\/2022\/11\/09\/interbloque-oficialista-califico-de-politico-el-fallo-de-la-corte-sobre-la-magistratura\/","title":{"rendered":"Interbloque oficialista calific\u00f3 de \u00abpol\u00edtico\u00bb el fallo de la Corte sobre la Magistratura"},"content":{"rendered":"<p><img src=\"http:\/\/hoycordobaweb.com\/wp-content\/uploads\/2022\/11\/interbloque-oficialista-califico-de-politico-el-fallo-de-la-corte-sobre-la-magistratura.jpg\"><span><\/p>\n<figure class=\"mb-3\"><img loading=\"lazy\" src=\"http:\/\/hoycordobaweb.com\/wp-content\/uploads\/2022\/11\/interbloque-oficialista-califico-de-politico-el-fallo-de-la-corte-sobre-la-magistratura-2.jpg\" width=\"100%\" height=\"100%\" alt=\"FdT La Corte no puede decidir ni intervenir en la conformacin de los bloques dentro del Senado\"><figcaption> FdT: \u00abLa Corte no puede decidir ni intervenir en la conformaci\u00f3n de los bloques dentro del Senado\u00bb. <\/figcaption><\/figure>\n<p><\/span><br \/>El interbloque de senadores nacionales del Frente de Todos (FdT) calific\u00f3 como \u00abpol\u00edtico\u00bb e \u00abinaplicable\u00bb el fallo emitido por la Corte Suprema de Justicia de la Naci\u00f3n que revoca el decreto parlamentario que dividi\u00f3 el bloque oficialista para la designaci\u00f3n de un representante ante el Consejo de la Magistratura.<\/p>\n<p><strong>\u00abEl de hoy fue un nuevo fallo pol\u00edtico de la Corte Suprema de Justicia que representa un claro conflicto de poderes entre el Poder Judicial y el Legislativo\u00bb, <\/strong>se\u00f1alaron los senadores oficialistas a trav\u00e9s de un comunicado difundido esta tarde.<\/p>\n<p>En el documento, los legisladores de los bloques de senadores y senadoras nacionales del Frente Nacional y Popular y de Unidad Ciudadana -que conforman el interbloque Frente de Todos- convocan adem\u00e1s a una <strong>conferencia de prensa que se llevar\u00e1 a cabo ma\u00f1ana a las 12 en el Sal\u00f3n Provincias de la C\u00e1mara alta.<\/strong><\/p>\n<p>\u00ab<strong>Se demuestra as\u00ed la vocaci\u00f3n de interferir en las decisiones pol\u00edticas del Congreso, arrog\u00e1ndose facultades que exceden al Poder Judicial y con el claro objetivo de beneficiar al macrismo en la composici\u00f3n del Consejo de la Magistratura\u00bb, <\/strong>remarcaron.<\/p>\n<p>Adem\u00e1s, argumentaron que \u00abel fallo es inaplicable porque <strong>la Corte no puede decidir ni intervenir en la conformaci\u00f3n de los bloques dentro del Senado\u00bb.<\/strong><\/p>\n<p>Subrayaron que el juez<strong> Horacio Rosatti \u00abno puede fallar en un tema en el cual es juez y parte ya que \u00e9l mismo preside el Consejo de la Magistratura\u00bb.<\/strong><\/p>\n<blockquote class=\"twitter-tweet\" readability=\"4.6926070038911\">\n<p lang=\"es\" dir=\"ltr\">\ud83d\udcc4\u2022 COMUNICADO \u27a1\ufe0f Senadores y Senadoras Nacionales del Interbloque <a href=\"https:\/\/twitter.com\/FrenteDeTodos?ref_src=twsrc%5Etfw\">@FrenteDeTodos<\/a> convocan a una conferencia de prensa en el d\u00eda de ma\u00f1ana a las 12 horas\ud83d\udc47 <a href=\"https:\/\/t.co\/JwaB2TvXNG\">pic.twitter.com\/JwaB2TvXNG<\/a><\/p>\n<p>\u2014 Senadores de TOD\u2600\ufe0fS (@Senadores_Todos) <a href=\"https:\/\/twitter.com\/Senadores_Todos\/status\/1590098614675599360?ref_src=twsrc%5Etfw\">November 8, 2022<\/a><\/p><\/blockquote>\n<h2 class>Qu\u00e9 dice el fallo de la Corte<\/h2>\n<p>La Corte Suprema de Justicia revoc\u00f3 el decreto parlamentario que design\u00f3 al senador del Frente de Todos Mart\u00edn Do\u00f1ate como representante por la segunda minor\u00eda en el Consejo de la Magistratura por entender que esa banca correspond\u00eda al representante del PRO, Luis Juez.<\/p>\n<p>Para el tribunal, \u00abresulta indiscutido que al momento de la notificaci\u00f3n de la sentencia del 16 de diciembre -y a\u00fan despu\u00e9s del vencimiento de los 120 d\u00edas dispuestos para su implementaci\u00f3n- la segunda minor\u00eda a los efectos de la conformaci\u00f3n del Consejo de la Magistratura era el Frente Pro\u00bb.<\/p>\n<p><strong>La resoluci\u00f3n lleva la firma de los jueces Horacio Rosatti, Carlos Rosenkrantz y Juan Carlos Maqueda.<\/strong><\/p>\n<p>La Corte Suprema se refiri\u00f3 as\u00ed a la sentencia de diciembre pasado que <strong>declar\u00f3 inconstitucional la conformaci\u00f3n de trece miembros del Consejo y la elev\u00f3 a veinte,<\/strong> con lo cual oblig\u00f3 a ambas c\u00e1maras a designar nuevos representantes.<\/p>\n<p>Seg\u00fan los antecedentes citados en el fallo, al momento de la sentencia, la segunda minor\u00eda correspond\u00eda al bloque Frente PRO, con nueve senadores, que propuso al senador Luis Juez como consejero.<\/p>\n<p>El bloque opositor comunic\u00f3 su postulante a la presidencia del Senado el 13 de abril, pero cinco d\u00edas despu\u00e9s la primera minor\u00eda, <strong>el Frente de Todos, defini\u00f3 dividir su bloque y reclamar as\u00ed la designaci\u00f3n del consejero.<\/strong><\/p>\n<p>Para la Corte, esta decisi\u00f3n del Frente de Todos \u00abdesconoce el principio de buena fe, cardinal en las relaciones jur\u00eddicas\u00bb, seg\u00fan la resoluci\u00f3n conocida hoy. <\/p>\n","protected":false},"excerpt":{"rendered":"<p>FdT: \u00abLa Corte no puede decidir ni intervenir en la conformaci\u00f3n de los bloques dentro del Senado\u00bb. El interbloque de senadores nacionales del Frente de Todos (FdT) calific\u00f3 como \u00abpol\u00edtico\u00bb e \u00abinaplicable\u00bb el fallo emitido por la Corte Suprema de Justicia de la Naci\u00f3n que revoca el decreto parlamentario que dividi\u00f3 el bloque oficialista para [&hellip;]<\/p>\n","protected":false},"author":1,"featured_media":51074,"comment_status":"open","ping_status":"closed","sticky":false,"template":"","format":"standard","meta":[],"categories":[19],"tags":[],"_links":{"self":[{"href":"http:\/\/hoycordobaweb.com\/index.php\/wp-json\/wp\/v2\/posts\/51073"}],"collection":[{"href":"http:\/\/hoycordobaweb.com\/index.php\/wp-json\/wp\/v2\/posts"}],"about":[{"href":"http:\/\/hoycordobaweb.com\/index.php\/wp-json\/wp\/v2\/types\/post"}],"author":[{"embeddable":true,"href":"http:\/\/hoycordobaweb.com\/index.php\/wp-json\/wp\/v2\/users\/1"}],"replies":[{"embeddable":true,"href":"http:\/\/hoycordobaweb.com\/index.php\/wp-json\/wp\/v2\/comments?post=51073"}],"version-history":[{"count":0,"href":"http:\/\/hoycordobaweb.com\/index.php\/wp-json\/wp\/v2\/posts\/51073\/revisions"}],"wp:featuredmedia":[{"embeddable":true,"href":"http:\/\/hoycordobaweb.com\/index.php\/wp-json\/wp\/v2\/media\/51074"}],"wp:attachment":[{"href":"http:\/\/hoycordobaweb.com\/index.php\/wp-json\/wp\/v2\/media?parent=51073"}],"wp:term":[{"taxonomy":"category","embeddable":true,"href":"http:\/\/hoycordobaweb.com\/index.php\/wp-json\/wp\/v2\/categories?post=51073"},{"taxonomy":"post_tag","embeddable":true,"href":"http:\/\/hoycordobaweb.com\/index.php\/wp-json\/wp\/v2\/tags?post=51073"}],"curies":[{"name":"wp","href":"https:\/\/api.w.org\/{rel}","templated":true}]}}