{"id":51044,"date":"2022-11-08T10:24:00","date_gmt":"2022-11-08T10:24:00","guid":{"rendered":"https:\/\/fm-comunicar.com.ar\/contenido\/19773\/inauguraron-la-ampliacion-del-jardin-de-infantes-de-estacion-caroya"},"modified":"2022-11-08T10:24:00","modified_gmt":"2022-11-08T10:24:00","slug":"inauguraron-la-ampliacion-del-jardin-de-infantes-de-estacion-caroya","status":"publish","type":"post","link":"http:\/\/hoycordobaweb.com\/index.php\/2022\/11\/08\/inauguraron-la-ampliacion-del-jardin-de-infantes-de-estacion-caroya\/","title":{"rendered":"Inauguraron la ampliaci\u00f3n del Jard\u00edn de Infantes de Estaci\u00f3n Caroya"},"content":{"rendered":"<p>Ahora la instituci\u00f3n cuenta con un sal\u00f3n de usos m\u00faltiples y un nuevo hall de ingreso. Adem\u00e1s se hicieron tareas de pintura y mantenimiento. La obra fue financiada por aportes municipales y provinciales.<img src=\"http:\/\/hoycordobaweb.com\/wp-content\/uploads\/2022\/11\/inauguraron-la-ampliacion-del-jardin-de-infantes-de-estacion-caroya.jpg\"><\/p>\n","protected":false},"excerpt":{"rendered":"<p>Ahora la instituci\u00f3n cuenta con un sal\u00f3n de usos m\u00faltiples y un nuevo hall de ingreso. Adem\u00e1s se hicieron tareas de pintura y mantenimiento. La obra fue financiada por aportes municipales y provinciales.<\/p>\n","protected":false},"author":1,"featured_media":51045,"comment_status":"closed","ping_status":"closed","sticky":false,"template":"","format":"standard","meta":[],"categories":[18],"tags":[],"_links":{"self":[{"href":"http:\/\/hoycordobaweb.com\/index.php\/wp-json\/wp\/v2\/posts\/51044"}],"collection":[{"href":"http:\/\/hoycordobaweb.com\/index.php\/wp-json\/wp\/v2\/posts"}],"about":[{"href":"http:\/\/hoycordobaweb.com\/index.php\/wp-json\/wp\/v2\/types\/post"}],"author":[{"embeddable":true,"href":"http:\/\/hoycordobaweb.com\/index.php\/wp-json\/wp\/v2\/users\/1"}],"replies":[{"embeddable":true,"href":"http:\/\/hoycordobaweb.com\/index.php\/wp-json\/wp\/v2\/comments?post=51044"}],"version-history":[{"count":0,"href":"http:\/\/hoycordobaweb.com\/index.php\/wp-json\/wp\/v2\/posts\/51044\/revisions"}],"wp:featuredmedia":[{"embeddable":true,"href":"http:\/\/hoycordobaweb.com\/index.php\/wp-json\/wp\/v2\/media\/51045"}],"wp:attachment":[{"href":"http:\/\/hoycordobaweb.com\/index.php\/wp-json\/wp\/v2\/media?parent=51044"}],"wp:term":[{"taxonomy":"category","embeddable":true,"href":"http:\/\/hoycordobaweb.com\/index.php\/wp-json\/wp\/v2\/categories?post=51044"},{"taxonomy":"post_tag","embeddable":true,"href":"http:\/\/hoycordobaweb.com\/index.php\/wp-json\/wp\/v2\/tags?post=51044"}],"curies":[{"name":"wp","href":"https:\/\/api.w.org\/{rel}","templated":true}]}}