{"id":51029,"date":"2022-11-07T20:15:39","date_gmt":"2022-11-07T20:15:39","guid":{"rendered":"https:\/\/www.trendencias.com\/zapatos-mujer\/botines-negros-merkal-compra-que-te-salvara-invierno"},"modified":"2022-11-07T20:15:39","modified_gmt":"2022-11-07T20:15:39","slug":"los-botines-negros-de-merkal-la-compra-que-te-salvara-el-invierno","status":"publish","type":"post","link":"http:\/\/hoycordobaweb.com\/index.php\/2022\/11\/07\/los-botines-negros-de-merkal-la-compra-que-te-salvara-el-invierno\/","title":{"rendered":"Los botines negros de Merkal: la compra que te salvar\u00e1 el invierno"},"content":{"rendered":"<p>Con la llegada del fr\u00edo, es el momento, por fin, de sacar a pasear las botas y botines. Y nuestros mejores aliados son los botines negros, lo m\u00e1s vers\u00e1tiles y los que combinan con absolutamente todo.<\/p>\n<p><!-- BREAK 1 --><\/p>\n<p><strong>Los botines negros<\/strong> son un <a href=\"https:\/\/www.trendencias.com\/zapatos-mujer\/19-botas-botines-negros-rebajas-basico-para-siempre-que-merece-pena-invertir\">imprescindible de nuestro armario, <\/a>un b\u00e1sico que todos tenemos o tendr\u00edamos que tener en nuestro armario. Modelos muy f\u00e1ciles de combinar y perfectos para salvarnos cualquiera de nuestros<em> outfits<\/em> diarios, tanto de d\u00eda como de noche. Una de las apuestas m\u00e1s necesarias y f\u00e1ciles de lucir, por eso est\u00e1n disponibles en todas las versiones posibles.<\/p>\n<p><!-- BREAK 2 --> <\/p>\n<div class=\"article-asset article-asset-normal article-asset-center\">\n<div class=\"desvio-container\">\n<div class=\"desvio\">\n<div class=\"desvio-figure js-desvio-figure\"> <a href=\"https:\/\/www.trendencias.com\/shopping\/merkal-descuento-extra-botas-altas-tacon-versatiles-todo-su-catalogo\"> <img alt=\"Merkal y el descuento extra en las botas altas con tac\u00f3n m\u00e1s vers\u00e1tiles de todo su cat\u00e1logo \" src=\"http:\/\/hoycordobaweb.com\/wp-content\/uploads\/2022\/11\/los-botines-negros-de-merkal-la-compra-que-te-salvara-el-invierno.jpg\"> <\/a> <\/div><\/div><\/div>\n<\/div>\n<div class=\"article-asset-image article-asset-normal article-asset-center\">\n<div class=\"asset-content\">\n<div class=\"base-wrapper-image\"> <img class=\"sf-lazy centro_sinmarco\" data-sf-srcset=\"http:\/\/hoycordobaweb.com\/wp-content\/uploads\/2022\/11\/los-botines-negros-de-merkal-la-compra-que-te-salvara-el-invierno-1.jpg 450w, http:\/\/hoycordobaweb.com\/wp-content\/uploads\/2022\/11\/los-botines-negros-de-merkal-la-compra-que-te-salvara-el-invierno-4.jpg 681w,http:\/\/hoycordobaweb.com\/wp-content\/uploads\/2022\/11\/los-botines-negros-de-merkal-la-compra-que-te-salvara-el-invierno-5.jpg 1024w, http:\/\/hoycordobaweb.com\/wp-content\/uploads\/2022\/11\/los-botines-negros-de-merkal-la-compra-que-te-salvara-el-invierno-6.jpg 1366w,\" data-sf-src=\"http:\/\/hoycordobaweb.com\/wp-content\/uploads\/2022\/11\/los-botines-negros-de-merkal-la-compra-que-te-salvara-el-invierno-1.jpg\" alt=\"Botines Negros\"> <noscript><img alt=\"Botines Negros\" class=\"centro_sinmarco\" src=\"http:\/\/hoycordobaweb.com\/wp-content\/uploads\/2022\/11\/los-botines-negros-de-merkal-la-compra-que-te-salvara-el-invierno-1.jpg\"><\/noscript> <\/div><\/div>\n<\/div>\n<p>En <a href=\"https:\/\/www.trendencias.com\/tag\/merkal\">Merkal<\/a> encontramos todos los dise\u00f1os de moda. Los botines de la temporada son de <a href=\"https:\/\/www.trendencias.com\/propuestas-y-consejos\/botines-cowboy-piel-bonitos-esta-temporada-estan-super-rebajas-mango-outlet-cuestan-50-euros\">estilo <em>cowboy, <\/em><\/a>una tendencia que sigue entre nuestros<em> looks, <\/em>y que se mezclan con otros modelos de corte cl\u00e1sico y tac\u00f3n alto para las amantes de los tacones de v\u00e9rtigo, de estilo militar, los tipo <em>chelsea<\/em> y botines <em>track.<\/em> <strong>Modelos que vamos a ver sin parar en el<\/strong><em><strong> street-style<\/strong><\/em><strong>.<\/strong><\/p>\n<p><!-- BREAK 3 --><\/p>\n<div class=\"article-asset article-asset-normal article-asset-center\">\n<div class=\"desvio-container\">\n<div class=\"desvio\">\n<div class=\"desvio-figure js-desvio-figure\"> <a href=\"https:\/\/www.trendencias.com\/shopping\/merkal-tiene-botines-todoterreno-para-otono-chelsea-engomados-estan-tres-colores-distintos\"> <img alt=\"Merkal tiene los botines todoterreno para el oto\u00f1o: son chelsea, engomados y est\u00e1n en tres colores distintos\" src=\"http:\/\/hoycordobaweb.com\/wp-content\/uploads\/2022\/11\/los-botines-negros-de-merkal-la-compra-que-te-salvara-el-invierno-2.jpg\"> <\/a> <\/div><\/div><\/div>\n<\/div>\n<div class=\"article-asset-image article-asset-normal article-asset-center\">\n<div class=\"asset-content\">\n<div class=\"base-wrapper-image\"> <img class=\"sf-lazy centro_sinmarco\" data-sf-srcset=\"http:\/\/hoycordobaweb.com\/wp-content\/uploads\/2022\/11\/los-botines-negros-de-merkal-la-compra-que-te-salvara-el-invierno.png 450w, http:\/\/hoycordobaweb.com\/wp-content\/uploads\/2022\/11\/los-botines-negros-de-merkal-la-compra-que-te-salvara-el-invierno-12.png 681w,http:\/\/hoycordobaweb.com\/wp-content\/uploads\/2022\/11\/los-botines-negros-de-merkal-la-compra-que-te-salvara-el-invierno-13.png 1024w, http:\/\/hoycordobaweb.com\/wp-content\/uploads\/2022\/11\/los-botines-negros-de-merkal-la-compra-que-te-salvara-el-invierno-14.png 1366w,\" data-sf-src=\"http:\/\/hoycordobaweb.com\/wp-content\/uploads\/2022\/11\/los-botines-negros-de-merkal-la-compra-que-te-salvara-el-invierno.png\" alt=\"botines negros\"> <noscript><img alt=\"botines negros\" class=\"centro_sinmarco\" src=\"http:\/\/hoycordobaweb.com\/wp-content\/uploads\/2022\/11\/los-botines-negros-de-merkal-la-compra-que-te-salvara-el-invierno.png\"><\/noscript> <\/div><\/div>\n<\/div>\n<p>Botines de piel negro de tac\u00f3n alto con detalle de hebilla y plataforma de goma.<\/p>\n<p><!-- PIVOT START --><\/p>\n<div class=\"pivot-ecommerce-container\">\n<div class=\"pivot-ecommerce\" readability=\"3.4615384615385\">\n<div class=\"pivot-ecommerce-figure\"> <a href=\"https:\/\/www.trendencias.com\/redirect?url=https%3A%2F%2Fwww.merkal.com%2Fbotin-chelsea-pieza-piccola-piu&amp;category=zapatos-mujer&amp;pivot=1\"> <img alt=\"Bot\u00edn chelsea de tac\u00f3n alto\" src=\"http:\/\/hoycordobaweb.com\/wp-content\/uploads\/2022\/11\/los-botines-negros-de-merkal-la-compra-que-te-salvara-el-invierno-1.png\"> <\/a> <\/div>\n<div class=\"pivot-ecommerce-summary\" readability=\"4.0384615384615\">\n<p class=\"pivot-ecommerce-desc\">Bot\u00edn chelsea de tac\u00f3n alto<\/p>\n<\/p><\/div><\/div>\n<\/div>\n<p><!-- PIVOT END --><\/p>\n<div class=\"article-asset-image article-asset-normal article-asset-center\">\n<div class=\"asset-content\">\n<div class=\"base-wrapper-image\"> <img class=\"sf-lazy centro_sinmarco\" data-sf-srcset=\"http:\/\/hoycordobaweb.com\/wp-content\/uploads\/2022\/11\/los-botines-negros-de-merkal-la-compra-que-te-salvara-el-invierno-2.png 450w, http:\/\/hoycordobaweb.com\/wp-content\/uploads\/2022\/11\/los-botines-negros-de-merkal-la-compra-que-te-salvara-el-invierno-15.png 681w,http:\/\/hoycordobaweb.com\/wp-content\/uploads\/2022\/11\/los-botines-negros-de-merkal-la-compra-que-te-salvara-el-invierno-16.png 1024w, http:\/\/hoycordobaweb.com\/wp-content\/uploads\/2022\/11\/los-botines-negros-de-merkal-la-compra-que-te-salvara-el-invierno-17.png 1366w,\" data-sf-src=\"http:\/\/hoycordobaweb.com\/wp-content\/uploads\/2022\/11\/los-botines-negros-de-merkal-la-compra-que-te-salvara-el-invierno-2.png\" alt=\"botines negros\"> <noscript><img alt=\"botines negros\" class=\"centro_sinmarco\" src=\"http:\/\/hoycordobaweb.com\/wp-content\/uploads\/2022\/11\/los-botines-negros-de-merkal-la-compra-que-te-salvara-el-invierno-2.png\"><\/noscript> <\/div><\/div>\n<\/div>\n<p>Botines chelsea de suela track de piel negra y detalle de goma lateral.<\/p>\n<p><!-- PIVOT START --><\/p>\n<div class=\"pivot-ecommerce-container\">\n<div class=\"pivot-ecommerce\" readability=\"4.24\">\n<div class=\"pivot-ecommerce-figure\"> <a href=\"https:\/\/www.trendencias.com\/redirect?url=https%3A%2F%2Fwww.merkal.com%2Fbotin-chelsea-bajo-nyc&amp;category=zapatos-mujer&amp;pivot=1\"> <img alt=\"Bot\u00edn chelsea con suela dentada con tac\u00f3n de 5 cm.\" src=\"http:\/\/hoycordobaweb.com\/wp-content\/uploads\/2022\/11\/los-botines-negros-de-merkal-la-compra-que-te-salvara-el-invierno-3.png\"> <\/a> <\/div>\n<div class=\"pivot-ecommerce-summary\" readability=\"4.9466666666667\">\n<p class=\"pivot-ecommerce-desc\">Bot\u00edn chelsea con suela dentada con tac\u00f3n de 5 cm.<\/p>\n<\/p><\/div><\/div>\n<\/div>\n<p><!-- PIVOT END --><\/p>\n<div class=\"article-asset-image article-asset-normal article-asset-center\">\n<div class=\"asset-content\">\n<div class=\"base-wrapper-image\"> <img class=\"sf-lazy centro_sinmarco\" data-sf-srcset=\"http:\/\/hoycordobaweb.com\/wp-content\/uploads\/2022\/11\/los-botines-negros-de-merkal-la-compra-que-te-salvara-el-invierno-4.png 450w, http:\/\/hoycordobaweb.com\/wp-content\/uploads\/2022\/11\/los-botines-negros-de-merkal-la-compra-que-te-salvara-el-invierno-18.png 681w,http:\/\/hoycordobaweb.com\/wp-content\/uploads\/2022\/11\/los-botines-negros-de-merkal-la-compra-que-te-salvara-el-invierno-19.png 1024w, http:\/\/hoycordobaweb.com\/wp-content\/uploads\/2022\/11\/los-botines-negros-de-merkal-la-compra-que-te-salvara-el-invierno-20.png 1366w,\" data-sf-src=\"http:\/\/hoycordobaweb.com\/wp-content\/uploads\/2022\/11\/los-botines-negros-de-merkal-la-compra-que-te-salvara-el-invierno-4.png\" alt=\"botines negros\"> <noscript><img alt=\"botines negros\" class=\"centro_sinmarco\" src=\"http:\/\/hoycordobaweb.com\/wp-content\/uploads\/2022\/11\/los-botines-negros-de-merkal-la-compra-que-te-salvara-el-invierno-4.png\"><\/noscript> <\/div><\/div>\n<\/div>\n<p>Botines de ante negros de estilo <em>cowboy <\/em>con detalles de pespuntes al tono.<\/p>\n<p><!-- PIVOT START --><\/p>\n<div class=\"pivot-ecommerce-container\">\n<div class=\"pivot-ecommerce\" readability=\"4.68\">\n<div class=\"pivot-ecommerce-figure\"> <a href=\"https:\/\/www.trendencias.com\/redirect?url=https%3A%2F%2Fwww.merkal.com%2Fbotin-campero-piccola-piu&amp;category=zapatos-mujer&amp;pivot=1\"> <img alt=\"Botines camperos con cierre con cremallera lateral y tac\u00f3n ancho no muy alto\" src=\"http:\/\/hoycordobaweb.com\/wp-content\/uploads\/2022\/11\/los-botines-negros-de-merkal-la-compra-que-te-salvara-el-invierno-5.png\"> <\/a> <\/div>\n<div class=\"pivot-ecommerce-summary\" readability=\"5.46\">\n<p class=\"pivot-ecommerce-desc\">Botines camperos con cierre con cremallera lateral y tac\u00f3n ancho no muy alto<\/p>\n<\/p><\/div><\/div>\n<\/div>\n<p><!-- PIVOT END --><\/p>\n<div class=\"article-asset-image article-asset-normal article-asset-center\">\n<div class=\"asset-content\">\n<div class=\"base-wrapper-image\"> <img class=\"sf-lazy centro_sinmarco\" data-sf-srcset=\"http:\/\/hoycordobaweb.com\/wp-content\/uploads\/2022\/11\/los-botines-negros-de-merkal-la-compra-que-te-salvara-el-invierno-6.png 450w, http:\/\/hoycordobaweb.com\/wp-content\/uploads\/2022\/11\/los-botines-negros-de-merkal-la-compra-que-te-salvara-el-invierno-21.png 681w,http:\/\/hoycordobaweb.com\/wp-content\/uploads\/2022\/11\/los-botines-negros-de-merkal-la-compra-que-te-salvara-el-invierno-22.png 1024w, http:\/\/hoycordobaweb.com\/wp-content\/uploads\/2022\/11\/los-botines-negros-de-merkal-la-compra-que-te-salvara-el-invierno-23.png 1366w,\" data-sf-src=\"http:\/\/hoycordobaweb.com\/wp-content\/uploads\/2022\/11\/los-botines-negros-de-merkal-la-compra-que-te-salvara-el-invierno-6.png\" alt=\"botines negros\"> <noscript><img alt=\"botines negros\" class=\"centro_sinmarco\" src=\"http:\/\/hoycordobaweb.com\/wp-content\/uploads\/2022\/11\/los-botines-negros-de-merkal-la-compra-que-te-salvara-el-invierno-6.png\"><\/noscript> <\/div><\/div>\n<\/div>\n<p>Botines de piel negra de ca\u00f1a alta con tac\u00f3n ancho de madera y plataforma delantera de madera.<\/p>\n<p><!-- PIVOT START --><\/p>\n<div class=\"pivot-ecommerce-container\">\n<div class=\"pivot-ecommerce\">\n<div class=\"pivot-ecommerce-figure\"> <a href=\"https:\/\/www.trendencias.com\/redirect?url=https%3A%2F%2Fwww.merkal.com%2Fbotin-plataforma-natural-piccola-piu&amp;category=zapatos-mujer&amp;pivot=1\"> <img alt=\"Botines con plataforma\" src=\"http:\/\/hoycordobaweb.com\/wp-content\/uploads\/2022\/11\/los-botines-negros-de-merkal-la-compra-que-te-salvara-el-invierno-7.png\"> <\/a> <\/div>\n<div class=\"pivot-ecommerce-summary\">\n<p class=\"pivot-ecommerce-desc\">Botines con plataforma<\/p>\n<\/p><\/div><\/div>\n<\/div>\n<p><!-- PIVOT END --><\/p>\n<div class=\"article-asset-image article-asset-normal article-asset-center\">\n<div class=\"asset-content\">\n<div class=\"base-wrapper-image\"> <img class=\"sf-lazy centro_sinmarco\" data-sf-srcset=\"http:\/\/hoycordobaweb.com\/wp-content\/uploads\/2022\/11\/los-botines-negros-de-merkal-la-compra-que-te-salvara-el-invierno-8.png 450w, http:\/\/hoycordobaweb.com\/wp-content\/uploads\/2022\/11\/los-botines-negros-de-merkal-la-compra-que-te-salvara-el-invierno-24.png 681w,http:\/\/hoycordobaweb.com\/wp-content\/uploads\/2022\/11\/los-botines-negros-de-merkal-la-compra-que-te-salvara-el-invierno-25.png 1024w, http:\/\/hoycordobaweb.com\/wp-content\/uploads\/2022\/11\/los-botines-negros-de-merkal-la-compra-que-te-salvara-el-invierno-26.png 1366w,\" data-sf-src=\"http:\/\/hoycordobaweb.com\/wp-content\/uploads\/2022\/11\/los-botines-negros-de-merkal-la-compra-que-te-salvara-el-invierno-8.png\" alt=\"botines negros\"> <noscript><img alt=\"botines negros\" class=\"centro_sinmarco\" src=\"http:\/\/hoycordobaweb.com\/wp-content\/uploads\/2022\/11\/los-botines-negros-de-merkal-la-compra-que-te-salvara-el-invierno-8.png\"><\/noscript> <\/div><\/div>\n<\/div>\n<p>Botines de estilo militar de cordones negros con tac\u00f3n ancho de goma y suela dentada.<\/p>\n<p><!-- PIVOT START --><\/p>\n<div class=\"pivot-ecommerce-container\">\n<div class=\"pivot-ecommerce\" readability=\"3.5094339622642\">\n<div class=\"pivot-ecommerce-figure\"> <a href=\"https:\/\/www.trendencias.com\/redirect?url=https%3A%2F%2Fwww.merkal.com%2Fbotin-acordonado-tacon-track-nyc&amp;category=zapatos-mujer&amp;pivot=1\"> <img alt=\"Bot\u00edn acordonado tac\u00f3n track\" src=\"http:\/\/hoycordobaweb.com\/wp-content\/uploads\/2022\/11\/los-botines-negros-de-merkal-la-compra-que-te-salvara-el-invierno-9.png\"> <\/a> <\/div>\n<div class=\"pivot-ecommerce-summary\" readability=\"4.0943396226415\">\n<p class=\"pivot-ecommerce-desc\">Bot\u00edn acordonado tac\u00f3n track<\/p>\n<\/p><\/div><\/div>\n<\/div>\n<p><!-- PIVOT END --><\/p>\n<div class=\"article-asset-image article-asset-normal article-asset-center\">\n<div class=\"asset-content\">\n<div class=\"base-wrapper-image\"> <img class=\"sf-lazy centro_sinmarco\" data-sf-srcset=\"http:\/\/hoycordobaweb.com\/wp-content\/uploads\/2022\/11\/los-botines-negros-de-merkal-la-compra-que-te-salvara-el-invierno-10.png 450w, http:\/\/hoycordobaweb.com\/wp-content\/uploads\/2022\/11\/los-botines-negros-de-merkal-la-compra-que-te-salvara-el-invierno-27.png 681w,http:\/\/hoycordobaweb.com\/wp-content\/uploads\/2022\/11\/los-botines-negros-de-merkal-la-compra-que-te-salvara-el-invierno-28.png 1024w, http:\/\/hoycordobaweb.com\/wp-content\/uploads\/2022\/11\/los-botines-negros-de-merkal-la-compra-que-te-salvara-el-invierno-29.png 1366w,\" data-sf-src=\"http:\/\/hoycordobaweb.com\/wp-content\/uploads\/2022\/11\/los-botines-negros-de-merkal-la-compra-que-te-salvara-el-invierno-10.png\" alt=\"botines negros\"> <noscript><img alt=\"botines negros\" class=\"centro_sinmarco\" src=\"http:\/\/hoycordobaweb.com\/wp-content\/uploads\/2022\/11\/los-botines-negros-de-merkal-la-compra-que-te-salvara-el-invierno-10.png\"><\/noscript> <\/div><\/div>\n<\/div>\n<p>Botines <em>chelsea <\/em>de piel en color negro liso c\u00f3modas y f\u00e1ciles de combinar todo.<\/p>\n<p><!-- PIVOT START --><\/p>\n<div class=\"pivot-ecommerce-container\">\n<div class=\"pivot-ecommerce\" readability=\"3.5094339622642\">\n<div class=\"pivot-ecommerce-figure\"> <a href=\"https:\/\/www.trendencias.com\/redirect?url=https%3A%2F%2Fwww.merkal.com%2Fbotin-chelsea-piel-elasticos-fosco&amp;category=zapatos-mujer&amp;pivot=1\"> <img alt=\"Bot\u00edn chelsea piel el\u00e1sticos\" src=\"http:\/\/hoycordobaweb.com\/wp-content\/uploads\/2022\/11\/los-botines-negros-de-merkal-la-compra-que-te-salvara-el-invierno-11.png\"> <\/a> <\/div>\n<div class=\"pivot-ecommerce-summary\" readability=\"4.0943396226415\">\n<p class=\"pivot-ecommerce-desc\">Bot\u00edn chelsea piel el\u00e1sticos<\/p>\n<\/p><\/div><\/div>\n<\/div>\n<p><!-- PIVOT END --><\/p>\n<p><em>Nota: algunos de los enlaces de este art\u00edculo son afiliados y pueden reportar un beneficio a Trendencias.<\/em><\/p>\n<p><!-- BREAK 4 --><\/p>\n<p>En Trendencias | <a href=\"https:\/\/www.trendencias.com\/propuestas-y-consejos\/como-funciona-vestiare-collective-trucos-para-sacarle-todo-partido-que-opinan-que-han-probado\" rel=\"noopener noreferrer\" data-id=\"noopener noreferrer\">C\u00f3mo funciona Vestiare Collective, trucos para sacarle todo el partido y qu\u00e9 opinan los que lo han probado<\/a><\/p>\n<p><!-- BREAK 5 --><\/p>\n<p>Fotos | Merkal<\/p>\n","protected":false},"excerpt":{"rendered":"<p>Con la llegada del fr\u00edo, es el momento, por fin, de sacar a pasear las botas y botines. Y nuestros mejores aliados son los botines negros, lo m\u00e1s vers\u00e1tiles y los que combinan con absolutamente todo. Los botines negros son un imprescindible de nuestro armario, un b\u00e1sico que todos tenemos o tendr\u00edamos que tener en [&hellip;]<\/p>\n","protected":false},"author":1,"featured_media":51030,"comment_status":"closed","ping_status":"closed","sticky":false,"template":"","format":"standard","meta":[],"categories":[1],"tags":[],"_links":{"self":[{"href":"http:\/\/hoycordobaweb.com\/index.php\/wp-json\/wp\/v2\/posts\/51029"}],"collection":[{"href":"http:\/\/hoycordobaweb.com\/index.php\/wp-json\/wp\/v2\/posts"}],"about":[{"href":"http:\/\/hoycordobaweb.com\/index.php\/wp-json\/wp\/v2\/types\/post"}],"author":[{"embeddable":true,"href":"http:\/\/hoycordobaweb.com\/index.php\/wp-json\/wp\/v2\/users\/1"}],"replies":[{"embeddable":true,"href":"http:\/\/hoycordobaweb.com\/index.php\/wp-json\/wp\/v2\/comments?post=51029"}],"version-history":[{"count":0,"href":"http:\/\/hoycordobaweb.com\/index.php\/wp-json\/wp\/v2\/posts\/51029\/revisions"}],"wp:featuredmedia":[{"embeddable":true,"href":"http:\/\/hoycordobaweb.com\/index.php\/wp-json\/wp\/v2\/media\/51030"}],"wp:attachment":[{"href":"http:\/\/hoycordobaweb.com\/index.php\/wp-json\/wp\/v2\/media?parent=51029"}],"wp:term":[{"taxonomy":"category","embeddable":true,"href":"http:\/\/hoycordobaweb.com\/index.php\/wp-json\/wp\/v2\/categories?post=51029"},{"taxonomy":"post_tag","embeddable":true,"href":"http:\/\/hoycordobaweb.com\/index.php\/wp-json\/wp\/v2\/tags?post=51029"}],"curies":[{"name":"wp","href":"https:\/\/api.w.org\/{rel}","templated":true}]}}