{"id":51013,"date":"2022-11-07T21:13:00","date_gmt":"2022-11-07T21:13:00","guid":{"rendered":"http:\/\/hoycordobaweb.com\/index.php\/2022\/11\/07\/guterres-abrio-la-cumbre-del-clima-con-un-llamado-a-evitar-un-suicidio-colectivo\/"},"modified":"2022-11-07T21:13:00","modified_gmt":"2022-11-07T21:13:00","slug":"guterres-abrio-la-cumbre-del-clima-con-un-llamado-a-evitar-un-suicidio-colectivo","status":"publish","type":"post","link":"http:\/\/hoycordobaweb.com\/index.php\/2022\/11\/07\/guterres-abrio-la-cumbre-del-clima-con-un-llamado-a-evitar-un-suicidio-colectivo\/","title":{"rendered":"Guterres abri\u00f3 la cumbre del clima con un llamado a evitar un \u00absuicidio colectivo\u00bb"},"content":{"rendered":"<p><img src=\"http:\/\/hoycordobaweb.com\/wp-content\/uploads\/2022\/11\/guterres-abrio-la-cumbre-del-clima-con-un-llamado-a-evitar-un-suicidio-colectivo.jpg\"><\/p>\n<figure class=\"mb-3\"><img loading=\"lazy\" src=\"http:\/\/hoycordobaweb.com\/wp-content\/uploads\/2022\/11\/guterres-abrio-la-cumbre-del-clima-con-un-llamado-a-evitar-un-suicidio-colectivo-2.jpg\" width=\"100%\" height=\"100%\" alt=\"La cumbre COP27 se desarrolla este ao en Egipto Foto AFP\"><figcaption> La cumbre COP27 se desarrolla este a\u00f1o en Egipto. Foto AFP <\/figcaption><\/figure>\n<p><span open>Decenas de presidentes, primeros ministros y reyes, as\u00ed como miles de diplom\u00e1ticos, negociadores, empresarios, activistas y periodistas se congregaron en la ciudad egipcia de Sharm el Sheij, sobre el mar Rojo, para participar de las discusiones, que comenzaron el domingo y se extender\u00e1n hasta el 18 de noviembre.<\/span><\/p>\n<p><span open>\u00ab<strong>Vivimos una cat\u00e1strofe tras otra. El cambio clim\u00e1tico nunca se detendr\u00e1 si no intervenimos. Nuestro tiempo ac\u00e1 es limitado y debemos aprovechar cada segundo\u00bb, dijo el presidente egipcio, Abdel Fatah al Sisi, <\/strong>al inicio de las sesiones de la primera de jornadas dedicada a las intervenciones de los cerca de 120 l\u00edderes mundiales asistentes.<\/span><\/p>\n<p><span open>La Organizaci\u00f3n de las Naciones Unidas (ONU) present\u00f3 este lunes un plan de acci\u00f3n de m\u00e1s de 3.000 millones de d\u00f3lares para que entre 2023 y 2027 toda la poblaci\u00f3n mundial est\u00e9 protegida por un sistema de alerta temprana de desastres meteorol\u00f3gicos.<\/span><\/p>\n<p><span open><strong>\u00abLas comunidades vulnerables en las zonas sensibles se ven sorprendidas por una sucesi\u00f3n de desastres clim\u00e1ticos sin ning\u00fan medio de alerta preventiva\u00bb, afirm\u00f3 este lunes el secretario general de la ONU, Ant\u00f3nio Guterres<\/strong>, en la COP27 (Conferencia de las Naciones Unidas sobre el Cambio Clim\u00e1tico de 2022) en Egipto.<\/span><\/p>\n<p><span open><strong>Los 3.100 millones de d\u00f3lares del plan de acci\u00f3n deber\u00e1n cubrirse como parte del esperado aumento de la financiaci\u00f3n destinada a la adaptaci\u00f3n al cambio clim\u00e1tico<\/strong>, consign\u00f3 la agencia AFP.<\/span><\/p>\n<p><span open><strong>La humanidad se enfrenta a la disyuntiva de \u00abcooperar o morir\u00bb ante el calentamiento global,<\/strong> en una dram\u00e1tica exhortaci\u00f3n al inicio de la reuni\u00f3n de l\u00edderes mundiales de la conferencia COP27 sobre clima.<\/span><\/p>\n<p><span open>M\u00e1s temprano, <strong>Guterres conmin\u00f3 a los gobernantes a asumir sus compromisos o a \u00abmorir\u00bb por la inacci\u00f3n.<\/strong><\/span><\/p>\n<p><span open><strong>\u00abLa humanidad tiene una elecci\u00f3n: cooperar o morir. O un pacto por la solidaridad clim\u00e1tica, o un pacto por el suicidio colectivo\u00bb,<\/strong> afirm\u00f3 en su discurso.<\/span><\/p>\n<figure class=\"mb-3\"><img loading=\"lazy\" src=\"http:\/\/hoycordobaweb.com\/wp-content\/uploads\/2022\/11\/guterres-abrio-la-cumbre-del-clima-con-un-llamado-a-evitar-un-suicidio-colectivo-3.jpg\" width=\"100%\" height=\"100%\" alt=\"La ONU present un plan de alerta temprana por problemas climticos Foto AFP\"><figcaption> La ONU present\u00f3 un plan de alerta temprana por problemas clim\u00e1ticos. Foto: AFP <\/figcaption><\/figure>\n<p><br open><span open>El secretario general de la ONU evalu\u00f3 que, aun en medio de la guerra Ucrania-Rusia, \u201cy otro conflictos\u201d no puede aceptarse que \u00abla atenci\u00f3n no est\u00e9 en el cambio clim\u00e1tico, que tiene su propio calendario\u00bb.<\/span><\/p>\n<p><span open>La cumbre sirve como escenario para evaluar la marcha del compromiso adoptado por los pa\u00edses en la ic\u00f3nica COP21 celebrada en Francia en 2015, de reducir las emisiones de gases al nivel necesario para asegurar que el calentamiento global no supere los entre 1,5 y 2 grados cent\u00edgrados para fines de siglo respecto de los valores preindustriales.<\/span><\/p>\n<p><span open><strong>Expertos de la ONU ha advertido que, con los compromisos de reducci\u00f3n de emisiones actuales, la temperatura del plantea habr\u00e1 aumentado 2,8 grados para fines de siglo<\/strong>, muy por encima de lo estipulado en el Acuerdo de Par\u00eds y niveles que, seg\u00fan dicen, ser\u00edan catastr\u00f3ficos para la vida sobre la Tierra.<\/span><\/p>\n<p><span open>Seg\u00fan coment\u00f3 la ONU, la inversi\u00f3n de 3.000 millones es \u00abuna cantidad irrisoria teniendo en cuenta las ventajas\u00bb.<\/span><\/p>\n<p><span open>El dinero se destinar\u00e1 a cuatro \u00e1mbitos:<strong> mejor conocimiento de los riesgos; puesta en marcha de servicios de vigilancia y de alerta; refuerzo de la capacidad para actuar en el terreno; y transferencia de informaci\u00f3n sobre riesgos a todos aquellos que lo necesiten.<\/strong><\/span><\/p>\n<p><span open>\u00ab<strong>Las alertas tempranas salvan vidas y procuran grandes ventajas econ\u00f3micas<\/strong>. Basta se\u00f1alar la llegada de un fen\u00f3meno peligroso con 24 horas de adelanto para reducir un 30% los da\u00f1os consiguientes\u00bb, destac\u00f3 Petteri Taalas, secretario general de la Organizaci\u00f3n Meteorol\u00f3gica Mundial (OMM), que elabor\u00f3 este plan de acci\u00f3n.<\/span><\/p>\n<p><span open>De momento, menos de la mitad de los pa\u00edses menos desarrollados y s\u00f3lo un tercio de los peque\u00f1os estados insulares en desarrollo disponen de un sistema de alerta temprana, seg\u00fan un reciente informe de la OMM y de la Oficina para la Reducci\u00f3n de Riesgos de Cat\u00e1strofes de la ONU (UNDRR, por sus siglas en ingl\u00e9s).<\/span><\/p>\n<p><span open><strong>\u00abLas poblaciones de \u00c1frica, el sur de Asia, Am\u00e9rica Central y del Sur, y los habitantes de los peque\u00f1os estados insulares tienen 15 veces m\u00e1s riesgo de morir en una cat\u00e1strofe clim\u00e1tica\u00bb<\/strong>, a\u00f1adi\u00f3 Guterres.<\/span><\/p>\n<figure class=\"mb-3\"><img loading=\"lazy\" src=\"http:\/\/hoycordobaweb.com\/wp-content\/uploads\/2022\/11\/guterres-abrio-la-cumbre-del-clima-con-un-llamado-a-evitar-un-suicidio-colectivo-4.jpg\" width=\"100%\" height=\"100%\" alt=\"Petro critic las anteriores cumbres climticas Foto AFP\"><figcaption> Petro critic\u00f3 las anteriores cumbres clim\u00e1ticas. Foto: AFP <\/figcaption><\/figure>\n<p>A su turno,&nbsp;<span open>el presidente colombiano, Gustavo <strong>Petro, calific\u00f3de este lunes de \u00abfracaso\u00bb las conferencias sobre el cambio clim\u00e1tico celebradas hasta ahora, en un discurso en la COP27 de Egipto <\/strong>en el que expuso su proyecto de inversiones internacionales para preservar la selva amaz\u00f3nica.<\/span> <strong><span open>Petro plante\u00f3 el desmantelamiento del sistema de instituciones internacionales, el fin de los combustibles f\u00f3siles y la planificaci\u00f3n econ\u00f3mica \u00abpara salvar a la humanidad de estos tiempos de extinci\u00f3n\u00bb.<\/span><\/strong><\/p>\n<p><span open>El mandatario de izquierda sostuvo que \u00abel liderazgo pol\u00edtico desde la COP n\u00famero uno hasta la fecha ha fracasado en detener la causa de la crisis clim\u00e1tica\u00bb.<\/span><\/p>\n<p><span open><strong>\u00abEl liderazgo pol\u00edtico ha fracasado, b\u00e1sicamente porque superar la crisis clim\u00e1tica implica dejar de consumir petr\u00f3leo y carb\u00f3n\u00bb<\/strong> a\u00f1adi\u00f3 Petro ante un centenar de jefes de Gobierno y de Estado.<\/span><\/p>\n<p><span open>El gobernante consider\u00f3 que \u00abel mercado no es el mecanismo principal para superar la crisis clim\u00e1tica\u00bb.<\/span><\/p>\n<p><span open><strong>\u00abEs el mercado y la acumulaci\u00f3n de capital quien la produjo, y no ser\u00e1n jam\u00e1s su remedio. S\u00f3lo es la planificaci\u00f3n p\u00fablica y global multilateral la que permite pasar a una econom\u00eda descarbonizada mundial. La ONU debe ser el escenario de dicha planificaci\u00f3n\u00bb,<\/strong> ampli\u00f3.<\/span><\/p>\n<p><span open><strong>\u00abColombia otorgar\u00e1 200 millones de d\u00f3lares anualmente durante 20 a\u00f1os para salvar la selva amaz\u00f3nica<\/strong> en su territorio. Esperamos el aporte mundial\u00bb, anticip\u00f3.<\/span><\/p>\n<div readability=\"52.863157894737\"> <span readability=\"2.6379310344828\"><\/p>\n<blockquote class=\"twitter-tweet\" readability=\"7.9137931034483\">\n<p lang=\"es\" dir=\"ltr\">El esp\u00edritu de Ch\u00e1vez hoy est\u00e1 m\u00e1s vivo que nunca, en la 27\u00aa Conferencia sobre el Cambio Clim\u00e1tico. Es el momento de tomar acciones concretas en funci\u00f3n de salvaguardar, proteger y garantizar la continuidad de la vida humana y la diversidad natural en la tierra <a href=\"https:\/\/t.co\/xqMW35YQBO\">pic.twitter.com\/xqMW35YQBO<\/a><\/p>\n<p>\u2014 Nicol\u00e1s Maduro (@NicolasMaduro) <a href=\"https:\/\/twitter.com\/NicolasMaduro\/status\/1589635030854569987?ref_src=twsrc%5Etfw\">November 7, 2022<\/a><\/p><\/blockquote>\n<p> <\/span><\/p>\n<p><span open>El presidente de Venezuela, <strong>Nicol\u00e1s Maduro, indic\u00f3 este lunes que la Conferencia de las Naciones Unidas sobre el Cambio Clim\u00e1tico (COP27) que se desarrolla en Egipto permite buscar los mecanismos para afrontar la emergencia clim\u00e1tica que vive el mundo, tras participar en la ceremonia de apertura del evento.<\/strong><\/span><\/p>\n<p><span open><strong>\u00abHermosa ceremonia de apertura de la 27\u00aa Conferencia de las Partes de la Convenci\u00f3n Marco de las Naciones Unidas sobre el Cambio Clim\u00e1tico COP27.<\/strong> Un momento que nos permite buscar los mecanismos que contribuyan a enfrentar la emergencia clim\u00e1tica en el planeta\u00bb, detall\u00f3 el mandatario a trav\u00e9s de la red social Twitter.<\/span><\/p>\n<p><span open>Como parte de las actividades que se desarrollan en el encuentro, en la localidad tur\u00edstica de Sharm el-Sheij,<strong> el mandatario intervino en la discusi\u00f3n de la mesa de trabajo sobre seguridad alimentaria.<\/strong><\/span><\/p>\n<p><span open>El debate que se desarroll\u00f3 en el Centro Internacional de Convenciones se centr\u00f3 en establecer un frente com\u00fan de lucha contra el reto del cambio clim\u00e1tico que supone un desaf\u00edo no solo para la producci\u00f3n, sino para la transformaci\u00f3n, distribuci\u00f3n, consumo y disponibilidad de alimentos a escala global.<\/span><\/p>\n<p><span open><strong>El programa de la cumbre contempla mesas tem\u00e1ticas por d\u00eda, donde se abordar\u00e1n problemas de financiamiento<\/strong> que permita la articulaci\u00f3n del Acuerdo de Par\u00eds, ciencia, juventud y futuras generaciones, abandono de las emisiones de carbono, adaptaci\u00f3n y agricultura, g\u00e9nero, agua, sociedad civil, energ\u00eda, biodiversidad y soluciones.<\/span><\/p>\n<p><span open>En paralelo, Maduro se reuni\u00f3 con el primer ministro de Antigua y Barbuda, Gaston Browne, para evaluar los acuerdos y proyectos que sostienen ambas naciones.<\/span><\/p>\n<\/div>\n","protected":false},"excerpt":{"rendered":"<p>La cumbre COP27 se desarrolla este a\u00f1o en Egipto. Foto AFP Decenas de presidentes, primeros ministros y reyes, as\u00ed como miles de diplom\u00e1ticos, negociadores, empresarios, activistas y periodistas se congregaron en la ciudad egipcia de Sharm el Sheij, sobre el mar Rojo, para participar de las discusiones, que comenzaron el domingo y se extender\u00e1n hasta [&hellip;]<\/p>\n","protected":false},"author":1,"featured_media":51014,"comment_status":"open","ping_status":"closed","sticky":false,"template":"","format":"standard","meta":[],"categories":[24],"tags":[],"_links":{"self":[{"href":"http:\/\/hoycordobaweb.com\/index.php\/wp-json\/wp\/v2\/posts\/51013"}],"collection":[{"href":"http:\/\/hoycordobaweb.com\/index.php\/wp-json\/wp\/v2\/posts"}],"about":[{"href":"http:\/\/hoycordobaweb.com\/index.php\/wp-json\/wp\/v2\/types\/post"}],"author":[{"embeddable":true,"href":"http:\/\/hoycordobaweb.com\/index.php\/wp-json\/wp\/v2\/users\/1"}],"replies":[{"embeddable":true,"href":"http:\/\/hoycordobaweb.com\/index.php\/wp-json\/wp\/v2\/comments?post=51013"}],"version-history":[{"count":0,"href":"http:\/\/hoycordobaweb.com\/index.php\/wp-json\/wp\/v2\/posts\/51013\/revisions"}],"wp:featuredmedia":[{"embeddable":true,"href":"http:\/\/hoycordobaweb.com\/index.php\/wp-json\/wp\/v2\/media\/51014"}],"wp:attachment":[{"href":"http:\/\/hoycordobaweb.com\/index.php\/wp-json\/wp\/v2\/media?parent=51013"}],"wp:term":[{"taxonomy":"category","embeddable":true,"href":"http:\/\/hoycordobaweb.com\/index.php\/wp-json\/wp\/v2\/categories?post=51013"},{"taxonomy":"post_tag","embeddable":true,"href":"http:\/\/hoycordobaweb.com\/index.php\/wp-json\/wp\/v2\/tags?post=51013"}],"curies":[{"name":"wp","href":"https:\/\/api.w.org\/{rel}","templated":true}]}}