{"id":51006,"date":"2022-11-07T09:23:00","date_gmt":"2022-11-07T09:23:00","guid":{"rendered":"https:\/\/fm-comunicar.com.ar\/contenido\/19764\/como-es-la-ciudad-en-la-que-los-ninos-y-las-ninas-de-colonia-caroya-desean-vivir"},"modified":"2022-11-07T09:23:00","modified_gmt":"2022-11-07T09:23:00","slug":"como-es-la-ciudad-en-la-que-los-ninos-y-las-ninas-de-colonia-caroya-desean-vivir","status":"publish","type":"post","link":"http:\/\/hoycordobaweb.com\/index.php\/2022\/11\/07\/como-es-la-ciudad-en-la-que-los-ninos-y-las-ninas-de-colonia-caroya-desean-vivir\/","title":{"rendered":"\u00bfC\u00f3mo es la ciudad en la que los ni\u00f1os y las ni\u00f1as de Colonia Caroya desean vivir?"},"content":{"rendered":"<p>En el marco del trabajo que se hizo en escuelas primarias de la ciudad, los alumnos armaron un dec\u00e1logo con h\u00e1bitos, acciones y sue\u00f1os.<img src=\"http:\/\/hoycordobaweb.com\/wp-content\/uploads\/2022\/11\/como-es-la-ciudad-en-la-que-los-ninos-y-las-ninas-de-colonia-caroya-desean-vivir.jpg\"><\/p>\n","protected":false},"excerpt":{"rendered":"<p>En el marco del trabajo que se hizo en escuelas primarias de la ciudad, los alumnos armaron un dec\u00e1logo con h\u00e1bitos, acciones y sue\u00f1os.<\/p>\n","protected":false},"author":1,"featured_media":51007,"comment_status":"closed","ping_status":"closed","sticky":false,"template":"","format":"standard","meta":[],"categories":[18],"tags":[],"_links":{"self":[{"href":"http:\/\/hoycordobaweb.com\/index.php\/wp-json\/wp\/v2\/posts\/51006"}],"collection":[{"href":"http:\/\/hoycordobaweb.com\/index.php\/wp-json\/wp\/v2\/posts"}],"about":[{"href":"http:\/\/hoycordobaweb.com\/index.php\/wp-json\/wp\/v2\/types\/post"}],"author":[{"embeddable":true,"href":"http:\/\/hoycordobaweb.com\/index.php\/wp-json\/wp\/v2\/users\/1"}],"replies":[{"embeddable":true,"href":"http:\/\/hoycordobaweb.com\/index.php\/wp-json\/wp\/v2\/comments?post=51006"}],"version-history":[{"count":0,"href":"http:\/\/hoycordobaweb.com\/index.php\/wp-json\/wp\/v2\/posts\/51006\/revisions"}],"wp:featuredmedia":[{"embeddable":true,"href":"http:\/\/hoycordobaweb.com\/index.php\/wp-json\/wp\/v2\/media\/51007"}],"wp:attachment":[{"href":"http:\/\/hoycordobaweb.com\/index.php\/wp-json\/wp\/v2\/media?parent=51006"}],"wp:term":[{"taxonomy":"category","embeddable":true,"href":"http:\/\/hoycordobaweb.com\/index.php\/wp-json\/wp\/v2\/categories?post=51006"},{"taxonomy":"post_tag","embeddable":true,"href":"http:\/\/hoycordobaweb.com\/index.php\/wp-json\/wp\/v2\/tags?post=51006"}],"curies":[{"name":"wp","href":"https:\/\/api.w.org\/{rel}","templated":true}]}}