{"id":50996,"date":"2022-10-31T11:22:42","date_gmt":"2022-10-31T11:22:42","guid":{"rendered":"https:\/\/fono.fcm.unc.edu.ar\/?p=9926"},"modified":"2022-10-31T11:22:42","modified_gmt":"2022-10-31T11:22:42","slug":"becas-de-estimulo-a-las-vocaciones-cientificas","status":"publish","type":"post","link":"http:\/\/hoycordobaweb.com\/index.php\/2022\/10\/31\/becas-de-estimulo-a-las-vocaciones-cientificas\/","title":{"rendered":"Becas de Est\u00edmulo a las Vocaciones Cient\u00edficas"},"content":{"rendered":"<h2 class=\"fusion-post-title\">Becas de Est\u00edmulo a las Vocaciones Cient\u00edficas<\/h2>\n<div class=\"post-content\" readability=\"46.313315926893\">\n<p><img loading=\"lazy\" class=\"alignright size-fusion-400 wp-image-9927\" src=\"https:\/\/fono.fcm.unc.edu.ar\/wp-content\/uploads\/sites\/14\/2022\/10\/EVC-CIN-becas_0-400x488.jpeg\" alt width=\"400\" height=\"488\" srcset=\"https:\/\/fono.fcm.unc.edu.ar\/wp-content\/uploads\/sites\/14\/2022\/10\/EVC-CIN-becas_0-200x244.jpeg 200w, https:\/\/fono.fcm.unc.edu.ar\/wp-content\/uploads\/sites\/14\/2022\/10\/EVC-CIN-becas_0-246x300.jpeg 246w, https:\/\/fono.fcm.unc.edu.ar\/wp-content\/uploads\/sites\/14\/2022\/10\/EVC-CIN-becas_0-400x488.jpeg 400w, https:\/\/fono.fcm.unc.edu.ar\/wp-content\/uploads\/sites\/14\/2022\/10\/EVC-CIN-becas_0.jpeg 557w\" sizes=\"(max-width: 400px) 100vw, 400px\">Desde el 1 de noviembre estar\u00e1 abierta la convocatoria 2022 a becas Est\u00edmulo a las Vocaciones Cient\u00edficas (EVC), otorgadas por el Consejo Interuniversitario Nacional (CIN) y gestionadas en la UNC por la Secretar\u00eda de Ciencia y Tecnolog\u00eda (SeCyT).<\/p>\n<p>Las becas EVC est\u00e1n destinadas a estudiantes de grado de instituciones universitarias p\u00fablicas que deseen iniciar su formaci\u00f3n en investigaci\u00f3n.<\/p>\n<p>Las inscripciones se podr\u00e1n realizar hasta el 2 de diciembre ingresando al sitio del&nbsp;<a href=\"https:\/\/evc.cin.edu.ar\/\">Programa<\/a>&nbsp;. All\u00ed se podr\u00e1 acceder al reglamento, las bases y un instructivo que facilita las postulaciones de esta nueva convocatoria.<\/p>\n<p><strong>Apertura:<\/strong>&nbsp;1 de noviembre<\/p>\n<p><strong>Cierre:<\/strong>&nbsp;2 de diciembre a las 13 horas.<\/p>\n<p>Para m\u00e1s informaci\u00f3n ingresar&nbsp;<a href=\"https:\/\/www.unc.edu.ar\/ciencia-y-tecnolog%C3%ADa\/becas-de-est%C3%ADmulo-las-vocaciones-cient%C3%ADficas-para-estudiantes\">ac\u00e1<\/a>&nbsp;o en&nbsp;<a href=\"https:\/\/evc.cin.edu.ar\/\">el sitio de Becas EVC del CIN.<\/a><\/p>\n<\/p><\/div>\n","protected":false},"excerpt":{"rendered":"<p>Becas de Est\u00edmulo a las Vocaciones Cient\u00edficas Desde el 1 de noviembre estar\u00e1 abierta la convocatoria 2022 a becas Est\u00edmulo a las Vocaciones Cient\u00edficas (EVC), otorgadas por el Consejo Interuniversitario Nacional (CIN) y gestionadas en la UNC por la Secretar\u00eda de Ciencia y Tecnolog\u00eda (SeCyT). Las becas EVC est\u00e1n destinadas a estudiantes de grado de [&hellip;]<\/p>\n","protected":false},"author":1,"featured_media":0,"comment_status":"closed","ping_status":"closed","sticky":false,"template":"","format":"standard","meta":[],"categories":[1],"tags":[],"_links":{"self":[{"href":"http:\/\/hoycordobaweb.com\/index.php\/wp-json\/wp\/v2\/posts\/50996"}],"collection":[{"href":"http:\/\/hoycordobaweb.com\/index.php\/wp-json\/wp\/v2\/posts"}],"about":[{"href":"http:\/\/hoycordobaweb.com\/index.php\/wp-json\/wp\/v2\/types\/post"}],"author":[{"embeddable":true,"href":"http:\/\/hoycordobaweb.com\/index.php\/wp-json\/wp\/v2\/users\/1"}],"replies":[{"embeddable":true,"href":"http:\/\/hoycordobaweb.com\/index.php\/wp-json\/wp\/v2\/comments?post=50996"}],"version-history":[{"count":0,"href":"http:\/\/hoycordobaweb.com\/index.php\/wp-json\/wp\/v2\/posts\/50996\/revisions"}],"wp:attachment":[{"href":"http:\/\/hoycordobaweb.com\/index.php\/wp-json\/wp\/v2\/media?parent=50996"}],"wp:term":[{"taxonomy":"category","embeddable":true,"href":"http:\/\/hoycordobaweb.com\/index.php\/wp-json\/wp\/v2\/categories?post=50996"},{"taxonomy":"post_tag","embeddable":true,"href":"http:\/\/hoycordobaweb.com\/index.php\/wp-json\/wp\/v2\/tags?post=50996"}],"curies":[{"name":"wp","href":"https:\/\/api.w.org\/{rel}","templated":true}]}}