{"id":50982,"date":"2022-11-06T12:44:24","date_gmt":"2022-11-06T12:44:24","guid":{"rendered":"https:\/\/www.mujerhoy.com\/moda\/no-te-pierdas\/zara-top-flecos-color-negro-sienta-bien-faldas-vaqueros-20221106134332-nt.html"},"modified":"2022-11-06T12:44:24","modified_gmt":"2022-11-06T12:44:24","slug":"tu-proxima-compra-en-zara-sera-este-top-de-flecos-que-sienta-bien-con-faldas-midi-o-con-vaqueros","status":"publish","type":"post","link":"http:\/\/hoycordobaweb.com\/index.php\/2022\/11\/06\/tu-proxima-compra-en-zara-sera-este-top-de-flecos-que-sienta-bien-con-faldas-midi-o-con-vaqueros\/","title":{"rendered":"Tu pr\u00f3xima compra en Zara ser\u00e1 este top de flecos que sienta bien con faldas midi o con vaqueros"},"content":{"rendered":"<p><!-- AUTHOR --><!-- COMPONENTS --><\/p>\n<p class=\"voc-paragraph\">Dicen que a partir del 1 de noviembre se da oficialmente el pistoletazo de salida a la Navidad, o al menos as\u00ed lo ha confirmado Mariah Carey con su cl\u00e1sico entre los cl\u00e1sicos, <i>All I Want For Christmas Is You<\/i>. Si al ver esta publicaci\u00f3n, o simplemente al recordar la llegada de la \u00e9poca navide\u00f1a te han entrado ganas de <i>looks<\/i> de cara a esta temporada; est\u00e1s en el sitio correcto.\n<\/p>\n<p class=\"voc-paragraph\">Tranquila, no te vamos a saturar con prendas para Navidad (o al menos de momento), pero si podemos adelantarte algunos b\u00e1sicos que te pueden servir para ahora y tambi\u00e9n llevar durante esas fechas. En concreto, nuestras miradas se han ido a <strong>un top de Zara<\/strong> que ya te adelantamos que es toda una joyita (y no, no por su precio).\n<\/p>\n<p class=\"voc-paragraph\">Nos referimos a un top que de repente hemos descubierto en Zara, y eso es dif\u00edcil. Si eres habitual de esta marca, sabr\u00e1s que quedarse solamente con una prenda es complicado. Es lo m\u00e1s sensanto para nuetsro bolsillo, pero no tanto para nuestra mente <i>fashionista<\/i>.\n<\/p>\n<p class=\"voc-paragraph\">Est\u00e1 claro que en Zara nos distraemos con multitud de prendas. Todas, o podemos decir que la mayor\u00eda que han lanzado esta temporada -incluso la colaboraci\u00f3n con <a data-voc-vtm-id=\"in-text-traffic\" href=\"https:\/\/www.mujerhoy.com\/moda\/no-te-pierdas\/zara-nueva-coleccion-into-the-night-kate-moss-vestido-brillos-elegante-blanco-arrasa-casi-agotado-20220714131836-nt.html\">Kate Moss<\/a> y <a data-voc-vtm-id=\"in-text-traffic\" href=\"https:\/\/www.mujerhoy.com\/moda\/no-te-pierdas\/traje-zara-kaia-gerber-coleccion-looks-elegantes-prendas-fondo-de-armario-atemporales-20221004135153-nt.html\">Kaia Gerber<\/a>&#8211; guarda una est\u00e9tica muy especial. Y lo que m\u00e1s nos gusta hay variedad.\n<\/p>\n<p class=\"voc-paragraph\">Con esto nos referimos a que lo mismo puedes encontrar un bolso denim dosmilero que llevan todas las <i>influencers<\/i> que se han aficionado a esta estetica, como una cl\u00e1sica camiseta b\u00e1sica, o <a data-voc-vtm-id=\"in-text-traffic\" href=\"https:\/\/www.mujerhoy.com\/moda\/no-te-pierdas\/tendencia-vestido-negro-little-black-dress-mas-favorecedores-para-armario-elcorteingles-20220928134133-nt.html\">un vestido negro<\/a> infalible. Eso es lo que nos gusta de <a data-voc-vtm-id=\"in-text-traffic\" href=\"https:\/\/www.mujerhoy.com\/temas\/entidades\/zara.html\">Zara<\/a>.\n<\/p>\n<p class=\"voc-paragraph\">Y entre esas prendas b\u00e1sicas, pero con toques tendencia que podr\u00e1s usar ahora y el resto de las navidades, se encuentra un top de ensue\u00f1o. Spoiler: no est\u00e1 agotado, se encuentra en todas las tallas y cuesta menos de 25 euros. Y ahora nos dir\u00e1s, \u00bfpero cu\u00e1l es?\n<\/p>\n<p class=\"voc-paragraph\">Pues dejando atr\u00e1s un poco el misterio, aqu\u00ed te ense\u00f1amos el top que nos ha enamorado. Un top a priori b\u00e1sico con hombreras, en color negro y cuello alto. Sin embargo, en el bajo tiene uno de los detalles m\u00e1s especiales (y tendencia) que puedes encontrar: <a data-voc-vtm-id=\"in-text-traffic\" href=\"https:\/\/www.mujerhoy.com\/moda\/no-te-pierdas\/chaquetas-flecos-bonitas-baratas-abrigos-tendencias-otono-20220822133027-nt.html\">los flecos<\/a>.\n<\/p>\n<div class=\"voc-detail-photo-zoom\"><picture data-toggle=\"modal\" data-target=\"#photoZoomModal-73\" target=\"modal\">\n<div class=\"voc-img-icon-link\"><img loading=\"lazy\" data-original=\"\/\/static2.mujerhoy.com\/www\/multimedia\/202211\/03\/media\/cortadas\/top-punto-flecos-zara-k6IF--460x637@MujerHoy.jpeg\" class=\"lazy\" alt=\"Top de punto en negro con flecos. Foto: Zara.\"><noscript><img src=\"http:\/\/hoycordobaweb.com\/wp-content\/uploads\/2022\/11\/tu-proxima-compra-en-zara-sera-este-top-de-flecos-que-sienta-bien-con-faldas-midi-o-con-vaqueros.jpg\" alt=\"Top de punto en negro con flecos. Foto: Zara.\"><\/noscript><i class=\"voc-icons zoom voc-multimedia-box voc-ico-l\"><\/i><\/div><figcaption class=\"figure-caption\">Top de punto en negro con flecos. Foto: Zara.<\/figcaption><\/picture><\/div>\n<div id=\"photoZoomModal-73\" class=\"voc-lightbox modal fade voc-lightbox--photo-zoom\" role=\"dialog\" data-voc-photozoom-lightbox>\n<div class=\"voc-lightbox__dialog\" role=\"document\">\n<div class=\"voc-lightbox__content\"><!-- Modal header --><!-- Modal content --><\/p>\n<div class=\"voc-lightbox__photo-container\"><picture class><img loading=\"lazy\" data-original=\"\/\/static2.mujerhoy.com\/www\/multimedia\/202211\/03\/media\/cortadas\/top-punto-flecos-zara-k6IF--460x637@MujerHoy.jpeg\" alt=\"Top de punto en negro con flecos. Foto: Zara.\" class=\"lazy\"><noscript><img src=\"http:\/\/hoycordobaweb.com\/wp-content\/uploads\/2022\/11\/tu-proxima-compra-en-zara-sera-este-top-de-flecos-que-sienta-bien-con-faldas-midi-o-con-vaqueros.jpg\" alt=\"Top de punto en negro con flecos. Foto: Zara.\"><\/noscript><\/picture><\/div>\n<\/div>\n<\/div>\n<\/div>\n<p class=\"voc-paragraph\">Los flecos est\u00e1n por todas partes, ya sea una chaqueta, faldas, o incluso bolsos. Pues bien, si eres amante de esta tendencia, querr\u00e1s tener en tu armario <strong>este top de Zara<\/strong>. Cuenta con tejido de punto, para no pasar fr\u00edo en invierno, y puedes llevar con multitud de opciones. Desde faldas largas satinadas, de corte midi, o incluso unos sencillos vaqueros.\n<\/p>\n<p><!-- TOPICS --><\/p>\n","protected":false},"excerpt":{"rendered":"<p>Dicen que a partir del 1 de noviembre se da oficialmente el pistoletazo de salida a la Navidad, o al menos as\u00ed lo ha confirmado Mariah Carey con su cl\u00e1sico entre los cl\u00e1sicos, All I Want For Christmas Is You. Si al ver esta publicaci\u00f3n, o simplemente al recordar la llegada de la \u00e9poca navide\u00f1a [&hellip;]<\/p>\n","protected":false},"author":1,"featured_media":50983,"comment_status":"closed","ping_status":"closed","sticky":false,"template":"","format":"standard","meta":[],"categories":[1],"tags":[],"_links":{"self":[{"href":"http:\/\/hoycordobaweb.com\/index.php\/wp-json\/wp\/v2\/posts\/50982"}],"collection":[{"href":"http:\/\/hoycordobaweb.com\/index.php\/wp-json\/wp\/v2\/posts"}],"about":[{"href":"http:\/\/hoycordobaweb.com\/index.php\/wp-json\/wp\/v2\/types\/post"}],"author":[{"embeddable":true,"href":"http:\/\/hoycordobaweb.com\/index.php\/wp-json\/wp\/v2\/users\/1"}],"replies":[{"embeddable":true,"href":"http:\/\/hoycordobaweb.com\/index.php\/wp-json\/wp\/v2\/comments?post=50982"}],"version-history":[{"count":0,"href":"http:\/\/hoycordobaweb.com\/index.php\/wp-json\/wp\/v2\/posts\/50982\/revisions"}],"wp:featuredmedia":[{"embeddable":true,"href":"http:\/\/hoycordobaweb.com\/index.php\/wp-json\/wp\/v2\/media\/50983"}],"wp:attachment":[{"href":"http:\/\/hoycordobaweb.com\/index.php\/wp-json\/wp\/v2\/media?parent=50982"}],"wp:term":[{"taxonomy":"category","embeddable":true,"href":"http:\/\/hoycordobaweb.com\/index.php\/wp-json\/wp\/v2\/categories?post=50982"},{"taxonomy":"post_tag","embeddable":true,"href":"http:\/\/hoycordobaweb.com\/index.php\/wp-json\/wp\/v2\/tags?post=50982"}],"curies":[{"name":"wp","href":"https:\/\/api.w.org\/{rel}","templated":true}]}}