{"id":50946,"date":"2022-11-05T12:20:55","date_gmt":"2022-11-05T12:20:55","guid":{"rendered":"https:\/\/www.mujerhoy.com\/moda\/no-te-pierdas\/blazer-pana-color-naranja-mango-sienta-bien-favorece-20221105131932-nt.html"},"modified":"2022-11-05T12:20:55","modified_gmt":"2022-11-05T12:20:55","slug":"el-blazer-de-pana-que-rejuvenece-a-partir-de-los-50-y-no-para-de-agotarse-por-lo-bien-que-sienta","status":"publish","type":"post","link":"http:\/\/hoycordobaweb.com\/index.php\/2022\/11\/05\/el-blazer-de-pana-que-rejuvenece-a-partir-de-los-50-y-no-para-de-agotarse-por-lo-bien-que-sienta\/","title":{"rendered":"El blazer de pana que rejuvenece a partir de los 50 y no para de agotarse por lo bien que sienta"},"content":{"rendered":"<p><!-- AUTHOR --><!-- COMPONENTS --><\/p>\n<p class=\"voc-paragraph\">Una de las prendas b\u00e1sicas m\u00e1s acertadas es <a data-voc-vtm-id=\"in-text-traffic\" href=\"https:\/\/www.mujerhoy.com\/moda\/tendencias\/blazer-color-blanco-perfecta-favorecedora-otono-nueva-coleccion-hym-menos-50-euros-20220820144240-nt.html\">un blazer<\/a>. Est\u00e1 claro que es todo un b\u00e1sico, y por eso, siempre es bueno tener uno en el armario. <a data-voc-vtm-id=\"in-text-traffic\" href=\"https:\/\/www.mujerhoy.com\/moda\/tendencias\/blazer-negra-entallada-ponible-hace-tipazo-superventas-zara-20221022140619-nt.html\">Un blazer de color negro<\/a>, gris, o con estampado de rayas diplom\u00e1ticas. Pero en ocasiones, hay veces que apetece una americana algo distinta y con m\u00e1s colorido.\n<\/p>\n<p class=\"voc-paragraph\">Es el caso de las americanas con tejido de pana que tienen la facilidad de convertir un <i>look<\/i> aburrido en todo un estilismo de diez. No es un tejido nuevo, y ha tenido sus fases, pero lo cierto es que cuando regresa cada invierno se convierte en el rey indiscutible.\n<\/p>\n<p class=\"voc-paragraph\">La tendencia de la pana es f\u00e1cil de llevar y tambi\u00e9n de seguir su pista en las redes sociales, y por supuesto en la pasarela. Muchas firmas de moda apuestan desde hace tiempo por este tejido tan glorioso en sus <i>looks<\/i>, tanto a trav\u00e9s de un blazer como pantalones.\n<\/p>\n<p class=\"voc-paragraph\">Pues bien, quien se ha animado a incluir en su armario un blazer de pana de lo m\u00e1s ideal, ha sido la actriz <a data-voc-vtm-id=\"in-text-traffic\" href=\"https:\/\/www.mujerhoy.com\/temas\/personajes\/naomi-watts.html\">Naomi Watts.<\/a> La actriz brit\u00e1nica sigue en su mejor momento a nivel profesional, pero tambi\u00e9n en cuanto a estilo, tanto en la alfombra roja, como fuera de ella y as\u00ed lo hemos comprobado.\n<\/p>\n<p class=\"voc-paragraph\">La actriz ha sido captada de paseo por las calles de Los \u00c1ngeles paseando con su perro con un look que podr\u00eda inspirarte cualquier d\u00eda de la semana. Naomi ha querido llevar un look c\u00f3modo compuesto por pantalones estilo <i>jogger<\/i> y camisa de color negro en terciopelo, acompa\u00f1ado de unas zapatillas deportivas New Balance y un blazer de <strong>la firma Mango<\/strong>.\n<\/p>\n<div class=\"voc-detail-photo-zoom\"><picture data-toggle=\"modal\" data-target=\"#photoZoomModal-413\" target=\"modal\">\n<div class=\"voc-img-icon-link\"><img loading=\"lazy\" data-original=\"\/\/static1.mujerhoy.com\/www\/multimedia\/202211\/04\/media\/cortadas\/naomi-watts-blazer-pana-mango-kYmH--460x637@MujerHoy.jpg\" class=\"lazy\" alt=\"Naomi Watts de paseo con un blazer de pana de Mango. Foto: Cortes\u00eda de Mango.\"><noscript><img src=\"http:\/\/hoycordobaweb.com\/wp-content\/uploads\/2022\/11\/el-blazer-de-pana-que-rejuvenece-a-partir-de-los-50-y-no-para-de-agotarse-por-lo-bien-que-sienta.jpg\" alt=\"Naomi Watts de paseo con un blazer de pana de Mango. Foto: Cortes\u00eda de Mango.\"><\/noscript><i class=\"voc-icons zoom voc-multimedia-box voc-ico-l\"><\/i><\/div><figcaption class=\"figure-caption\">Naomi Watts de paseo con un blazer de pana de Mango. Foto: Cortes\u00eda de Mango.<\/figcaption><\/picture><\/div>\n<div id=\"photoZoomModal-413\" class=\"voc-lightbox modal fade voc-lightbox--photo-zoom\" role=\"dialog\" data-voc-photozoom-lightbox>\n<div class=\"voc-lightbox__dialog\" role=\"document\">\n<div class=\"voc-lightbox__content\"><!-- Modal header --><!-- Modal content --><\/p>\n<div class=\"voc-lightbox__photo-container\"><picture class><img loading=\"lazy\" data-original=\"\/\/static1.mujerhoy.com\/www\/multimedia\/202211\/04\/media\/cortadas\/naomi-watts-blazer-pana-mango-kYmH--460x637@MujerHoy.jpg\" alt=\"Naomi Watts de paseo con un blazer de pana de Mango. Foto: Cortes\u00eda de Mango.\" class=\"lazy\"><noscript><img src=\"http:\/\/hoycordobaweb.com\/wp-content\/uploads\/2022\/11\/el-blazer-de-pana-que-rejuvenece-a-partir-de-los-50-y-no-para-de-agotarse-por-lo-bien-que-sienta.jpg\" alt=\"Naomi Watts de paseo con un blazer de pana de Mango. Foto: Cortes\u00eda de Mango.\"><\/noscript><\/picture><\/div>\n<\/div>\n<\/div>\n<\/div>\n<p class=\"voc-paragraph\">Se trata de un estilismo muy casual pero con muchos toques de tendencia, como el blazer que le aporta mucha luz a la actriz. <strong>Se trata de una americana de la nueva colecci\u00f3n de Mango<\/strong> que est\u00e1 a punto de agotarse. \u00bfLos motivos? Tiene un dise\u00f1o tan especial que querr\u00e1s llevarla todos los d\u00edas.\n<\/p>\n<div class=\"voc-detail-photo-zoom\"><picture data-toggle=\"modal\" data-target=\"#photoZoomModal-680\" target=\"modal\">\n<div class=\"voc-img-icon-link\"><img loading=\"lazy\" data-original=\"\/\/static1.mujerhoy.com\/www\/multimedia\/202211\/04\/media\/cortadas\/blazer-pana-mango-kYmH--460x637@MujerHoy.jpg\" class=\"lazy\" alt=\"Blazer de pana de Mango. Foto: Cortes\u00eda de Mango.\"><noscript><img src=\"http:\/\/hoycordobaweb.com\/wp-content\/uploads\/2022\/11\/el-blazer-de-pana-que-rejuvenece-a-partir-de-los-50-y-no-para-de-agotarse-por-lo-bien-que-sienta-1.jpg\" alt=\"Blazer de pana de Mango. Foto: Cortes\u00eda de Mango.\"><\/noscript><i class=\"voc-icons zoom voc-multimedia-box voc-ico-l\"><\/i><\/div><figcaption class=\"figure-caption\">Blazer de pana de Mango. Foto: Cortes\u00eda de Mango.<\/figcaption><\/picture><\/div>\n<div id=\"photoZoomModal-680\" class=\"voc-lightbox modal fade voc-lightbox--photo-zoom\" role=\"dialog\" data-voc-photozoom-lightbox>\n<div class=\"voc-lightbox__dialog\" role=\"document\">\n<div class=\"voc-lightbox__content\"><!-- Modal header --><!-- Modal content --><\/p>\n<div class=\"voc-lightbox__photo-container\"><picture class><img loading=\"lazy\" data-original=\"\/\/static1.mujerhoy.com\/www\/multimedia\/202211\/04\/media\/cortadas\/blazer-pana-mango-kYmH--460x637@MujerHoy.jpg\" alt=\"Blazer de pana de Mango. Foto: Cortes\u00eda de Mango.\" class=\"lazy\"><noscript><img src=\"http:\/\/hoycordobaweb.com\/wp-content\/uploads\/2022\/11\/el-blazer-de-pana-que-rejuvenece-a-partir-de-los-50-y-no-para-de-agotarse-por-lo-bien-que-sienta-1.jpg\" alt=\"Blazer de pana de Mango. Foto: Cortes\u00eda de Mango.\"><\/noscript><\/picture><\/div>\n<\/div>\n<\/div>\n<\/div>\n<p class=\"voc-paragraph\">Nos referimos a <strong>este blazer de Mango con tejido de pana<\/strong>. Es un blazer muy vers\u00e1til, con doble botonadura en carey, bolsillos laterales y cuello solapa. Cuenta con <strong>un tejido 100% de algod\u00f3n<\/strong>, manga larga y pantal\u00f3n a juego en el mismo color naranja.\n<\/p>\n<p class=\"voc-paragraph\">Es un blazer que se vende tanto en tiendas como online, y est\u00e1 disponible (o al menos de momento) <strong>por 69,99 euros<\/strong>. Y es que en la web ya hay muchas tallas que se est\u00e1n agotando y otras que tienen lista de espera. As\u00ed que si te ha gustado, es el momento de que te hagas con ella.\n<\/p>\n<p><!-- TOPICS --><\/p>\n","protected":false},"excerpt":{"rendered":"<p>Una de las prendas b\u00e1sicas m\u00e1s acertadas es un blazer. Est\u00e1 claro que es todo un b\u00e1sico, y por eso, siempre es bueno tener uno en el armario. Un blazer de color negro, gris, o con estampado de rayas diplom\u00e1ticas. Pero en ocasiones, hay veces que apetece una americana algo distinta y con m\u00e1s colorido. [&hellip;]<\/p>\n","protected":false},"author":1,"featured_media":50947,"comment_status":"closed","ping_status":"closed","sticky":false,"template":"","format":"standard","meta":[],"categories":[1],"tags":[],"_links":{"self":[{"href":"http:\/\/hoycordobaweb.com\/index.php\/wp-json\/wp\/v2\/posts\/50946"}],"collection":[{"href":"http:\/\/hoycordobaweb.com\/index.php\/wp-json\/wp\/v2\/posts"}],"about":[{"href":"http:\/\/hoycordobaweb.com\/index.php\/wp-json\/wp\/v2\/types\/post"}],"author":[{"embeddable":true,"href":"http:\/\/hoycordobaweb.com\/index.php\/wp-json\/wp\/v2\/users\/1"}],"replies":[{"embeddable":true,"href":"http:\/\/hoycordobaweb.com\/index.php\/wp-json\/wp\/v2\/comments?post=50946"}],"version-history":[{"count":0,"href":"http:\/\/hoycordobaweb.com\/index.php\/wp-json\/wp\/v2\/posts\/50946\/revisions"}],"wp:featuredmedia":[{"embeddable":true,"href":"http:\/\/hoycordobaweb.com\/index.php\/wp-json\/wp\/v2\/media\/50947"}],"wp:attachment":[{"href":"http:\/\/hoycordobaweb.com\/index.php\/wp-json\/wp\/v2\/media?parent=50946"}],"wp:term":[{"taxonomy":"category","embeddable":true,"href":"http:\/\/hoycordobaweb.com\/index.php\/wp-json\/wp\/v2\/categories?post=50946"},{"taxonomy":"post_tag","embeddable":true,"href":"http:\/\/hoycordobaweb.com\/index.php\/wp-json\/wp\/v2\/tags?post=50946"}],"curies":[{"name":"wp","href":"https:\/\/api.w.org\/{rel}","templated":true}]}}