{"id":50944,"date":"2022-11-05T12:46:45","date_gmt":"2022-11-05T12:46:45","guid":{"rendered":"https:\/\/www.mujerhoy.com\/moda\/no-te-pierdas\/isabel-diaz-ayuso-look-sexy-rejuvenecedor-chaqueta-cuero-negra-mango-barata-20221105130458-nt.html"},"modified":"2022-11-05T12:46:45","modified_gmt":"2022-11-05T12:46:45","slug":"isabel-diaz-ayuso-sorprende-con-su-look-mas-sexy-moderno-y-rejuvenecedor-una-chaqueta-de-cuero-de-mango","status":"publish","type":"post","link":"http:\/\/hoycordobaweb.com\/index.php\/2022\/11\/05\/isabel-diaz-ayuso-sorprende-con-su-look-mas-sexy-moderno-y-rejuvenecedor-una-chaqueta-de-cuero-de-mango\/","title":{"rendered":"Isabel D\u00edaz Ayuso sorprende con su look m\u00e1s sexy, moderno y rejuvenecedor: una chaqueta de cuero de Mango"},"content":{"rendered":"<p><!-- AUTHOR --><!-- COMPONENTS --><\/p>\n<p class=\"voc-paragraph\">Anoche se celebr\u00f3 la gala de los 40 Musical Awards. Un acontecimiento \u00fanico y espectacular que cada a\u00f1o re\u00fane a los mejores artistas del panorama nacional e internacional para celebrar la m\u00fasica y todo lo que esta nos aporta en nuestro d\u00eda a d\u00eda. <\/p>\n<p class=\"voc-paragraph\">Por la alfombra roja no solo pasaron algunos de los nombres que suenan en la radio como <a data-voc-vtm-id=\"in-text-traffic\" href=\"https:\/\/www.mujerhoy.com\/temas\/personajes\/rosalia.html\" title=\"www.mujerhoy.com\">Rosal\u00eda<\/a>, David Guetta, <a data-voc-vtm-id=\"in-text-traffic\" href=\"https:\/\/www.mujerhoy.com\/temas\/personajes\/aitana-ot.html\" title=\"www.mujerhoy.com\">Aitana<\/a> o Ana Mena, sino que decenas de celebridades tambi\u00e9n se apuntaron a este maravilloso acontecimiento. Entre ellas, destac\u00f3 la presencia de <a data-voc-vtm-id=\"in-text-traffic\" href=\"https:\/\/www.mujerhoy.com\/temas\/personajes\/belen-esteban.html\" title=\"www.mujerhoy.com\">Bel\u00e9n Esteban<\/a>, <a data-voc-vtm-id=\"in-text-traffic\" href=\"https:\/\/www.mujerhoy.com\/temas\/personajes\/perdro-almodovar.html\" title=\"www.mujerhoy.com\">Pedro Almod\u00f3var<\/a>, el Maestro Joao o <a data-voc-vtm-id=\"in-text-traffic\" href=\"https:\/\/www.mujerhoy.com\/temas\/personajes\/isabel-diaz-ayuso.html\" title=\"www.mujerhoy.com\">Isabel D\u00edaz Ayuso<\/a>.\n<\/p>\n<p class=\"voc-paragraph\">La presidenta de la Comunidad de Madrid ya es uno de los rostros m\u00e1s reconocidos (y tambi\u00e9n buscados) de cualquier evento o fiesta que sucede en la capital. Y su reciente cambio de estilo, que ha ido progresando adecuadamente, se convierte en titular por su incre\u00edble versatilidad para transformarse en un icono de estilo. <\/p>\n<p class=\"voc-paragraph\">Lejos de la pol\u00edtica, el <a data-voc-vtm-id=\"in-text-traffic\" href=\"https:\/\/www.elmundo.es\/album\/yodona\/moda\/2022\/09\/14\/6310aa73fdddff0c248b456f.html\" title=\"www.elmundo.es\">estilo de Isabel D\u00edaz Ayuso<\/a> nos tiene ensimismadas. Porque una de las cosas que mejor sabe hacer la Presidenta de la Comunidad de Madrid es mimetizarse con el ambiente y con lo que la ocasi\u00f3n requiere. <\/p>\n<p class=\"voc-paragraph\">Hace unas semanas la vimos con un <a data-voc-vtm-id=\"in-text-traffic\" href=\"https:\/\/www.mujerhoy.com\/moda\/no-te-pierdas\/isabel-diaz-ayuso-vestido-rosa-made-in-spain-reina-letizia-teatro-real-madrid-20221025081031-nt.html\" title=\"www.mujerhoy.com\">espectacular vestido de una de sus marcas de referencia<\/a> en la Inauguraci\u00f3n de la temporada de la \u00d3pera en el Teatro Real de Madrid, y anoche pudimos ver su lado m\u00e1s salvaje, sexy y rejuvenecedor con un estilismo que quita el hipo. <\/p>\n<div class=\"voc-detail-photo-zoom\"><picture data-toggle=\"modal\" data-target=\"#photoZoomModal-360\" target=\"modal\">\n<div class=\"voc-img-icon-link\"><img loading=\"lazy\" data-original=\"\/\/static2.mujerhoy.com\/www\/multimedia\/202211\/05\/media\/cortadas\/ayuso-look-sexy-rejuvenecedor-atemporal-juvenil-87092524_99-99999999_01e-kd7H--460x637@MujerHoy.jpg\" class=\"lazy\" alt=\"La presidenta de la Comunidad de Madrid Isabel D\u00edaz Ayuso en el photocall de la gala de los 40 Musical Awards.\"><noscript><img src=\"http:\/\/hoycordobaweb.com\/wp-content\/uploads\/2022\/11\/isabel-diaz-ayuso-sorprende-con-su-look-mas-sexy-moderno-y-rejuvenecedor-una-chaqueta-de-cuero-de-mango.jpg\" alt=\"La presidenta de la Comunidad de Madrid Isabel D\u00edaz Ayuso en el photocall de la gala de los 40 Musical Awards.\"><\/noscript><i class=\"voc-icons zoom voc-multimedia-box voc-ico-l\"><\/i><\/div><figcaption class=\"figure-caption\">La presidenta de la Comunidad de Madrid Isabel D\u00edaz Ayuso en el photocall de la gala de los 40 Musical Awards.<\/figcaption><\/picture><\/div>\n<div id=\"photoZoomModal-360\" class=\"voc-lightbox modal fade voc-lightbox--photo-zoom\" role=\"dialog\" data-voc-photozoom-lightbox>\n<div class=\"voc-lightbox__dialog\" role=\"document\">\n<div class=\"voc-lightbox__content\"><!-- Modal header --><!-- Modal content --><\/p>\n<div class=\"voc-lightbox__photo-container\"><picture class><img loading=\"lazy\" data-original=\"\/\/static2.mujerhoy.com\/www\/multimedia\/202211\/05\/media\/cortadas\/ayuso-look-sexy-rejuvenecedor-atemporal-juvenil-87092524_99-99999999_01e-kd7H--460x637@MujerHoy.jpg\" alt=\"La presidenta de la Comunidad de Madrid Isabel D\u00edaz Ayuso en el photocall de la gala de los 40 Musical Awards.\" class=\"lazy\"><noscript><img src=\"http:\/\/hoycordobaweb.com\/wp-content\/uploads\/2022\/11\/isabel-diaz-ayuso-sorprende-con-su-look-mas-sexy-moderno-y-rejuvenecedor-una-chaqueta-de-cuero-de-mango.jpg\" alt=\"La presidenta de la Comunidad de Madrid Isabel D\u00edaz Ayuso en el photocall de la gala de los 40 Musical Awards.\"><\/noscript><\/picture><\/div>\n<\/div>\n<\/div>\n<\/div>\n<p class=\"voc-paragraph\">En esta ocasi\u00f3n, la presidenta opt\u00f3 por un look monocrom\u00e1tico donde el negro era el verdadero protagonista. De esta forma, combin\u00f3 unos jeans negros con un roto en la rodilla con un body con semitrasparecias y una chaqueta de piel. <\/p>\n<p class=\"voc-paragraph\">Como complementos, Isabel D\u00edaz Ayuso opt\u00f3 por unos botines de tac\u00f3n c\u00f3modos (tambi\u00e9n de piel) y unos pendientes minimalistas. Coron\u00f3 su estilismo con un maquillaje sencillo y perfeccionador que centraba la atenci\u00f3n en sus labios de color rojo, y se pein\u00f3 como de costumbre: con su caracter\u00edstica melena rizada echada hacia un lado para dulcificar sus rasgos.\n<\/p>\n<p class=\"voc-paragraph\">Ayuso (casi) cuelga la americana. Esta vez, escogi\u00f3 un blazer entallado que le permiti\u00f3 tener lo mejor de los dos mundos: el toque rockero, sexy y rejuvenecedor que quita a\u00f1os y la formalidad cl\u00e1sica de una chaqueta con una estructura como esta. <\/p>\n<div class=\"voc-detail-photo-zoom\"><picture data-toggle=\"modal\" data-target=\"#photoZoomModal-134\" target=\"modal\">\n<div class=\"voc-img-icon-link\"><img loading=\"lazy\" data-original=\"\/\/static.mujerhoy.com\/www\/multimedia\/202211\/05\/media\/cortadas\/ayuso-look-sexy-rejuvenecedor-atemporal-juvenil-87092524_99-99999999_01-kd7H--460x637@MujerHoy.jpg\" class=\"lazy\" alt=\"Chaqueta de Mango de piel, 199,99\u20ac.\"><noscript><img src=\"http:\/\/hoycordobaweb.com\/wp-content\/uploads\/2022\/11\/isabel-diaz-ayuso-sorprende-con-su-look-mas-sexy-moderno-y-rejuvenecedor-una-chaqueta-de-cuero-de-mango-1.jpg\" alt=\"Chaqueta de Mango de piel, 199,99\u20ac.\"><\/noscript><i class=\"voc-icons zoom voc-multimedia-box voc-ico-l\"><\/i><\/div><figcaption class=\"figure-caption\">Chaqueta de Mango de piel, 199,99\u20ac.<\/figcaption><\/picture><\/div>\n<div id=\"photoZoomModal-134\" class=\"voc-lightbox modal fade voc-lightbox--photo-zoom\" role=\"dialog\" data-voc-photozoom-lightbox>\n<div class=\"voc-lightbox__dialog\" role=\"document\">\n<div class=\"voc-lightbox__content\"><!-- Modal header --><!-- Modal content --><\/p>\n<div class=\"voc-lightbox__photo-container\"><picture class><img loading=\"lazy\" data-original=\"\/\/static.mujerhoy.com\/www\/multimedia\/202211\/05\/media\/cortadas\/ayuso-look-sexy-rejuvenecedor-atemporal-juvenil-87092524_99-99999999_01-kd7H--460x637@MujerHoy.jpg\" alt=\"Chaqueta de Mango de piel, 199,99\u20ac.\" class=\"lazy\"><noscript><img src=\"http:\/\/hoycordobaweb.com\/wp-content\/uploads\/2022\/11\/isabel-diaz-ayuso-sorprende-con-su-look-mas-sexy-moderno-y-rejuvenecedor-una-chaqueta-de-cuero-de-mango-1.jpg\" alt=\"Chaqueta de Mango de piel, 199,99\u20ac.\"><\/noscript><\/picture><\/div>\n<\/div>\n<\/div>\n<\/div>\n<p class=\"voc-paragraph\">Y hemos encontrado una muy parecida en Mango. Su estructura es un poco m\u00e1s oversize, pero ese toque con sabor a tendencia nos encanta. Podr\u00e1s llevarla en multitud de ocasiones. Con vaqueros o con un look como el de Isabel D\u00edaz Ayuso. <\/p>\n<p><!-- TOPICS --><\/p>\n","protected":false},"excerpt":{"rendered":"<p>Anoche se celebr\u00f3 la gala de los 40 Musical Awards. Un acontecimiento \u00fanico y espectacular que cada a\u00f1o re\u00fane a los mejores artistas del panorama nacional e internacional para celebrar la m\u00fasica y todo lo que esta nos aporta en nuestro d\u00eda a d\u00eda. Por la alfombra roja no solo pasaron algunos de los nombres [&hellip;]<\/p>\n","protected":false},"author":1,"featured_media":50945,"comment_status":"closed","ping_status":"closed","sticky":false,"template":"","format":"standard","meta":[],"categories":[1],"tags":[],"_links":{"self":[{"href":"http:\/\/hoycordobaweb.com\/index.php\/wp-json\/wp\/v2\/posts\/50944"}],"collection":[{"href":"http:\/\/hoycordobaweb.com\/index.php\/wp-json\/wp\/v2\/posts"}],"about":[{"href":"http:\/\/hoycordobaweb.com\/index.php\/wp-json\/wp\/v2\/types\/post"}],"author":[{"embeddable":true,"href":"http:\/\/hoycordobaweb.com\/index.php\/wp-json\/wp\/v2\/users\/1"}],"replies":[{"embeddable":true,"href":"http:\/\/hoycordobaweb.com\/index.php\/wp-json\/wp\/v2\/comments?post=50944"}],"version-history":[{"count":0,"href":"http:\/\/hoycordobaweb.com\/index.php\/wp-json\/wp\/v2\/posts\/50944\/revisions"}],"wp:featuredmedia":[{"embeddable":true,"href":"http:\/\/hoycordobaweb.com\/index.php\/wp-json\/wp\/v2\/media\/50945"}],"wp:attachment":[{"href":"http:\/\/hoycordobaweb.com\/index.php\/wp-json\/wp\/v2\/media?parent=50944"}],"wp:term":[{"taxonomy":"category","embeddable":true,"href":"http:\/\/hoycordobaweb.com\/index.php\/wp-json\/wp\/v2\/categories?post=50944"},{"taxonomy":"post_tag","embeddable":true,"href":"http:\/\/hoycordobaweb.com\/index.php\/wp-json\/wp\/v2\/tags?post=50944"}],"curies":[{"name":"wp","href":"https:\/\/api.w.org\/{rel}","templated":true}]}}