{"id":50910,"date":"2022-11-04T15:41:36","date_gmt":"2022-11-04T15:41:36","guid":{"rendered":"https:\/\/www.mujerhoy.com\/moda\/no-te-pierdas\/mar-flores-look-rejuvenecedor-rosa-version-low-cost-zara-20221104164113-nt.html"},"modified":"2022-11-04T15:41:36","modified_gmt":"2022-11-04T15:41:36","slug":"el-look-rejuvenecedor-de-mar-flores-en-rosa-con-falda-mini-y-zapatillas-blancas-que-puedes-conseguir-en-zara","status":"publish","type":"post","link":"http:\/\/hoycordobaweb.com\/index.php\/2022\/11\/04\/el-look-rejuvenecedor-de-mar-flores-en-rosa-con-falda-mini-y-zapatillas-blancas-que-puedes-conseguir-en-zara\/","title":{"rendered":"El look rejuvenecedor de Mar Flores en rosa con falda mini y zapatillas blancas que puedes conseguir en Zara"},"content":{"rendered":"<p><!-- AUTHOR --><!-- COMPONENTS --><\/p>\n<p class=\"voc-paragraph\">A estas alturas ya te habr\u00e1s dado cuenta de que hay algunos colores que sienta de maravilla e incluso rejuvenecen. Entre ellos se encuentra <a data-voc-vtm-id=\"in-text-traffic\" href=\"https:\/\/www.mujerhoy.com\/moda\/tendencias\/como-llevar-looks-color-rosa-rejuvenecen-quitan-anos-favorecen-tendencias-barbiecore-otono-20221008120351-ga.html\">el rosa<\/a>, un tono muy favorecedor que adem\u00e1s, combina muy bien con los cl\u00e1sicos como el negro, o el blanco. Es uno de los m\u00e1s elegidos de la temporada con el que muchas mujeres se sientan favorecidas y con un aspecto m\u00e1s juvenil. <\/p>\n<p class=\"voc-paragraph\">Poco puede salir mal cuando llevamos <i>looks<\/i> en rosa. Incluso para muchas celebrities se ha convertido en su tonalidad estrella, pero no solo con una prenda sino a modo de <i>total look<\/i>. As\u00ed lo comprobamos hace unos meses cuando <a data-voc-vtm-id=\"in-text-traffic\" href=\"https:\/\/www.mujerhoy.com\/moda\/no-te-pierdas\/penelope-cruz-vestido-rosa-chanel-zara-espectacular-copia-barata-look-primavera-tendencia-20220308075246-nt.html\">Pen\u00e9lope Cruz lo llev\u00f3 en una presentaci\u00f3n con un conjunto de rosa de Chanel.<\/a><\/p>\n<p class=\"voc-paragraph\">Pues bien, ahora quien se ha sumado a este color y este tipo de estilismos, ha sido <a data-voc-vtm-id=\"in-text-traffic\" href=\"https:\/\/www.mujerhoy.com\/temas\/personajes\/mar-flores.html\">Mar Flores<\/a>. La modelo e <i>influencer<\/i> no para de sorprendernos en los \u00faltimos d\u00edas con sus apariciones algo m\u00e1s modernas y juveniles. \u00bfEl \u00faltimo? Hace unas semanas con una cazadora de cuero de lo m\u00e1s original.\n<\/p>\n<p class=\"voc-paragraph\">Ahora Mar ha sorprendido de nuevo en su perfil de Instagram con un total look en color rosa pastel de una de las marcas favoritas de las francesas. Nos hemos enamorado por completo de su outfit compuesto por una chaqueta y minifalda estilo <i>tweed<\/i> en rosa.\n<\/p>\n<p class=\"voc-paragraph\">La modelo ha a\u00f1adido a este original y juvenil estilismo una coleta con unos mechones sueltos en la parte frontal. Acompa\u00f1\u00f3 su <i>look<\/i> con pendientes largos en dorado y unas zapatillas blancas de la marca Golden Goose, una de las m\u00e1s buscadas en redes sociales.\n<\/p>\n<p class=\"voc-paragraph\">Parece que el conjunto no es de nueva colecci\u00f3n, porque no lo hemos encontrado disponible en la web, pero lo que s\u00ed tenemos claro es que un combo supertendencia que quita a\u00f1os de encima. La buena noticia es que en el <i>low cost<\/i> hemos fichado una versi\u00f3n muy similar.\n<\/p>\n<p class=\"voc-paragraph\">Nos referimos a este espectacular conjunto de tweed que ha lanzado Zara y que se parece mucho a la opci\u00f3n de Mar flores. Est\u00e1 compuesto por <strong>una chaqueta corta con botones forrados en la parte central<\/strong>, manga larga y cuello redondo. Es una chaqueta que cuesta <strong>27,95 euros.<\/strong><\/p>\n<div class=\"voc-detail-photo-zoom\"><picture data-toggle=\"modal\" data-target=\"#photoZoomModal-72\" target=\"modal\">\n<div class=\"voc-img-icon-link\"><img loading=\"lazy\" data-original=\"\/\/static1.mujerhoy.com\/www\/multimedia\/202211\/02\/media\/cortadas\/conjunto-tweed-zara-rosa-kipF--460x637@MujerHoy.jpeg\" class=\"lazy\" alt=\"Conjunto de tweed en color rosa de Zara. Foto: Zara.\"><noscript><img src=\"http:\/\/hoycordobaweb.com\/wp-content\/uploads\/2022\/11\/el-look-rejuvenecedor-de-mar-flores-en-rosa-con-falda-mini-y-zapatillas-blancas-que-puedes-conseguir-en-zara.jpg\" alt=\"Conjunto de tweed en color rosa de Zara. Foto: Zara.\"><\/noscript><i class=\"voc-icons zoom voc-multimedia-box voc-ico-l\"><\/i><\/div><figcaption class=\"figure-caption\">Conjunto de tweed en color rosa de Zara. Foto: Zara.<\/figcaption><\/picture><\/div>\n<div id=\"photoZoomModal-72\" class=\"voc-lightbox modal fade voc-lightbox--photo-zoom\" role=\"dialog\" data-voc-photozoom-lightbox>\n<div class=\"voc-lightbox__dialog\" role=\"document\">\n<div class=\"voc-lightbox__content\"><!-- Modal header --><!-- Modal content --><\/p>\n<div class=\"voc-lightbox__photo-container\"><picture class><img loading=\"lazy\" data-original=\"\/\/static1.mujerhoy.com\/www\/multimedia\/202211\/02\/media\/cortadas\/conjunto-tweed-zara-rosa-kipF--460x637@MujerHoy.jpeg\" alt=\"Conjunto de tweed en color rosa de Zara. Foto: Zara.\" class=\"lazy\"><noscript><img src=\"http:\/\/hoycordobaweb.com\/wp-content\/uploads\/2022\/11\/el-look-rejuvenecedor-de-mar-flores-en-rosa-con-falda-mini-y-zapatillas-blancas-que-puedes-conseguir-en-zara.jpg\" alt=\"Conjunto de tweed en color rosa de Zara. Foto: Zara.\"><\/noscript><\/picture><\/div>\n<\/div>\n<\/div>\n<\/div>\n<p class=\"voc-paragraph\">Por otro lado, encontramos la falda mini de punto con tiro alto, cintura el\u00e1stica y bajo en evas\u00e9. Es <strong>una falda de Zara<\/strong> que va a conjunto con la chaqueta y que cuesta 22,99 euros. De momento est\u00e1 disponible en todas las tallas, desde <strong>la S hasta la L.<\/strong><\/p>\n<p><!-- TOPICS --><\/p>\n","protected":false},"excerpt":{"rendered":"<p>A estas alturas ya te habr\u00e1s dado cuenta de que hay algunos colores que sienta de maravilla e incluso rejuvenecen. Entre ellos se encuentra el rosa, un tono muy favorecedor que adem\u00e1s, combina muy bien con los cl\u00e1sicos como el negro, o el blanco. Es uno de los m\u00e1s elegidos de la temporada con el [&hellip;]<\/p>\n","protected":false},"author":1,"featured_media":50911,"comment_status":"closed","ping_status":"closed","sticky":false,"template":"","format":"standard","meta":[],"categories":[1],"tags":[],"_links":{"self":[{"href":"http:\/\/hoycordobaweb.com\/index.php\/wp-json\/wp\/v2\/posts\/50910"}],"collection":[{"href":"http:\/\/hoycordobaweb.com\/index.php\/wp-json\/wp\/v2\/posts"}],"about":[{"href":"http:\/\/hoycordobaweb.com\/index.php\/wp-json\/wp\/v2\/types\/post"}],"author":[{"embeddable":true,"href":"http:\/\/hoycordobaweb.com\/index.php\/wp-json\/wp\/v2\/users\/1"}],"replies":[{"embeddable":true,"href":"http:\/\/hoycordobaweb.com\/index.php\/wp-json\/wp\/v2\/comments?post=50910"}],"version-history":[{"count":0,"href":"http:\/\/hoycordobaweb.com\/index.php\/wp-json\/wp\/v2\/posts\/50910\/revisions"}],"wp:featuredmedia":[{"embeddable":true,"href":"http:\/\/hoycordobaweb.com\/index.php\/wp-json\/wp\/v2\/media\/50911"}],"wp:attachment":[{"href":"http:\/\/hoycordobaweb.com\/index.php\/wp-json\/wp\/v2\/media?parent=50910"}],"wp:term":[{"taxonomy":"category","embeddable":true,"href":"http:\/\/hoycordobaweb.com\/index.php\/wp-json\/wp\/v2\/categories?post=50910"},{"taxonomy":"post_tag","embeddable":true,"href":"http:\/\/hoycordobaweb.com\/index.php\/wp-json\/wp\/v2\/tags?post=50910"}],"curies":[{"name":"wp","href":"https:\/\/api.w.org\/{rel}","templated":true}]}}