{"id":5091,"date":"2020-11-13T08:00:33","date_gmt":"2020-11-13T08:00:33","guid":{"rendered":"https:\/\/www.espinof.com\/estrenos\/estrenos-cine-dramas-norteamerica-rural-terapias-pareja-horrores-latinos"},"modified":"2020-11-13T08:00:33","modified_gmt":"2020-11-13T08:00:33","slug":"estrenos-de-cine-dramas-en-la-norteamerica-rural-terapias-de-pareja-y-horrores-latinos","status":"publish","type":"post","link":"http:\/\/hoycordobaweb.com\/index.php\/2020\/11\/13\/estrenos-de-cine-dramas-en-la-norteamerica-rural-terapias-de-pareja-y-horrores-latinos\/","title":{"rendered":"Estrenos de cine: dramas en la Norteam\u00e9rica rural, terapias de pareja y horrores latinos"},"content":{"rendered":"<p>Ya queda un fin de semana menos para dar la despedida a un 2020 que, como hemos comentado en los \u00faltimos repasos a los <a href=\"http:\/\/www.espinof.com\/tag\/estrenos\">estrenos de cartelera<\/a>, <strong>contin\u00faa exento de esos estrenos de grandes estudios a los que est\u00e1bamos acostumbrados viernes s\u00ed, y viernes tambi\u00e9n, en la antigua normalidad<\/strong>. Pero como hay que mirar las cosas del modo m\u00e1s positivo posible, celebremos que esto va a permitirnos fijarnos en un cine que, de otro modo, podr\u00eda pasar desapercibido.<\/p>\n<p><!-- BREAK 1 --><\/p>\n<p>Este <strong>viernes 13 de noviembre<\/strong>, adem\u00e1s del estreno limitado de lo nuevo de <a href=\"http:\/\/www.espinof.com\/tag\/ron-howard\">Ron Howard<\/a> antes de su llegada a Netflix, podremos disfrutar de un buen n\u00famero de <strong>documentales<\/strong> espa\u00f1oles \u2014y uno brit\u00e1nico nominado al \u00d3scar\u2014, de una peculiar exploraci\u00f3n del mito de la Llorona en clave de denuncia sociopol\u00edtica y de un par de <strong>comedias nacionales<\/strong> con las que aliviar el mal humor inherente al a\u00f1o que estamos viviendo. <\/p>\n<p><!-- BREAK 2 --> <!--more--><\/p>\n<div class=\"article-asset article-asset-normal article-asset-center\">\n<div class=\"desvio-container\">\n<div class=\"desvio\">\n<div class=\"desvio-figure js-desvio-figure\"> <a href=\"https:\/\/www.espinof.com\/listas\/mejores-peliculas-netflix-2020\"> <img alt=\" Las 15 mejores pel\u00edculas de Netflix en 2020 (hasta ahora)\" src=\"http:\/\/hoycordobaweb.com\/wp-content\/uploads\/2020\/11\/estrenos-de-cine-dramas-en-la-norteamerica-rural-terapias-de-pareja-y-horrores-latinos.jpg\"> <\/a> <\/div><\/div><\/div>\n<\/div>\n<h3>&#8216;Hillbilly, una eleg\u00eda rural&#8217; (&#8216;Hillbilly Elegy&#8217;, 2020)<\/h3>\n<div class=\"article-asset-video article-asset-normal\">\n<div class=\"asset-content\">\n<p> <iframe width=\"650\" height=\"366\" src=\"\/\/www.youtube.com\/embed\/PrlmlDWu5ag\" allowfullscreen>[embedded content]<\/iframe> <\/p>\n<\/p><\/div>\n<\/div>\n<p><strong>A favor<\/strong>: Pocos reclamos mejores se me ocurren para vender un largometraje que la combinaci\u00f3n de un director del nivel de Ron Howard con dos int\u00e9rpretes protagonistas como Amy Adams y Glenn Close. La buena mano de su director para suavizar tonos y abrazar el drama sin demasiadas estridencias podr\u00eda sentarle de maravilla a una cinta como esta.<\/p>\n<p><!-- BREAK 3 --><\/p>\n<p><strong>En contra<\/strong>: Parece que el bueno de Howard y la guionista Vanessa Taylor no han podido evitar plagar de clich\u00e9s y t\u00f3picos m\u00e1s o menos desafortunados su retrato de la norteam\u00e9rica rural en la que se ambienta el filme.<\/p>\n<p><!-- BREAK 4 --><\/p>\n<h3>&#8216;Ni de co\u00f1a&#8217; (2020)<\/h3>\n<div class=\"article-asset-video article-asset-normal\">\n<div class=\"asset-content\">\n<p> <iframe width=\"650\" height=\"366\" src=\"\/\/www.youtube.com\/embed\/Sdp1lw-gVWs\" allowfullscreen>[embedded content]<\/iframe> <\/p>\n<\/p><\/div>\n<\/div>\n<p><strong>A favor<\/strong>: Los amantes del panorama c\u00f3mico nacional encontrar\u00e1n un buen gancho en el reparto de la pel\u00edcula, en el que coinciden int\u00e9rpretes como Goyo Jim\u00e9nez, J.J. Vaquero, Jordi S\u00e1nchez o Nathalie Sese\u00f1a. <\/p>\n<p><!-- BREAK 5 --><\/p>\n<p><strong>En contra<\/strong>: Lo visto en el tr\u00e1iler deja entrever un sentido del humor algo trasnochado que, por otro lado, seguro que encuentra a su p\u00fablico. <\/p>\n<p><!-- BREAK 6 --><\/p>\n<h3>&#8216;La llorona&#8217; (2019)<\/h3>\n<div class=\"article-asset-video article-asset-normal\">\n<div class=\"asset-content\">\n<p> <iframe width=\"650\" height=\"366\" src=\"\/\/www.youtube.com\/embed\/SVf8in0dj9s\" allowfullscreen>[embedded content]<\/iframe> <\/p>\n<\/p><\/div>\n<\/div>\n<p><strong>A favor<\/strong>: La inteligencia de la pel\u00edcula a la hora de aprovechar el terror\u00edfico mito de la cultura latina para dar forma a un discurso sociopol\u00edtico que explora el genocidio guatemalteco. Formalmente luce a un nivel fant\u00e1stico, especialmente en lo que respecta al sonido.<\/p>\n<p><!-- BREAK 7 --><\/p>\n<p><strong>En contra<\/strong>: Su fusi\u00f3n de g\u00e9nero fant\u00e1stico y hechos reales podr\u00eda resultar algo estridente. Pese a la visceralidad del tema tratado, &#8216;La llorona&#8217; peca de aproximarse con demasiada frialdad a su historia.<\/p>\n<p><!-- BREAK 8 --><\/p>\n<h2>Y adem\u00e1s&#8230;<\/h2>\n<h3>&#8216;El a\u00f1o que dejamos de jugar&#8217; (&#8216;Als Hitler das rosa Kaninchen stahl&#8217;, 2019)<\/h3>\n<div class=\"article-asset-video article-asset-normal\">\n<div class=\"asset-content\">\n<p> <iframe width=\"650\" height=\"366\" src=\"\/\/www.youtube.com\/embed\/uZjWeDnr6Sw\" allowfullscreen>[embedded content]<\/iframe> <\/p>\n<\/p><\/div>\n<\/div>\n<p>Caroline Link dirige este filme alem\u00e1n, nominado a mejor film infantil en los Premios de la academia germana, ambientado durante el auge del nazismo en el Berl\u00edn de los a\u00f1os 30.<\/p>\n<p><!-- BREAK 9 --><\/p>\n<h3>&#8216;Para Sama&#8217; (&#8216;For Sama&#8217;, 2019)<\/h3>\n<div class=\"article-asset-video article-asset-normal\">\n<div class=\"asset-content\">\n<p> <iframe width=\"650\" height=\"366\" src=\"\/\/www.youtube.com\/embed\/zoqXGULefMg\" allowfullscreen>[embedded content]<\/iframe> <\/p>\n<\/p><\/div>\n<\/div>\n<p>Waad al-Kateab y Edward Watts dirigen la nominada al \u00d3scar al mejor documental 2019 &#8216;Para Sama&#8217;, centrada en una mujer y madre atrapada en el conflicto b\u00e9lico Sirio.<\/p>\n<p><!-- BREAK 10 --><\/p>\n<h3>&#8216;El a\u00f1o del descubrimiento&#8217; (2020)<\/h3>\n<div class=\"article-asset-video article-asset-normal\">\n<div class=\"asset-content\">\n<p> <iframe width=\"650\" height=\"366\" src=\"\/\/www.youtube.com\/embed\/mHNaYe7hF2s\" allowfullscreen>[embedded content]<\/iframe> <\/p>\n<\/p><\/div>\n<\/div>\n<p>El primero de los varios documentales espa\u00f1oles que podremos ver esta semana est\u00e1 dirigido por Luis L\u00f3pez Carrasco, y analiza la Espa\u00f1a de principios de los a\u00f1os 90.<\/p>\n<p><!-- BREAK 11 --><\/p>\n<h3>&#8216;Los Fixies contra los Crabots&#8217; (&#8216;Fiksiki protiv Krabotov (Fixies vs Krabots)&#8217;, 2019)<\/h3>\n<div class=\"article-asset-video article-asset-normal\">\n<div class=\"asset-content\">\n<p> <iframe width=\"650\" height=\"366\" src=\"\/\/www.youtube.com\/embed\/_aHyjthXSmE\" allowfullscreen>[embedded content]<\/iframe> <\/p>\n<\/p><\/div>\n<\/div>\n<p>La propuesta infantil de la semana llega desde Rusia, y es esta secuela de &#8216;Los Fixies: Amigos secretos&#8217;, dirigida por Vasiko Bedoshvili, Ivan Pshonkin y Oleg Uzhinov.<\/p>\n<p><!-- BREAK 12 --><\/p>\n<h3>&#8216;\u00bfConoces a Tom\u00e1s?&#8217; (2019)<\/h3>\n<div class=\"article-asset-video article-asset-normal\">\n<div class=\"asset-content\">\n<p> <iframe width=\"650\" height=\"366\" src=\"\/\/www.youtube.com\/embed\/j7NJq8w04rw\" allowfullscreen>[embedded content]<\/iframe> <\/p>\n<\/p><\/div>\n<\/div>\n<p>Desde M\u00e9xico, Mar\u00eda Torres nos trae una comedia dram\u00e1tica con un toque social relacionado con el autismo.<\/p>\n<p><!-- BREAK 13 --><\/p>\n<h3>&#8216;Palabras para un fin del mundo&#8217; (2020)<\/h3>\n<div class=\"article-asset-video article-asset-normal\">\n<div class=\"asset-content\">\n<p> <iframe width=\"650\" height=\"366\" src=\"\/\/www.youtube.com\/embed\/TCwa6-1hcsU\" allowfullscreen>[embedded content]<\/iframe> <\/p>\n<\/p><\/div>\n<\/div>\n<p>Manuel Mench\u00f3n escribe y dirige &#8216;Palabras para un fin del mundo&#8217;; un documental centrado en la figura de Miguel de Unamuno, y en su fallecimiento y funeral con honores falangistas.<\/p>\n<p><!-- BREAK 14 --><\/p>\n<h3>&#8216;\u00a1Ni te me acerques!&#8217; (2020)<\/h3>\n<div class=\"article-asset-video article-asset-normal\">\n<div class=\"asset-content\">\n<p> <iframe width=\"650\" height=\"366\" src=\"\/\/www.youtube.com\/embed\/gmekzkxf6a8\" allowfullscreen>[embedded content]<\/iframe> <\/p>\n<\/p><\/div>\n<\/div>\n<p>Norberto Ramos del Val dirige esta comedia espa\u00f1ola ambientada en plena pandemia de Coronavirus.<\/p>\n<h3>&#8216;Bajo el silencio&#8217; (2020)<\/h3>\n<div class=\"article-asset-video article-asset-normal\">\n<div class=\"asset-content\">\n<p> <iframe width=\"650\" height=\"366\" src=\"\/\/www.youtube.com\/embed\/Ud4ehnAwZA8\" allowfullscreen>[embedded content]<\/iframe> <\/p>\n<\/p><\/div>\n<\/div>\n<p>Cierra los estrenos de la semana este largometraje en el que el documentalista I\u00f1aki Areta explora el conflicto vasco desde la perspectiva de antiguos miembros de la banda terrorista ETA.<\/p>\n<p><!-- BREAK 15 --><\/p>\n<p>Si los estrenos de esta semana no te llaman la atenci\u00f3n o quieres recuperar t\u00edtulos que llevan m\u00e1s tiempo en cartelera, recuerda que puedes echar un vistazo a las pel\u00edculas en cartel de <a href=\"https:\/\/www.espinof.com\/estrenos\/estrenos-cine-tragedias-familiares-anhelos-nuevas-vidas-palacios-decimononicos\">la semana pasada<\/a> y <a href=\"https:\/\/www.espinof.com\/estrenos\/estrenos-cine-brujeria-para-todos-publicos-conflictos-pareja-romances-epoca\">la anterior<\/a>.<\/p>\n<p><!-- BREAK 16 --> <\/p>\n","protected":false},"excerpt":{"rendered":"<p>Ya queda un fin de semana menos para dar la despedida a un 2020 que, como hemos comentado en los \u00faltimos repasos a los estrenos de cartelera, contin\u00faa exento de esos estrenos de grandes estudios a los que est\u00e1bamos acostumbrados viernes s\u00ed, y viernes tambi\u00e9n, en la antigua normalidad. Pero como hay que mirar las [&hellip;]<\/p>\n","protected":false},"author":1,"featured_media":5092,"comment_status":"open","ping_status":"closed","sticky":false,"template":"","format":"standard","meta":[],"categories":[1],"tags":[],"_links":{"self":[{"href":"http:\/\/hoycordobaweb.com\/index.php\/wp-json\/wp\/v2\/posts\/5091"}],"collection":[{"href":"http:\/\/hoycordobaweb.com\/index.php\/wp-json\/wp\/v2\/posts"}],"about":[{"href":"http:\/\/hoycordobaweb.com\/index.php\/wp-json\/wp\/v2\/types\/post"}],"author":[{"embeddable":true,"href":"http:\/\/hoycordobaweb.com\/index.php\/wp-json\/wp\/v2\/users\/1"}],"replies":[{"embeddable":true,"href":"http:\/\/hoycordobaweb.com\/index.php\/wp-json\/wp\/v2\/comments?post=5091"}],"version-history":[{"count":0,"href":"http:\/\/hoycordobaweb.com\/index.php\/wp-json\/wp\/v2\/posts\/5091\/revisions"}],"wp:featuredmedia":[{"embeddable":true,"href":"http:\/\/hoycordobaweb.com\/index.php\/wp-json\/wp\/v2\/media\/5092"}],"wp:attachment":[{"href":"http:\/\/hoycordobaweb.com\/index.php\/wp-json\/wp\/v2\/media?parent=5091"}],"wp:term":[{"taxonomy":"category","embeddable":true,"href":"http:\/\/hoycordobaweb.com\/index.php\/wp-json\/wp\/v2\/categories?post=5091"},{"taxonomy":"post_tag","embeddable":true,"href":"http:\/\/hoycordobaweb.com\/index.php\/wp-json\/wp\/v2\/tags?post=5091"}],"curies":[{"name":"wp","href":"https:\/\/api.w.org\/{rel}","templated":true}]}}