{"id":50882,"date":"2022-11-04T19:01:57","date_gmt":"2022-11-04T19:01:57","guid":{"rendered":"https:\/\/www.espinof.com\/anime\/aquella-vez-que-dragon-ball-super-one-piece-estuvieron-conectadas-gracias-a-este-detalle-anime"},"modified":"2022-11-04T19:01:57","modified_gmt":"2022-11-04T19:01:57","slug":"aquella-vez-que-dragon-ball-super-y-one-piece-estuvieron-conectadas-gracias-a-este-detalle-en-el-anime","status":"publish","type":"post","link":"http:\/\/hoycordobaweb.com\/index.php\/2022\/11\/04\/aquella-vez-que-dragon-ball-super-y-one-piece-estuvieron-conectadas-gracias-a-este-detalle-en-el-anime\/","title":{"rendered":"Aquella vez que &#8216;Dragon Ball Super&#8217; y &#8216;One Piece&#8217; estuvieron conectadas gracias a este detalle en el anime"},"content":{"rendered":"<p>&#8216;<a href=\"https:\/\/www.espinof.com\/listas\/dragon-ball-como-ver-orden-toda-saga-creada-akira-toriyama\">Dragon Ball<\/a>&#8216; y &#8216;<a href=\"https:\/\/www.espinof.com\/listas\/como-ver-one-piece-relleno-que-episodios-se-pueden-saltar-larguisimo-e-iconico-anime-miedo-a-perderse-nada\">One Piece<\/a>&#8216; son sin duda las dos grandes series de <strong>anime<\/strong>, y cuyas pel\u00edculas este verano han demostrado que no importa cu\u00e1ntos a\u00f1os pasen porque siguen atrayendo a millones de fans incansables.<\/p>\n<p><!-- BREAK 1 --><\/p>\n<p>As\u00ed que con dos series as\u00ed de masivas, es normal que de vez en cuando tengamos peque\u00f1as <strong>referencias<\/strong> donde se unen, aunque sea por un breve momento.<\/p>\n<p><!-- BREAK 2 --> <\/p>\n<h2>Krillin y los piratas<\/h2>\n<p>Bueno, ya de entrada ambas series est\u00e1n unidas por <strong>Mayumi Tanaka<\/strong>, <strong>quien dobla a Krilin en &#8216;Dragon Ball&#8217; y a Monkey D. Luffy en &#8216;One Piece&#8217;<\/strong>. La legendaria actriz ya lleva varias d\u00e9cadas encarg\u00e1ndose de ambos personajes, y en &#8216;<a href=\"https:\/\/www.espinof.com\/animacion\/dragon-ball-super-un-regreso-decepcionante-y-muy-mal-planteado\">Dragon Ball Super&#8217;<\/a> hubo en su momento un peque\u00f1o gui\u00f1o a los trabajos de Tanaka.<\/p>\n<p><!-- BREAK 3 --><\/p>\n<p>En un cap\u00edtulo de &#8216;Dragon Ball Super&#8217; hay un momento en el que suena el m\u00f3vil de <strong>Krilin<\/strong>, y por su puesto su tono de llamada es una versi\u00f3n instrumental de &#8216;<strong>We Are&#8217;, el primer tema de opening de &#8216;One Piece&#8217;<\/strong>.<\/p>\n<p><!-- BREAK 4 --><\/p>\n<blockquote class=\"twitter-tweet\" readability=\"4.3489932885906\">\n<p lang=\"en\" dir=\"ltr\">BRO I JUST NOTICED KRILLIN HAS THE ONE PIECE OPENING AS HIS RINGTON LMAOOO <a href=\"https:\/\/t.co\/UpbPsNK9AV\">pic.twitter.com\/UpbPsNK9AV<\/a><\/p>\n<p>\u2014 Johnny \ud83c\udf83 (@JohnnyLockson) <a href=\"https:\/\/twitter.com\/JohnnyLockson\/status\/1563966275230896130?ref_src=twsrc%5Etfw\">August 28, 2022<\/a><\/p><\/blockquote>\n<p>&#8216;We Are&#8217; es una de las canciones m\u00e1s ic\u00f3nicas de &#8216;<strong>One Piece<\/strong>&#8216; y todav\u00eda se siguen oyendo a menudo variaciones en la serie durante momentos puntuales, e incluso se hizo un nuevo opening con el tema para conmemorar el cap\u00edtulo 1000 del anime.<\/p>\n<p><!-- BREAK 5 --><\/p>\n<div class=\"article-asset article-asset-normal article-asset-center\">\n<div class=\"desvio-container\">\n<div class=\"desvio\">\n<div class=\"desvio-figure js-desvio-figure\"> <a href=\"https:\/\/www.espinof.com\/criticas\/one-piece-film-red-aventura-divertida-desenfadada-precioso-homenaje-a-25-anos-manga-eiichiro-oda\"> <img alt=\"'One Piece Film Red' es una aventura divertida y desenfadada con un precioso homenaje a los 25 a\u00f1os del manga de Eiichiro Oda\" src=\"http:\/\/hoycordobaweb.com\/wp-content\/uploads\/2022\/11\/aquella-vez-que-dragon-ball-super-y-one-piece-estuvieron-conectadas-gracias-a-este-detalle-en-el-anime.jpg\"> <\/a> <\/div><\/div><\/div>\n<\/div>\n<p>No es la primera vez que se unen &#8216;<strong>One Piece<\/strong>&#8216; y &#8216;<strong>Dragon Ball<\/strong>&#8216; en el anime, y de hecho en 2013 incluso hubo un especial animado en el que Luffy y Goku aparecieron juntos.<\/p>\n<p><!-- BREAK 6 --><\/p>\n<p>Fue en &#8216;<strong>Dream 9 Toriko &amp; One Piece &amp; Dragon Ball Z Super Collaboration Special&#8217;, <\/strong>un crossover por el tercer aniversario del anime de &#8216;<strong>Toriko<\/strong>&#8216;. Anteriormente ya tuvieron tambi\u00e9n un crossover en 2006 en el manga colaborativo &#8216;Cross Epoch&#8217;.<\/p>\n<p><!-- BREAK 7 --> <\/p>\n","protected":false},"excerpt":{"rendered":"<p>&#8216;Dragon Ball&#8216; y &#8216;One Piece&#8216; son sin duda las dos grandes series de anime, y cuyas pel\u00edculas este verano han demostrado que no importa cu\u00e1ntos a\u00f1os pasen porque siguen atrayendo a millones de fans incansables. As\u00ed que con dos series as\u00ed de masivas, es normal que de vez en cuando tengamos peque\u00f1as referencias donde se [&hellip;]<\/p>\n","protected":false},"author":1,"featured_media":50883,"comment_status":"open","ping_status":"closed","sticky":false,"template":"","format":"standard","meta":[],"categories":[1],"tags":[],"_links":{"self":[{"href":"http:\/\/hoycordobaweb.com\/index.php\/wp-json\/wp\/v2\/posts\/50882"}],"collection":[{"href":"http:\/\/hoycordobaweb.com\/index.php\/wp-json\/wp\/v2\/posts"}],"about":[{"href":"http:\/\/hoycordobaweb.com\/index.php\/wp-json\/wp\/v2\/types\/post"}],"author":[{"embeddable":true,"href":"http:\/\/hoycordobaweb.com\/index.php\/wp-json\/wp\/v2\/users\/1"}],"replies":[{"embeddable":true,"href":"http:\/\/hoycordobaweb.com\/index.php\/wp-json\/wp\/v2\/comments?post=50882"}],"version-history":[{"count":0,"href":"http:\/\/hoycordobaweb.com\/index.php\/wp-json\/wp\/v2\/posts\/50882\/revisions"}],"wp:featuredmedia":[{"embeddable":true,"href":"http:\/\/hoycordobaweb.com\/index.php\/wp-json\/wp\/v2\/media\/50883"}],"wp:attachment":[{"href":"http:\/\/hoycordobaweb.com\/index.php\/wp-json\/wp\/v2\/media?parent=50882"}],"wp:term":[{"taxonomy":"category","embeddable":true,"href":"http:\/\/hoycordobaweb.com\/index.php\/wp-json\/wp\/v2\/categories?post=50882"},{"taxonomy":"post_tag","embeddable":true,"href":"http:\/\/hoycordobaweb.com\/index.php\/wp-json\/wp\/v2\/tags?post=50882"}],"curies":[{"name":"wp","href":"https:\/\/api.w.org\/{rel}","templated":true}]}}