{"id":50848,"date":"2022-11-03T10:29:00","date_gmt":"2022-11-03T10:29:00","guid":{"rendered":"https:\/\/fm-comunicar.com.ar\/contenido\/19747\/coral-canto-libre-celebra-25-anos-con-un-concierto-en-la-casa-de-la-historia"},"modified":"2022-11-03T10:29:00","modified_gmt":"2022-11-03T10:29:00","slug":"coral-canto-libre-celebra-25-anos-con-un-concierto-en-la-casa-de-la-historia","status":"publish","type":"post","link":"http:\/\/hoycordobaweb.com\/index.php\/2022\/11\/03\/coral-canto-libre-celebra-25-anos-con-un-concierto-en-la-casa-de-la-historia\/","title":{"rendered":"Coral Canto Libre celebra 25 a\u00f1os con un concierto en la Casa de la Historia"},"content":{"rendered":"<p>El grupo que dirige Bety Mil\u00e9s brindar\u00e1 un repertorio de canciones que marcaron su historia. Ser\u00e1 este s\u00e1bado 5 de noviembre con entrada libre y gratuita.<img src=\"http:\/\/hoycordobaweb.com\/wp-content\/uploads\/2022\/11\/coral-canto-libre-celebra-25-anos-con-un-concierto-en-la-casa-de-la-historia.jpg\"><\/p>\n","protected":false},"excerpt":{"rendered":"<p>El grupo que dirige Bety Mil\u00e9s brindar\u00e1 un repertorio de canciones que marcaron su historia. Ser\u00e1 este s\u00e1bado 5 de noviembre con entrada libre y gratuita.<\/p>\n","protected":false},"author":1,"featured_media":50849,"comment_status":"closed","ping_status":"closed","sticky":false,"template":"","format":"standard","meta":[],"categories":[18],"tags":[],"_links":{"self":[{"href":"http:\/\/hoycordobaweb.com\/index.php\/wp-json\/wp\/v2\/posts\/50848"}],"collection":[{"href":"http:\/\/hoycordobaweb.com\/index.php\/wp-json\/wp\/v2\/posts"}],"about":[{"href":"http:\/\/hoycordobaweb.com\/index.php\/wp-json\/wp\/v2\/types\/post"}],"author":[{"embeddable":true,"href":"http:\/\/hoycordobaweb.com\/index.php\/wp-json\/wp\/v2\/users\/1"}],"replies":[{"embeddable":true,"href":"http:\/\/hoycordobaweb.com\/index.php\/wp-json\/wp\/v2\/comments?post=50848"}],"version-history":[{"count":0,"href":"http:\/\/hoycordobaweb.com\/index.php\/wp-json\/wp\/v2\/posts\/50848\/revisions"}],"wp:featuredmedia":[{"embeddable":true,"href":"http:\/\/hoycordobaweb.com\/index.php\/wp-json\/wp\/v2\/media\/50849"}],"wp:attachment":[{"href":"http:\/\/hoycordobaweb.com\/index.php\/wp-json\/wp\/v2\/media?parent=50848"}],"wp:term":[{"taxonomy":"category","embeddable":true,"href":"http:\/\/hoycordobaweb.com\/index.php\/wp-json\/wp\/v2\/categories?post=50848"},{"taxonomy":"post_tag","embeddable":true,"href":"http:\/\/hoycordobaweb.com\/index.php\/wp-json\/wp\/v2\/tags?post=50848"}],"curies":[{"name":"wp","href":"https:\/\/api.w.org\/{rel}","templated":true}]}}