{"id":50841,"date":"2022-10-31T17:23:51","date_gmt":"2022-10-31T17:23:51","guid":{"rendered":"https:\/\/fono.fcm.unc.edu.ar\/?p=9931"},"modified":"2022-10-31T17:23:51","modified_gmt":"2022-10-31T17:23:51","slug":"aviso-aulas-virtuales","status":"publish","type":"post","link":"http:\/\/hoycordobaweb.com\/index.php\/2022\/10\/31\/aviso-aulas-virtuales\/","title":{"rendered":"Aviso: Aulas Virtuales"},"content":{"rendered":"<h2 class=\"fusion-post-title\">Aviso: Aulas Virtuales<\/h2>\n<div class=\"post-content\" readability=\"35\">\n<p><img loading=\"lazy\" class=\"alignright size-fusion-400 wp-image-9932\" src=\"https:\/\/fono.fcm.unc.edu.ar\/wp-content\/uploads\/sites\/14\/2022\/10\/313635238_187236413841894_8244465254426950641_n-400x400.jpg\" alt width=\"400\" height=\"400\" srcset=\"https:\/\/fono.fcm.unc.edu.ar\/wp-content\/uploads\/sites\/14\/2022\/10\/313635238_187236413841894_8244465254426950641_n-66x66.jpg 66w, https:\/\/fono.fcm.unc.edu.ar\/wp-content\/uploads\/sites\/14\/2022\/10\/313635238_187236413841894_8244465254426950641_n-150x150.jpg 150w, https:\/\/fono.fcm.unc.edu.ar\/wp-content\/uploads\/sites\/14\/2022\/10\/313635238_187236413841894_8244465254426950641_n-200x200.jpg 200w, https:\/\/fono.fcm.unc.edu.ar\/wp-content\/uploads\/sites\/14\/2022\/10\/313635238_187236413841894_8244465254426950641_n-300x300.jpg 300w, https:\/\/fono.fcm.unc.edu.ar\/wp-content\/uploads\/sites\/14\/2022\/10\/313635238_187236413841894_8244465254426950641_n-400x400.jpg 400w, https:\/\/fono.fcm.unc.edu.ar\/wp-content\/uploads\/sites\/14\/2022\/10\/313635238_187236413841894_8244465254426950641_n-600x600.jpg 600w, https:\/\/fono.fcm.unc.edu.ar\/wp-content\/uploads\/sites\/14\/2022\/10\/313635238_187236413841894_8244465254426950641_n-768x768.jpg 768w, https:\/\/fono.fcm.unc.edu.ar\/wp-content\/uploads\/sites\/14\/2022\/10\/313635238_187236413841894_8244465254426950641_n-800x800.jpg 800w, https:\/\/fono.fcm.unc.edu.ar\/wp-content\/uploads\/sites\/14\/2022\/10\/313635238_187236413841894_8244465254426950641_n-1024x1024.jpg 1024w, https:\/\/fono.fcm.unc.edu.ar\/wp-content\/uploads\/sites\/14\/2022\/10\/313635238_187236413841894_8244465254426950641_n.jpg 1080w\" sizes=\"(max-width: 400px) 100vw, 400px\">Se comunica que el martes 1\u00b0 de noviembre en el horario de 7 a 10 am, las aulas virtuales de la Facultad de Ciencias M\u00e9dicas se encontrar\u00e1n fuera de servicio debido a tareas programadas de mantenimiento por parte de la Prosecretar\u00eda de Inform\u00e1tica UNC.<\/p>\n<\/p><\/div>\n","protected":false},"excerpt":{"rendered":"<p>Aviso: Aulas Virtuales Se comunica que el martes 1\u00b0 de noviembre en el horario de 7 a 10 am, las aulas virtuales de la Facultad de Ciencias M\u00e9dicas se encontrar\u00e1n fuera de servicio debido a tareas programadas de mantenimiento por parte de la Prosecretar\u00eda de Inform\u00e1tica UNC.<\/p>\n","protected":false},"author":1,"featured_media":0,"comment_status":"closed","ping_status":"closed","sticky":false,"template":"","format":"standard","meta":[],"categories":[1],"tags":[],"_links":{"self":[{"href":"http:\/\/hoycordobaweb.com\/index.php\/wp-json\/wp\/v2\/posts\/50841"}],"collection":[{"href":"http:\/\/hoycordobaweb.com\/index.php\/wp-json\/wp\/v2\/posts"}],"about":[{"href":"http:\/\/hoycordobaweb.com\/index.php\/wp-json\/wp\/v2\/types\/post"}],"author":[{"embeddable":true,"href":"http:\/\/hoycordobaweb.com\/index.php\/wp-json\/wp\/v2\/users\/1"}],"replies":[{"embeddable":true,"href":"http:\/\/hoycordobaweb.com\/index.php\/wp-json\/wp\/v2\/comments?post=50841"}],"version-history":[{"count":0,"href":"http:\/\/hoycordobaweb.com\/index.php\/wp-json\/wp\/v2\/posts\/50841\/revisions"}],"wp:attachment":[{"href":"http:\/\/hoycordobaweb.com\/index.php\/wp-json\/wp\/v2\/media?parent=50841"}],"wp:term":[{"taxonomy":"category","embeddable":true,"href":"http:\/\/hoycordobaweb.com\/index.php\/wp-json\/wp\/v2\/categories?post=50841"},{"taxonomy":"post_tag","embeddable":true,"href":"http:\/\/hoycordobaweb.com\/index.php\/wp-json\/wp\/v2\/tags?post=50841"}],"curies":[{"name":"wp","href":"https:\/\/api.w.org\/{rel}","templated":true}]}}