{"id":50805,"date":"2022-11-02T19:31:25","date_gmt":"2022-11-02T19:31:25","guid":{"rendered":"https:\/\/www.espinof.com\/actores-y-actrices\/aspiro-a-que-publico-sienta-que-puede-volar-henry-cavill-habla-futuro-superman-promete-vision-luminosa-que-hombre-acero"},"modified":"2022-11-02T19:31:25","modified_gmt":"2022-11-02T19:31:25","slug":"aspiro-a-que-el-publico-sienta-que-puede-volar-henry-cavill-habla-sobre-el-futuro-de-superman-y-promete-una-vision-mas-luminosa-que-la-de-el-hombre-de-acero","status":"publish","type":"post","link":"http:\/\/hoycordobaweb.com\/index.php\/2022\/11\/02\/aspiro-a-que-el-publico-sienta-que-puede-volar-henry-cavill-habla-sobre-el-futuro-de-superman-y-promete-una-vision-mas-luminosa-que-la-de-el-hombre-de-acero\/","title":{"rendered":"\u00abAspiro a que el p\u00fablico sienta que puede volar\u00bb. Henry Cavill habla sobre el futuro de Superman y promete una visi\u00f3n m\u00e1s luminosa que la de &#8216;El hombre de acero&#8217;"},"content":{"rendered":"<p>Puede que, entre todo el aluvi\u00f3n de <strong>noticias sobre superh\u00e9roes<\/strong>, adaptaciones de c\u00f3mics y dem\u00e1s historias pijameras que nos bombardean semana tras semana, la gran buena nueva de este a\u00f1o 2022 \u2014salvo sorpresas de \u00faltima hora\u2014 haya sido la confirmaci\u00f3n del regreso de <a href=\"https:\/\/www.espinof.com\/tag\/henry-cavill\">Henry Cavill<\/a> a <strong>un papel de Superman para el que parece haber nacido<\/strong>.<\/p>\n<p><!-- BREAK 1 --><\/p>\n<h2>El lado luminoso del kryptoniano<\/h2>\n<p>Despu\u00e9s de su breve aparici\u00f3n en <a href=\"https:\/\/www.espinof.com\/estrenos\/black-adam-que-ocurre-escena-poscreditos-que-puede-suponer-para-futuro-universo-dc\">la escena poscr\u00e9ditos de &#8216;Black Adam&#8217;<\/a> y de haber manifestado su entusiasmo por volver a enfundarse el ic\u00f3nico traje del \u00faltimo hijo de Krypton en sus redes sociales, el actor ha hablado con <a href=\"https:\/\/screenrant.com\/man-of-steel-2-henry-cavill-inspiring-superman\/\">Screen Rant<\/a> sobre <strong>su v\u00ednculo personal con el h\u00e9roe creado por Jerry Siegel y Joe Shuster<\/strong>.<\/p>\n<p><!-- BREAK 2 --> <\/p>\n<blockquote><p>\u00abObviamente, tengo una conexi\u00f3n muy estrecha con el personaje. Y hay algo extraordinariamente especial sobre \u00e9l, sobre su capacidad para dar y amar. No quiero decir rom\u00e1nticamente, me refiero a su amor por la Tierra y por la gente que vive en ella y a hacer que gente se sienta poderosa, hacer que se sientan como Superman\u00bb.<\/p><\/blockquote>\n<p>Adem\u00e1s, Cavill, ha dejado claras <strong>cu\u00e1les son sus expectativas para el retorno a la gran pantalla de Kal-El<\/strong>, y parecen estar completamente alineadas con la idealista filosof\u00eda del personaje.<\/p>\n<p><!-- BREAK 3 --><\/p>\n<blockquote><p>\u00abTengo muchos deseos que, por supuesto, se discutir\u00e1n m\u00e1s adelante. Pero lo m\u00e1s importante, a lo que aspiro, es a que el p\u00fablico salga del cine y sienta que puede volar, que sienta que puede proteger y que sienta que quieren servir a los dem\u00e1s. Ese ser\u00eda mi objetivo\u00bb.<\/p><\/blockquote>\n<div class=\"article-asset article-asset-normal article-asset-center\">\n<div class=\"desvio-container\">\n<div class=\"desvio\">\n<div class=\"desvio-figure js-desvio-figure\"> <a href=\"https:\/\/www.espinof.com\/otros\/hombre-acero-merece-secuela-que-necesitamos-al-superman-zack-snyder-henry-cavill-nuevo-accion\"> <img alt=\"'El hombre de acero' merece una secuela: por qu\u00e9 el Superman de Zack Snyder y Henry Cavill necesita volver a volar en otra pel\u00edcula (sin Batman)\" src=\"http:\/\/hoycordobaweb.com\/wp-content\/uploads\/2022\/11\/aspiro-a-que-el-publico-sienta-que-puede-volar-henry-cavill-habla-sobre-el-futuro-de-superman-y-promete-una-vision-mas-luminosa-que-la-de-el-hombre-de-acero.jpg\"> <\/a> <\/div><\/div><\/div>\n<\/div>\n<p>Todo lo expuesto por Henry Cavill cuadra a la perfecci\u00f3n con el que, seg\u00fan coment\u00f3 con anterioridad, parece que ser\u00e1 <strong>el tono de la nueva aventura de Superman<\/strong>. Una mucho m\u00e1s luminosa y alegre que la planteada por Zack Snyder en su igualmente espl\u00e9ndida <a href=\"https:\/\/www.espinof.com\/criticas\/el-hombre-de-acero-un-superman-diferente-caotico-y-destructivo\">&#8216;El hombre de acero&#8217;<\/a>.<\/p>\n<p><!-- BREAK 4 --><\/p>\n<blockquote><p>\u00abEl personaje significa mucho para mi. Han pasado cinco a\u00f1os. Nunca perd\u00ed la esperanza. Es incre\u00edble estar aqu\u00ed hablando otra vez sobre ello. El personaje tiene un futuro muy brillante por delante. Estoy muy emocionado de contar una historia con un Superman tremendamente alegre\u00bb.<\/p><\/blockquote>\n<p>Este 2022 hemos perdido a un Geralt de Rivia magn\u00edfico tras <a href=\"https:\/\/www.espinof.com\/series-de-ficcion\/henry-cavill-abandona-the-witcher-sorpresa-anuncia-quien-sera-su-sustituto-temporada-4-serie-tendra-a-liam-hemsworth-como-nuevo-geralt-rivia\">la salida de Cavill de &#8216;The Witcher&#8217;<\/a>, pero hemos ganado al que, con permiso de Christopher Reeve, <strong>promete ser el mejor Superman del s\u00e9ptimo arte<\/strong>.<\/p>\n<p><!-- BREAK 5 --> <\/p>\n","protected":false},"excerpt":{"rendered":"<p>Puede que, entre todo el aluvi\u00f3n de noticias sobre superh\u00e9roes, adaptaciones de c\u00f3mics y dem\u00e1s historias pijameras que nos bombardean semana tras semana, la gran buena nueva de este a\u00f1o 2022 \u2014salvo sorpresas de \u00faltima hora\u2014 haya sido la confirmaci\u00f3n del regreso de Henry Cavill a un papel de Superman para el que parece haber [&hellip;]<\/p>\n","protected":false},"author":1,"featured_media":50806,"comment_status":"open","ping_status":"closed","sticky":false,"template":"","format":"standard","meta":[],"categories":[1],"tags":[],"_links":{"self":[{"href":"http:\/\/hoycordobaweb.com\/index.php\/wp-json\/wp\/v2\/posts\/50805"}],"collection":[{"href":"http:\/\/hoycordobaweb.com\/index.php\/wp-json\/wp\/v2\/posts"}],"about":[{"href":"http:\/\/hoycordobaweb.com\/index.php\/wp-json\/wp\/v2\/types\/post"}],"author":[{"embeddable":true,"href":"http:\/\/hoycordobaweb.com\/index.php\/wp-json\/wp\/v2\/users\/1"}],"replies":[{"embeddable":true,"href":"http:\/\/hoycordobaweb.com\/index.php\/wp-json\/wp\/v2\/comments?post=50805"}],"version-history":[{"count":0,"href":"http:\/\/hoycordobaweb.com\/index.php\/wp-json\/wp\/v2\/posts\/50805\/revisions"}],"wp:featuredmedia":[{"embeddable":true,"href":"http:\/\/hoycordobaweb.com\/index.php\/wp-json\/wp\/v2\/media\/50806"}],"wp:attachment":[{"href":"http:\/\/hoycordobaweb.com\/index.php\/wp-json\/wp\/v2\/media?parent=50805"}],"wp:term":[{"taxonomy":"category","embeddable":true,"href":"http:\/\/hoycordobaweb.com\/index.php\/wp-json\/wp\/v2\/categories?post=50805"},{"taxonomy":"post_tag","embeddable":true,"href":"http:\/\/hoycordobaweb.com\/index.php\/wp-json\/wp\/v2\/tags?post=50805"}],"curies":[{"name":"wp","href":"https:\/\/api.w.org\/{rel}","templated":true}]}}