{"id":50771,"date":"2022-11-01T00:04:00","date_gmt":"2022-11-01T00:04:00","guid":{"rendered":"https:\/\/fm-comunicar.com.ar\/contenido\/19735\/colonia-caroya-reactiva-el-proyecto-del-centro-comercial-a-cielo-abierto"},"modified":"2022-11-01T00:04:00","modified_gmt":"2022-11-01T00:04:00","slug":"colonia-caroya-reactiva-el-proyecto-del-centro-comercial-a-cielo-abierto","status":"publish","type":"post","link":"http:\/\/hoycordobaweb.com\/index.php\/2022\/11\/01\/colonia-caroya-reactiva-el-proyecto-del-centro-comercial-a-cielo-abierto\/","title":{"rendered":"Colonia Caroya reactiva el proyecto del Centro Comercial a Cielo Abierto"},"content":{"rendered":"<p>La Provincia financiar\u00e1 el mejoramiento de veredas hasta calle 34. El Gobernador Schiaretti firm\u00f3 el convenio con 15 municipios, entre los que tambi\u00e9n est\u00e1 Jes\u00fas Mar\u00eda.<img src=\"http:\/\/hoycordobaweb.com\/wp-content\/uploads\/2022\/11\/colonia-caroya-reactiva-el-proyecto-del-centro-comercial-a-cielo-abierto.jpg\"><\/p>\n","protected":false},"excerpt":{"rendered":"<p>La Provincia financiar\u00e1 el mejoramiento de veredas hasta calle 34. El Gobernador Schiaretti firm\u00f3 el convenio con 15 municipios, entre los que tambi\u00e9n est\u00e1 Jes\u00fas Mar\u00eda.<\/p>\n","protected":false},"author":1,"featured_media":50772,"comment_status":"closed","ping_status":"closed","sticky":false,"template":"","format":"standard","meta":[],"categories":[18],"tags":[],"_links":{"self":[{"href":"http:\/\/hoycordobaweb.com\/index.php\/wp-json\/wp\/v2\/posts\/50771"}],"collection":[{"href":"http:\/\/hoycordobaweb.com\/index.php\/wp-json\/wp\/v2\/posts"}],"about":[{"href":"http:\/\/hoycordobaweb.com\/index.php\/wp-json\/wp\/v2\/types\/post"}],"author":[{"embeddable":true,"href":"http:\/\/hoycordobaweb.com\/index.php\/wp-json\/wp\/v2\/users\/1"}],"replies":[{"embeddable":true,"href":"http:\/\/hoycordobaweb.com\/index.php\/wp-json\/wp\/v2\/comments?post=50771"}],"version-history":[{"count":0,"href":"http:\/\/hoycordobaweb.com\/index.php\/wp-json\/wp\/v2\/posts\/50771\/revisions"}],"wp:featuredmedia":[{"embeddable":true,"href":"http:\/\/hoycordobaweb.com\/index.php\/wp-json\/wp\/v2\/media\/50772"}],"wp:attachment":[{"href":"http:\/\/hoycordobaweb.com\/index.php\/wp-json\/wp\/v2\/media?parent=50771"}],"wp:term":[{"taxonomy":"category","embeddable":true,"href":"http:\/\/hoycordobaweb.com\/index.php\/wp-json\/wp\/v2\/categories?post=50771"},{"taxonomy":"post_tag","embeddable":true,"href":"http:\/\/hoycordobaweb.com\/index.php\/wp-json\/wp\/v2\/tags?post=50771"}],"curies":[{"name":"wp","href":"https:\/\/api.w.org\/{rel}","templated":true}]}}