{"id":50760,"date":"2022-11-01T02:19:00","date_gmt":"2022-11-01T02:19:00","guid":{"rendered":"http:\/\/hoycordobaweb.com\/index.php\/2022\/11\/01\/lula-da-silva-visitara-argentina-antes-de-asumir-como-presidente-de-brasil\/"},"modified":"2022-11-01T02:19:00","modified_gmt":"2022-11-01T02:19:00","slug":"lula-da-silva-visitara-argentina-antes-de-asumir-como-presidente-de-brasil","status":"publish","type":"post","link":"http:\/\/hoycordobaweb.com\/index.php\/2022\/11\/01\/lula-da-silva-visitara-argentina-antes-de-asumir-como-presidente-de-brasil\/","title":{"rendered":"Lula Da Silva visitar\u00e1 Argentina \u00abantes de asumir\u00bb como presidente de Brasil"},"content":{"rendered":"<p><img src=\"http:\/\/hoycordobaweb.com\/wp-content\/uploads\/2022\/11\/lula-da-silva-visitara-argentina-antes-de-asumir-como-presidente-de-brasil.jpg\"><span><\/p>\n<div class=\"video_repositive\"> <a class=\"video_sticky\" href=\"javascript:void();\" onclick=\"removeStuckVideo(true);\"><i class=\"far fa-window-close\"><\/i><\/a> <\/p>\n<div id=\"26gpydj1JnY\" class=\"video_telam\" readability=\"6\">\n<div class=\"feature_article_inner\" readability=\"32\">\n<p><h2 class=\"text-center\">Fern\u00e1dez y Lula se reunieron en Brasil tras el balotaje<\/h2>\n<\/p><\/div>\n<p>VER VIDEO <i class=\"fas fa-play\"><\/i><\/p>\n<\/p><\/div><\/div>\n<p> <\/span><\/p>\n<p><span>El presidente Alberto Fern\u00e1ndez anticip\u00f3 este lunes que Luiz In\u00e1cio Lula Da Silva visitar\u00e1 Argentina \u00abantes de asumir\u00bb como nuevo presidente de Brasil, luego de mantener un encuentro con el ganador del balotaje en un hotel de San Pablo.<\/span><\/p>\n<p><strong>\u00abMe dijo que nos iba a visitar antes de asumir\u00bb<\/strong>, indic\u00f3 el mandatario en declaraciones a la prensa, y sostuvo que&nbsp;<strong>\u00abcon Lula tendremos un activista para que Argentina entre al Brics\u00bb<\/strong>, la coalici\u00f3n de naciones compuesta por Brasil, Rusia, India, China y Sud\u00e1frica.<\/p>\n<p>En una entrevista con C5N en Brasil, Fern\u00e1ndez dijo adem\u00e1s que si mantuvo silencios durante el gobierno de Jair Bolsonaro fue para \u00abpreservar la responsabilidad institucional, mantener vivo el Mercosur y mantener vivo el v\u00ednculo con Brasil, esperando que las cosas cambien, y hoy cambiaron\u00bb.<\/p>\n<p>El Jefe de Estado tambi\u00e9n revel\u00f3 que mientras estuvo en el Hotel Intercontinental de San Pablo, Lula recibi\u00f3 un llamado del presidente estadounidense Joe Biden.&nbsp;<\/p>\n<p><span><strong>\u00abMientras estaba hablado conmigo atendi\u00f3 un llamado de Joe Biden\u00bb<\/strong>, indic\u00f3 Fern\u00e1ndez y dijo que tras esa conversaci\u00f3n <strong>\u00able di mi mirada de c\u00f3mo tenemos que encarar en este tiempo la relaci\u00f3n con Estados Unidos\u00bb<\/strong>.<\/span><\/p>\n<p><span><strong>\u00abEl gas que podemos sacar de Vaca Muerta puede proveer a todo el sur de Brasil\u00bb<\/strong>, sostuvo Fern\u00e1ndez, al tiempo que revel\u00f3 que habl\u00f3 ese tema con el mandatario electo del vecino pa\u00eds, Lula Da Silva, quien \u00abse mostr\u00f3 muy interesado\u00bb.<\/span><\/p>\n<p><span>El presidente argentino tambi\u00e9n indic\u00f3 que habl\u00f3 con Lula sobre<\/span><span>&nbsp;la relaci\u00f3n econ\u00f3mica entre la Argentina y Brasil y, en ese marco, del intercambio de productos como minerales y alimentos de manera bilateral y de ambos pa\u00edses y de la regi\u00f3n con el mundo.<\/span><\/p>\n<p><span>Alberto Fern\u00e1ndez se reuni\u00f3 este lunes por la tarde con Lula tras <a href=\"https:\/\/www.telam.com.ar\/notas\/202210\/609412-resultados-elecciones-brasil.html\" target=\"_blank\" rel=\"noopener noreferrer\">su triunfo en el balotaje<\/a> que se celebr\u00f3 este domingo en Brasil y con la expectativa de una etapa en la que el l\u00edder del Partido de los Trabajadores (PT) cumplir\u00e1 un liderazgo clave para \u00abvolver a unir a la regi\u00f3n\u00bb.<\/span><\/p>\n<p>Al arribar a la reuni\u00f3n, Fern\u00e1ndez expres\u00f3 querer \u00abdarle el abrazo que merece\u00bb el mandatario electo y agreg\u00f3: <strong>\u00abLula es un hombre de bien, es un l\u00edder en la regi\u00f3n. Estamos muy contentos\u00bb<\/strong>.<\/p>\n<p>En ese marco, record\u00f3 su visita al penal de Curitiba, estado de Paran\u00e1, cuando visit\u00f3 al vencedor del balotaje en Brasil.<\/p>\n<p>El Presidente lleg\u00f3 a la reuni\u00f3n con Lula junto al canciller Santiago Cafiero y el embajador argentino en Brasil, Daniel Scioli.&nbsp;<strong>\u00abMucha expectativa. Reci\u00e9n llegamos y ahora se van a reunir. Despu\u00e9s va a haber un almuerzo\u00bb<\/strong>, dijo unos minutos antes del inicio del encuentro la portavoz de la Presidencia Gabriela Cerruti, tambi\u00e9n presente en la delegaci\u00f3n argentina en Brasil.<\/p>\n<p>Fern\u00e1ndez es el primer presidente que se re\u00fane con el mandatario electo de Brasil tras el balotaje en el que derrot\u00f3 a Bolsonaro con el 50,9% de los votos frente al 49,1% del actual presidente, quien compet\u00eda por su reelecci\u00f3n.<\/p>\n<blockquote class=\"twitter-tweet\" readability=\"5.84\">\n<p lang=\"es\" dir=\"ltr\">Todo mi amor, mi admiraci\u00f3n y mi respeto, querido compa\u00f1ero. Tenemos un futuro que nos abraza y nos convoca.<a href=\"https:\/\/twitter.com\/LulaOficial?ref_src=twsrc%5Etfw\">@LulaOficial<\/a> <a href=\"https:\/\/t.co\/XEbKPI42O0\">pic.twitter.com\/XEbKPI42O0<\/a><\/p>\n<p>\u2014 Alberto Fern\u00e1ndez (@alferdez) <a href=\"https:\/\/twitter.com\/alferdez\/status\/1587124800304078849?ref_src=twsrc%5Etfw\">October 31, 2022<\/a><\/p><\/blockquote>\n<p><span>Alberto Fern\u00e1ndez, quien parti\u00f3 a las 9 rumbo a San Pablo, hab\u00eda expresado m\u00e1s temprano, en una entrevista con Radio Perfil su \u00abprofunda alegr\u00eda\u00bb por el triunfo logrado por el l\u00edder del Partido de los Trabajadores (PT), Luiz In\u00e1cio Lula da Silva, en el balotaje disputado en Brasil, y se\u00f1al\u00f3 que <strong>\u00abes una felicidad contar con un hombre como \u00e9l, con la capacidad de liderazgo que tiene en la regi\u00f3n\u00bb.<\/strong><\/span><\/p>\n<p>Adem\u00e1s de Cafiero y Scioli, viajaron junto con el mandatario el secretario general de la Presidencia, Julio Vitobello; la secretaria de Legal y T\u00e9cnica, Vilma Ibarra; la portavoz de la Presidencia, Gabriela Cerruti; y los diputados del Frente de Todos Eduardo Valdes y Carlos Heller, precisaron fuentes oficiales.<\/p>\n<p><strong>\u00abEs un l\u00edder como no se ha visto antes\u00bb<\/strong>, dijo Alberto Fern\u00e1ndez sobre <a href=\"https:\/\/www.telam.com.ar\/notas\/202210\/609432-lula-presidente-perfil.html\" target=\"_blank\" rel=\"noopener noreferrer\">el l\u00edder del PT.<\/a><\/p>\n<div class=\"video_repositive\"> <a class=\"video_sticky\" href=\"javascript:void();\" onclick=\"removeStuckVideo(true);\"><i class=\"far fa-window-close\"><\/i><\/a> <\/p>\n<div id=\"vrN3E-KD0to\" class=\"video_telam\" readability=\"6.5\">\n<div class=\"feature_article_inner\" readability=\"33\">\n<p><h2 class=\"text-center\">Alberto Fern\u00e1ndez se reuni\u00f3 en San Pablo con Lula, quien anunci\u00f3 su primer viaje a la Argentina<\/h2>\n<\/p><\/div>\n<p>VER VIDEO <i class=\"fas fa-play\"><\/i><\/p>\n<\/p><\/div><\/div>\n<p>En este marco, Alberto Fern\u00e1ndez subray\u00f3 que la asunci\u00f3n de Lula como presidente de Brasil el pr\u00f3ximo 1 de enero de 2023 ayudar\u00e1 a \u00abvolver a unir al continente\u00bb.<\/p>\n<p><strong>\u00abLo he tratado muchas veces, en funciones y como compa\u00f1ero. Tiene una enorme peculiaridad que es un liderazgo aut\u00e9ntico, y llega en un tiempo donde la regi\u00f3n ha tenido muchos cambios. La llegada de Lula puede ayudar en volver a unir al continente, donde la globalizaci\u00f3n est\u00e1 en tela de juicio y adquiere otro significado.<\/strong> En la Celac (Comunidad de Estados Latinoamericanos y Caribe\u00f1os) faltaba la presencia de Brasil\u00bb, asever\u00f3 el presidente argentino.<\/p>\n<p>Adem\u00e1s, destac\u00f3 el valor que \u00abrepresenta pol\u00edticamente\u00bb el triunfo electoral de Lula da Silva en Brasil debido al impacto que tiene su \u00abliderazgo en la regi\u00f3n\u00bb.<\/p>\n<figure class=\"mb-3\"><img loading=\"lazy\" src=\"http:\/\/hoycordobaweb.com\/wp-content\/uploads\/2022\/11\/lula-da-silva-visitara-argentina-antes-de-asumir-como-presidente-de-brasil-2.jpg\" width=\"100%\" height=\"100%\" alt=\"Foto Presidencia\"><figcaption> Foto: Presidencia. <\/figcaption><\/figure>\n<p><span readability=\"32\"><strong>\u00abTengo una profunda alegr\u00eda por lo que representa pol\u00edticamente el triunfo electoral de Luiz In\u00e1cio Lula da Silva en Brasil y por lo que representa su liderazgo en la regi\u00f3n; es una alegr\u00eda \u00edntima, personal\u00bb<\/strong>, subray\u00f3 Fern\u00e1ndez.<\/p>\n<p>Tambi\u00e9n, record\u00f3 que no pens\u00f3 en \u00abespeculaciones\u00bb en el momento en que Lula era candidato y viaj\u00f3 al pa\u00eds vecino para apoyarlo, cuando estaba preso.<\/p>\n<p>\u00abFui muy convencido de verlo a Lula porque de ese modo pod\u00eda llamar la atenci\u00f3n del mundo. Por eso, esa doble sensaci\u00f3n de verlo con alegr\u00eda en libertad y de recuperar su lugar en Brasil. Hay una felicidad latinoamericana de contar con un presidente con el liderazgo que Lula tiene en la regi\u00f3n\u00bb, ponder\u00f3.<\/p>\n<p>Fern\u00e1ndez cont\u00f3 que a Lula lo conoce desde 2002 y describi\u00f3 que tiene como \u00abenorme peculiaridad\u00bb el \u00abliderazgo de los aut\u00e9nticos l\u00edderes\u00bb y \u00abnunca \u00e9l eso lo hace sentir\u00bb sino que \u00abse pone en el lugar de un militante m\u00e1s\u00bb.<\/p>\n<p>El jefe de Estado record\u00f3 el trabajo realizado con el presidente de M\u00e9xico, Andr\u00e9s Manuel L\u00f3pez Obrador, para \u00abunir al continente\u00bb pero remarc\u00f3 que \u00abfaltaba Brasil porque Bolsonaro negaba la importancia de la Celac \u00ab, de la que Fern\u00e1ndez es ahora presidente.<\/p>\n<figure class=\"mb-3\"><img loading=\"lazy\" src=\"http:\/\/hoycordobaweb.com\/wp-content\/uploads\/2022\/11\/lula-da-silva-visitara-argentina-antes-de-asumir-como-presidente-de-brasil-3.jpg\" width=\"100%\" height=\"100%\" alt=\"Foto Leo Vaca\"><figcaption> Foto: Leo Vaca. <\/figcaption><\/figure>\n<p>El domingo por la noche, tras conocerse los resultados, el presidente Alberto Fern\u00e1ndez felicit\u00f3 telef\u00f3nicamente a Lula Da Silva por su triunfo en los comicios, seg\u00fan inform\u00f3 la portavoz de la Presidencia, Gabriela Cerruti.<\/p>\n<p>El Presidente ya hab\u00eda hablado telef\u00f3nicamente con el ahora mandatario electo de Brasil el jueves \u00faltimo, al cumplirse ese d\u00eda el cumplea\u00f1os n\u00famero 77 del obrero y dirigente sindical metal\u00fargico nacido en el estado de Pernambuco, en el nordeste, y establecido desde ni\u00f1o en las afueras de San Pablo, contaron a T\u00e9lam las mismas fuentes.<\/p>\n<p><\/span><\/p>\n","protected":false},"excerpt":{"rendered":"<p>Fern\u00e1dez y Lula se reunieron en Brasil tras el balotaje VER VIDEO El presidente Alberto Fern\u00e1ndez anticip\u00f3 este lunes que Luiz In\u00e1cio Lula Da Silva visitar\u00e1 Argentina \u00abantes de asumir\u00bb como nuevo presidente de Brasil, luego de mantener un encuentro con el ganador del balotaje en un hotel de San Pablo. \u00abMe dijo que nos [&hellip;]<\/p>\n","protected":false},"author":1,"featured_media":50761,"comment_status":"open","ping_status":"closed","sticky":false,"template":"","format":"standard","meta":[],"categories":[19],"tags":[],"_links":{"self":[{"href":"http:\/\/hoycordobaweb.com\/index.php\/wp-json\/wp\/v2\/posts\/50760"}],"collection":[{"href":"http:\/\/hoycordobaweb.com\/index.php\/wp-json\/wp\/v2\/posts"}],"about":[{"href":"http:\/\/hoycordobaweb.com\/index.php\/wp-json\/wp\/v2\/types\/post"}],"author":[{"embeddable":true,"href":"http:\/\/hoycordobaweb.com\/index.php\/wp-json\/wp\/v2\/users\/1"}],"replies":[{"embeddable":true,"href":"http:\/\/hoycordobaweb.com\/index.php\/wp-json\/wp\/v2\/comments?post=50760"}],"version-history":[{"count":0,"href":"http:\/\/hoycordobaweb.com\/index.php\/wp-json\/wp\/v2\/posts\/50760\/revisions"}],"wp:featuredmedia":[{"embeddable":true,"href":"http:\/\/hoycordobaweb.com\/index.php\/wp-json\/wp\/v2\/media\/50761"}],"wp:attachment":[{"href":"http:\/\/hoycordobaweb.com\/index.php\/wp-json\/wp\/v2\/media?parent=50760"}],"wp:term":[{"taxonomy":"category","embeddable":true,"href":"http:\/\/hoycordobaweb.com\/index.php\/wp-json\/wp\/v2\/categories?post=50760"},{"taxonomy":"post_tag","embeddable":true,"href":"http:\/\/hoycordobaweb.com\/index.php\/wp-json\/wp\/v2\/tags?post=50760"}],"curies":[{"name":"wp","href":"https:\/\/api.w.org\/{rel}","templated":true}]}}