{"id":50716,"date":"2022-10-30T12:55:11","date_gmt":"2022-10-30T12:55:11","guid":{"rendered":"https:\/\/www.mujerhoy.com\/moda\/no-te-pierdas\/jersey-verde-falda-lentejuelas-look-rejuvenecedor-elcorteingles-blanca-suarez-20221030135451-nt.html"},"modified":"2022-10-30T12:55:11","modified_gmt":"2022-10-30T12:55:11","slug":"jersey-verde-falda-midi-y-tacon-comodo-el-look-rejuvenecedor-de-el-corte-ingles-que-arrasa","status":"publish","type":"post","link":"http:\/\/hoycordobaweb.com\/index.php\/2022\/10\/30\/jersey-verde-falda-midi-y-tacon-comodo-el-look-rejuvenecedor-de-el-corte-ingles-que-arrasa\/","title":{"rendered":"Jersey verde, falda midi y tac\u00f3n c\u00f3modo: el look rejuvenecedor de El Corte Ingl\u00e9s que arrasa"},"content":{"rendered":"<p><!-- AUTHOR --><!-- COMPONENTS --><\/p>\n<p class=\"voc-paragraph\">A pesar de que nos encantan los combos f\u00e1ciles de vaqueros y camisetas b\u00e1sicas, hay ocasiones en las que apetece cambiar y renovar este tipo de estilismos. Eso s\u00ed, cuando cambiamos nuestro registro habitual surgen dudas. La mejor forma de acertar es inspir\u00e1ndote en los estilismos de algunas firmas o de celebrities. Y la \u00faltima propuesta de <strong>El Corte Ingl\u00e9s<\/strong> donde aparece la actriz espa\u00f1ola <a data-voc-vtm-id=\"in-text-traffic\" href=\"https:\/\/www.mujerhoy.com\/temas\/personajes\/blanca-suarez.html\">Blanca Su\u00e1rez<\/a> es uno de ellos.\n<\/p>\n<p class=\"voc-paragraph\">La actriz es una de las propuestas de El Corte Ingl\u00e9s para la presentaci\u00f3n de su nueva colecci\u00f3n de mujer de invierno. Entre todos los estilismos, sin duda, este ha marcado en absoluto la diferencia. Un <i>look<\/i> con una de las prendas m\u00e1s buscadas de la temporada: <a data-voc-vtm-id=\"in-text-traffic\" href=\"https:\/\/www.mujerhoy.com\/moda\/tendencias\/faldas-lentejuelas-mini-midi-tendencia-look-fiesta-elegante-facil-zara-20211211145806-nt.html\">la falda de lentejuelas<\/a>.\n<\/p>\n<p class=\"voc-paragraph\">Y es que las lentejuelas han pasado de ser un tejido meramente para llevar en la noche, o en la temporada de Navidad, a ser todo uno de los m\u00e1s buscados en el d\u00eda a d\u00eda acompa\u00f1ado de jers\u00e9is de punto. <strong>Un combo rompedor, original que se postula ya desde hace un tiempo como una de las opciones m\u00e1s rejuvenecedoras en moda.<\/strong><\/p>\n<p class=\"voc-paragraph\">Por ese motivo, no nos extra\u00f1a para nada que la falda de lentejuelas que luce <strong>Blanca Su\u00e1rez<\/strong> est\u00e9 agotad\u00edsima. Desde su lanzamiento parece que se ha convertido en uno de los superventas de la firma Tintoretto que puedes conseguir en El Corte Ingl\u00e9s.\n<\/p>\n<p class=\"voc-paragraph\">Nos referimos a esta falda que es una maravilla. <strong>Se trata de una falda de lentejuelas de corte midi en color plateado<\/strong> y con un efecto degradado muy favorecedor. Es una falda que se ajusta bien a la cintura, no es nada ce\u00f1ida y tiene un corte recto.\n<\/p>\n<div class=\"voc-detail__cmp\">\n<div class=\"voc-article-container\">\n<article class=\"voc-article voc-article--cmp-photo-text\" readability=\"26\">\n<div class=\"voc-img-container\" readability=\"7\"><picture>\n<div class=\"voc-horizontal voc-img-icon-link\"><img class=\"lazy\" loading=\"lazy\" data-original=\"\/\/static2.mujerhoy.com\/www\/multimedia\/202210\/29\/media\/cortadas\/falda-lentejuelas-midi-tintoretto-elcorteingles-kuGI--624x624@MujerHoy.jpeg\" alt=\"Falda de lentejuelas de Tintoretto.\"><\/div>\n<\/picture>\n<p class=\"figure-caption \"> Falda de lentejuelas de Tintoretto. \/ <span class=\"voc-photo-author\"> el corte ingl\u00e9s <\/span><\/p>\n<\/div>\n<\/article>\n<\/div>\n<\/div>\n<p class=\"voc-paragraph\">Es una de las propuestas <strong>de la firma Tintoretto<\/strong> que parece haber desaparecido en poco tiempo de sus tiendas, por lo que tampoco sabemos su precio. Sin duda, merece la pena invertir en este tipo de faldas para el invierno ya que te sacan de cualquier apuro r\u00e1pidamente.\n<\/p>\n<p class=\"voc-paragraph\">El resto del look que luce Blanca Su\u00e1rez, si que lo puedes conseguir todav\u00eda en El Corte Ingl\u00e9s. Y atenta, porque si te despistas, puede que ocurra como la falda de lentejuelas y se agote r\u00e1pidamente. Hablamos de un jersey en verde y unos cl\u00e1sicos salones de tac\u00f3n de color negro.\n<\/p>\n<div class=\"voc-detail__cmp\">\n<div class=\"voc-article-container\">\n<article class=\"voc-article voc-article--cmp-photo-text\" readability=\"26\">\n<div class=\"voc-img-container\" readability=\"7\"><picture>\n<div class=\"voc-horizontal voc-img-icon-link\"><img class=\"lazy\" loading=\"lazy\" data-original=\"\/\/static3.mujerhoy.com\/www\/multimedia\/202210\/29\/media\/cortadas\/jersey-verde-punto-elcorteingles-southern-cotton-kuGI--624x624@MujerHoy.jpeg\" alt=\"Jersey verde de alpaca de Southern Cotton.\"><\/div>\n<\/picture>\n<p class=\"figure-caption \"> Jersey verde de alpaca de Southern Cotton. \/ <span class=\"voc-photo-author\"> el corte ingl\u00e9s <\/span><\/p>\n<\/div>\n<\/article>\n<\/div>\n<\/div>\n<p class=\"voc-paragraph\">Por un lado, encontramos este jersey de punto muy gustoso de la firma Southern Cotton. Es un jersey de punto de manga larga, cuello perkins y tejido de alpaca. Tiene un precio de 49,99 euros y est\u00e1 disponible en varias tallas, aunque algunas comienzan a agotarse. Es un jersey perfecto para combinar con faldas midi.\n<\/p>\n<div class=\"voc-detail__cmp\">\n<div class=\"voc-article-container\">\n<article class=\"voc-article voc-article--cmp-photo-text\" readability=\"26\">\n<div class=\"voc-img-container\" readability=\"7\"><picture>\n<div class=\"voc-horizontal voc-img-icon-link\"><img class=\"lazy\" loading=\"lazy\" data-original=\"\/\/static2.mujerhoy.com\/www\/multimedia\/202210\/29\/media\/cortadas\/salones-tacon-color-negro-latouche-kuGI--624x624@MujerHoy.jpeg\" alt=\"Salones de tac\u00f3n de Atelier Latousse.\"><\/div>\n<\/picture>\n<p class=\"figure-caption \"> Salones de tac\u00f3n de Atelier Latousse. \/ <span class=\"voc-photo-author\"> el corte ingl\u00e9s <\/span><\/p>\n<\/div>\n<\/article>\n<\/div>\n<\/div>\n<p class=\"voc-paragraph\">Por otro lado, encontramos estos salones de tac\u00f3n c\u00f3moco en color negro de la marca Latousse. Son un calzado todoterreno y un acierto en cualquier estilismo. Si todav\u00eda no tienes uno en tu armario, ahora es el momento de hacerte con ellos. Estos son parte de la nueva colecci\u00f3n Atelier Latouche, con tac\u00f3n de aguja y en punta. <\/p>\n<p><!-- TOPICS --><\/p>\n","protected":false},"excerpt":{"rendered":"<p>A pesar de que nos encantan los combos f\u00e1ciles de vaqueros y camisetas b\u00e1sicas, hay ocasiones en las que apetece cambiar y renovar este tipo de estilismos. Eso s\u00ed, cuando cambiamos nuestro registro habitual surgen dudas. La mejor forma de acertar es inspir\u00e1ndote en los estilismos de algunas firmas o de celebrities. Y la \u00faltima [&hellip;]<\/p>\n","protected":false},"author":1,"featured_media":50717,"comment_status":"closed","ping_status":"closed","sticky":false,"template":"","format":"standard","meta":[],"categories":[1],"tags":[],"_links":{"self":[{"href":"http:\/\/hoycordobaweb.com\/index.php\/wp-json\/wp\/v2\/posts\/50716"}],"collection":[{"href":"http:\/\/hoycordobaweb.com\/index.php\/wp-json\/wp\/v2\/posts"}],"about":[{"href":"http:\/\/hoycordobaweb.com\/index.php\/wp-json\/wp\/v2\/types\/post"}],"author":[{"embeddable":true,"href":"http:\/\/hoycordobaweb.com\/index.php\/wp-json\/wp\/v2\/users\/1"}],"replies":[{"embeddable":true,"href":"http:\/\/hoycordobaweb.com\/index.php\/wp-json\/wp\/v2\/comments?post=50716"}],"version-history":[{"count":0,"href":"http:\/\/hoycordobaweb.com\/index.php\/wp-json\/wp\/v2\/posts\/50716\/revisions"}],"wp:featuredmedia":[{"embeddable":true,"href":"http:\/\/hoycordobaweb.com\/index.php\/wp-json\/wp\/v2\/media\/50717"}],"wp:attachment":[{"href":"http:\/\/hoycordobaweb.com\/index.php\/wp-json\/wp\/v2\/media?parent=50716"}],"wp:term":[{"taxonomy":"category","embeddable":true,"href":"http:\/\/hoycordobaweb.com\/index.php\/wp-json\/wp\/v2\/categories?post=50716"},{"taxonomy":"post_tag","embeddable":true,"href":"http:\/\/hoycordobaweb.com\/index.php\/wp-json\/wp\/v2\/tags?post=50716"}],"curies":[{"name":"wp","href":"https:\/\/api.w.org\/{rel}","templated":true}]}}