{"id":50623,"date":"2022-10-28T18:16:39","date_gmt":"2022-10-28T18:16:39","guid":{"rendered":"https:\/\/www.espinof.com\/otros\/asi-escena-eliminada-shazam-que-preparaba-llegada-black-adam-al-universo-dc"},"modified":"2022-10-28T18:16:39","modified_gmt":"2022-10-28T18:16:39","slug":"asi-es-la-escena-eliminada-de-shazam-que-preparaba-la-llegada-de-black-adam-al-universo-dc","status":"publish","type":"post","link":"http:\/\/hoycordobaweb.com\/index.php\/2022\/10\/28\/asi-es-la-escena-eliminada-de-shazam-que-preparaba-la-llegada-de-black-adam-al-universo-dc\/","title":{"rendered":"As\u00ed es la escena eliminada de &#8216;\u00a1Shazam!&#8217; que preparaba la llegada de &#8216;Black Adam&#8217; al Universo DC"},"content":{"rendered":"<p><strong>Una escena eliminada de<\/strong> &#8216;<a href=\"https:\/\/www.espinof.com\/criticas\/shazam-fantastico-espectaculo-superheroico-mucho-corazon-que-musculo\">\u00a1Shazam!&#8217;<\/a> <strong>ha resurgido en el mundo online porque &nbsp;&nbsp;parec\u00eda haber insinuado la llegada de<\/strong> &#8216;<a href=\"https:\/\/www.espinof.com\/criticas\/black-adam-entretenido-pasatiempo-antiheroico-que-no-puede-quiere-ir-alla\">Black Adam<\/a>&#8216; al Universo DC. Dada su historia como n\u00e9mesis de Billy Batson, muchos fans esperaban que el personaje hiciera un cameo, pero no fue as\u00ed, ya que la pel\u00edcula se centr\u00f3 en el villano de Mark Strong, el Doctor Sivana, y en establecer un enfrentamiento futuro con Mr. Mind.<\/p>\n<p><!-- BREAK 1 --><\/p>\n<h2>\u00bfEl miembro de \u00abla familia\u00bb ausente?<\/h2>\n<div class=\"article-asset-image article-asset-normal article-asset-center\">\n<div class=\"asset-content\">\n<div class=\"base-wrapper-image\"> <img class=\"sf-lazy centro_sinmarco\" data-sf-srcset=\"http:\/\/hoycordobaweb.com\/wp-content\/uploads\/2022\/10\/asi-es-la-escena-eliminada-de-shazam-que-preparaba-la-llegada-de-black-adam-al-universo-dc.jpg 450w, http:\/\/hoycordobaweb.com\/wp-content\/uploads\/2022\/10\/asi-es-la-escena-eliminada-de-shazam-que-preparaba-la-llegada-de-black-adam-al-universo-dc-3.jpg 681w,http:\/\/hoycordobaweb.com\/wp-content\/uploads\/2022\/10\/asi-es-la-escena-eliminada-de-shazam-que-preparaba-la-llegada-de-black-adam-al-universo-dc-4.jpg 1024w, http:\/\/hoycordobaweb.com\/wp-content\/uploads\/2022\/10\/asi-es-la-escena-eliminada-de-shazam-que-preparaba-la-llegada-de-black-adam-al-universo-dc-5.jpg 1366w,\" data-sf-src=\"http:\/\/hoycordobaweb.com\/wp-content\/uploads\/2022\/10\/asi-es-la-escena-eliminada-de-shazam-que-preparaba-la-llegada-de-black-adam-al-universo-dc.jpg\" alt=\"Blackadam\"> <noscript><img alt=\"Blackadam\" class=\"centro_sinmarco\" src=\"http:\/\/hoycordobaweb.com\/wp-content\/uploads\/2022\/10\/asi-es-la-escena-eliminada-de-shazam-que-preparaba-la-llegada-de-black-adam-al-universo-dc.jpg\"><\/noscript> <\/div><\/div>\n<\/div>\n<p>Adem\u00e1s, la historia de fondo de Black Adam fue apuntada Cuando Thaddeus Sivana se encuentra con el mago (Djimon Hounsou) al inicio de la pel\u00edcula, cuando se le cuenta la historia de un campe\u00f3n elegido previamente. Seg\u00fan el mago <strong>ese campe\u00f3n cedi\u00f3 a un deseo de venganza, y sus acciones posteriores fueron responsables del lanzamiento de los Siete Pecados Capitales<\/strong>. Aunque el campe\u00f3n no tiene nombre, el relato comparte muchas similitudes con el origen de Black Adam.<\/p>\n<p><!-- BREAK 2 --> <\/p>\n<div class=\"article-asset article-asset-normal article-asset-center\">\n<div class=\"desvio-container\">\n<div class=\"desvio\">\n<div class=\"desvio-figure js-desvio-figure\"> <a href=\"https:\/\/www.espinof.com\/estrenos\/black-adam-que-ocurre-escena-poscreditos-que-puede-suponer-para-futuro-universo-dc\"> <img alt=\"&quot;Reducirlo a una pelea no recompensa a los fans&quot;. Qu\u00e9 ocurre en la escena poscr\u00e9ditos de 'Black Adam' y qu\u00e9 puede suponer para el futuro del Universo DC\" src=\"http:\/\/hoycordobaweb.com\/wp-content\/uploads\/2022\/10\/asi-es-la-escena-eliminada-de-shazam-que-preparaba-la-llegada-de-black-adam-al-universo-dc-1.jpg\"> <\/a> <\/div><\/div><\/div>\n<\/div>\n<p>Sin embargo, <strong>una escena eliminada suger\u00eda a Black Adam de manera m\u00e1s directa.<\/strong> El clip muestra a Billy y toda su familia Shazam instal\u00e1ndose oficialmente en lo que ahora consideran su guarida de superh\u00e9roes, la \u00abFamilia de tronos\u00bb. Billy toma el asiento central, con Freddie y el resto ocupando los que est\u00e1n a cada lado de \u00e9l. Sin embargo, Mary no tarda mucho en darse cuenta de que los n\u00fameros no coinciden del todo.<\/p>\n<p><!-- BREAK 3 --><\/p>\n<div class=\"article-asset-video article-asset-large article-asset-center\">\n<div class=\"asset-content\">\n<p> <iframe width=\"650\" height=\"366\" src=\"\/\/www.youtube.com\/embed\/RnT5RwKcsgM\" allowfullscreen>[embedded content]<\/iframe> <\/p>\n<\/p><\/div>\n<\/div>\n<p>Puede que la escena no se refiriera en absoluto a Black Adam, sino a un personaje diferente; pero eso parece poco probable. Sin duda, <strong>la raz\u00f3n por la que la escena se dej\u00f3 en la sala de montaje<\/strong> resultar\u00e1 tan misteriosa para los fans como la identidad del miembro del consejo desaparecido para la familia Shazam.<\/p>\n<p><!-- BREAK 4 --> <\/p>\n","protected":false},"excerpt":{"rendered":"<p>Una escena eliminada de &#8216;\u00a1Shazam!&#8217; ha resurgido en el mundo online porque &nbsp;&nbsp;parec\u00eda haber insinuado la llegada de &#8216;Black Adam&#8216; al Universo DC. Dada su historia como n\u00e9mesis de Billy Batson, muchos fans esperaban que el personaje hiciera un cameo, pero no fue as\u00ed, ya que la pel\u00edcula se centr\u00f3 en el villano de Mark [&hellip;]<\/p>\n","protected":false},"author":1,"featured_media":50624,"comment_status":"open","ping_status":"closed","sticky":false,"template":"","format":"standard","meta":[],"categories":[1],"tags":[],"_links":{"self":[{"href":"http:\/\/hoycordobaweb.com\/index.php\/wp-json\/wp\/v2\/posts\/50623"}],"collection":[{"href":"http:\/\/hoycordobaweb.com\/index.php\/wp-json\/wp\/v2\/posts"}],"about":[{"href":"http:\/\/hoycordobaweb.com\/index.php\/wp-json\/wp\/v2\/types\/post"}],"author":[{"embeddable":true,"href":"http:\/\/hoycordobaweb.com\/index.php\/wp-json\/wp\/v2\/users\/1"}],"replies":[{"embeddable":true,"href":"http:\/\/hoycordobaweb.com\/index.php\/wp-json\/wp\/v2\/comments?post=50623"}],"version-history":[{"count":0,"href":"http:\/\/hoycordobaweb.com\/index.php\/wp-json\/wp\/v2\/posts\/50623\/revisions"}],"wp:featuredmedia":[{"embeddable":true,"href":"http:\/\/hoycordobaweb.com\/index.php\/wp-json\/wp\/v2\/media\/50624"}],"wp:attachment":[{"href":"http:\/\/hoycordobaweb.com\/index.php\/wp-json\/wp\/v2\/media?parent=50623"}],"wp:term":[{"taxonomy":"category","embeddable":true,"href":"http:\/\/hoycordobaweb.com\/index.php\/wp-json\/wp\/v2\/categories?post=50623"},{"taxonomy":"post_tag","embeddable":true,"href":"http:\/\/hoycordobaweb.com\/index.php\/wp-json\/wp\/v2\/tags?post=50623"}],"curies":[{"name":"wp","href":"https:\/\/api.w.org\/{rel}","templated":true}]}}