{"id":50620,"date":"2022-10-26T22:02:13","date_gmt":"2022-10-26T22:02:13","guid":{"rendered":"https:\/\/fono.fcm.unc.edu.ar\/?p=9900"},"modified":"2022-10-26T22:02:13","modified_gmt":"2022-10-26T22:02:13","slug":"becas-fondo-unico-desde-el-24-de-octubre-estaran-abiertas-las-postulaciones","status":"publish","type":"post","link":"http:\/\/hoycordobaweb.com\/index.php\/2022\/10\/26\/becas-fondo-unico-desde-el-24-de-octubre-estaran-abiertas-las-postulaciones\/","title":{"rendered":"Becas Fondo \u00danico: Desde el 24 de octubre estar\u00e1n abiertas las postulaciones"},"content":{"rendered":"<h2 class=\"fusion-post-title\">Becas Fondo \u00danico: Desde el 24 de octubre estar\u00e1n abiertas las postulaciones<\/h2>\n<div class=\"post-content\" readability=\"39.705449189985\">\n<p><img loading=\"lazy\" class=\"alignright size-fusion-400 wp-image-9901\" src=\"https:\/\/fono.fcm.unc.edu.ar\/wp-content\/uploads\/sites\/14\/2022\/10\/tempFileForShare_20221026-185233-400x397.jpg\" alt width=\"400\" height=\"397\" srcset=\"https:\/\/fono.fcm.unc.edu.ar\/wp-content\/uploads\/sites\/14\/2022\/10\/tempFileForShare_20221026-185233-66x66.jpg 66w, https:\/\/fono.fcm.unc.edu.ar\/wp-content\/uploads\/sites\/14\/2022\/10\/tempFileForShare_20221026-185233-150x150.jpg 150w, https:\/\/fono.fcm.unc.edu.ar\/wp-content\/uploads\/sites\/14\/2022\/10\/tempFileForShare_20221026-185233-200x198.jpg 200w, https:\/\/fono.fcm.unc.edu.ar\/wp-content\/uploads\/sites\/14\/2022\/10\/tempFileForShare_20221026-185233-300x297.jpg 300w, https:\/\/fono.fcm.unc.edu.ar\/wp-content\/uploads\/sites\/14\/2022\/10\/tempFileForShare_20221026-185233-400x397.jpg 400w, https:\/\/fono.fcm.unc.edu.ar\/wp-content\/uploads\/sites\/14\/2022\/10\/tempFileForShare_20221026-185233-600x595.jpg 600w, https:\/\/fono.fcm.unc.edu.ar\/wp-content\/uploads\/sites\/14\/2022\/10\/tempFileForShare_20221026-185233-768x762.jpg 768w, https:\/\/fono.fcm.unc.edu.ar\/wp-content\/uploads\/sites\/14\/2022\/10\/tempFileForShare_20221026-185233-800x793.jpg 800w, https:\/\/fono.fcm.unc.edu.ar\/wp-content\/uploads\/sites\/14\/2022\/10\/tempFileForShare_20221026-185233-1024x1015.jpg 1024w, https:\/\/fono.fcm.unc.edu.ar\/wp-content\/uploads\/sites\/14\/2022\/10\/tempFileForShare_20221026-185233.jpg 1079w\" sizes=\"(max-width: 400px) 100vw, 400px\">La Secretar\u00eda de Bienestar Universitario y Modernizaci\u00f3n (ex Secretar\u00eda de Asuntos Estudiantiles), a trav\u00e9s de la Direcci\u00f3n de Inclusi\u00f3n Social, informa que se encuentra abierta la convocatoria a beca Fondo \u00danico 2023 y sus subprogramas a partir del lunes 24 de octubre y hasta el viernes 11 de noviembre se mantendr\u00e1 abierta la convocatoria para las becas Fondo \u00danico 2023, destinadas a estudiantes de las 15 unidades acad\u00e9micas de la Casa de Trejo que en el a\u00f1o lectivo 2023 vayan a cursar de segundo a\u00f1o en adelante y que se encuentren en una situaci\u00f3n socioecon\u00f3mica que justifique la solicitud.<\/p>\n<p>Para mayor informaci\u00f3n y consultar los requisitos ingresa&nbsp;<a href=\"https:\/\/www.unc.edu.ar\/comunicaci%C3%B3n\/becas-fondo-%C3%BAnico-desde-el-24-de-octubre-estar%C3%A1n-abiertas-las-postulaciones\" target=\"_blank\" rel=\"noopener noreferrer\">AQU\u00cd<\/a><\/p>\n<\/p><\/div>\n","protected":false},"excerpt":{"rendered":"<p>Becas Fondo \u00danico: Desde el 24 de octubre estar\u00e1n abiertas las postulaciones La Secretar\u00eda de Bienestar Universitario y Modernizaci\u00f3n (ex Secretar\u00eda de Asuntos Estudiantiles), a trav\u00e9s de la Direcci\u00f3n de Inclusi\u00f3n Social, informa que se encuentra abierta la convocatoria a beca Fondo \u00danico 2023 y sus subprogramas a partir del lunes 24 de octubre y [&hellip;]<\/p>\n","protected":false},"author":1,"featured_media":0,"comment_status":"closed","ping_status":"closed","sticky":false,"template":"","format":"standard","meta":[],"categories":[1],"tags":[],"_links":{"self":[{"href":"http:\/\/hoycordobaweb.com\/index.php\/wp-json\/wp\/v2\/posts\/50620"}],"collection":[{"href":"http:\/\/hoycordobaweb.com\/index.php\/wp-json\/wp\/v2\/posts"}],"about":[{"href":"http:\/\/hoycordobaweb.com\/index.php\/wp-json\/wp\/v2\/types\/post"}],"author":[{"embeddable":true,"href":"http:\/\/hoycordobaweb.com\/index.php\/wp-json\/wp\/v2\/users\/1"}],"replies":[{"embeddable":true,"href":"http:\/\/hoycordobaweb.com\/index.php\/wp-json\/wp\/v2\/comments?post=50620"}],"version-history":[{"count":0,"href":"http:\/\/hoycordobaweb.com\/index.php\/wp-json\/wp\/v2\/posts\/50620\/revisions"}],"wp:attachment":[{"href":"http:\/\/hoycordobaweb.com\/index.php\/wp-json\/wp\/v2\/media?parent=50620"}],"wp:term":[{"taxonomy":"category","embeddable":true,"href":"http:\/\/hoycordobaweb.com\/index.php\/wp-json\/wp\/v2\/categories?post=50620"},{"taxonomy":"post_tag","embeddable":true,"href":"http:\/\/hoycordobaweb.com\/index.php\/wp-json\/wp\/v2\/tags?post=50620"}],"curies":[{"name":"wp","href":"https:\/\/api.w.org\/{rel}","templated":true}]}}