{"id":50610,"date":"2022-10-27T18:51:13","date_gmt":"2022-10-27T18:51:13","guid":{"rendered":"https:\/\/www.trendencias.com\/belleza\/cortes-pelo-tendencia-2023-peluquerias-repetiran-parar"},"modified":"2022-10-27T18:51:13","modified_gmt":"2022-10-27T18:51:13","slug":"los-cortes-de-pelo-de-tendencia-en-2023-las-peluquerias-los-repetiran-sin-parar","status":"publish","type":"post","link":"http:\/\/hoycordobaweb.com\/index.php\/2022\/10\/27\/los-cortes-de-pelo-de-tendencia-en-2023-las-peluquerias-los-repetiran-sin-parar\/","title":{"rendered":"Los cortes de pelo de tendencia en 2023: las peluquer\u00edas los repetir\u00e1n sin parar"},"content":{"rendered":"<p>Los cortes de pelo que m\u00e1s se van a pedir en salones de belleza en 2023 ya est\u00e1n comenzando a despuntar, dejando claro que el <strong>pr\u00f3ximo a\u00f1o viene cargado de riesgos y cambios de <\/strong><em><strong>look<\/strong><\/em>. Si eres de las que los <a href=\"https:\/\/www.trendencias.com\/belleza\/estos-cortes-pelo-para-media-melena-recomendados-expertos\">cortes de pelo de media melena<\/a> se le quedan sosos, atr\u00e9vete con lo que te deparan las tendencias capilares a partir de enero.<\/p>\n<p><!-- BREAK 1 --><\/p>\n<div class=\"article-asset article-asset-normal article-asset-center\">\n<div class=\"desvio-container\">\n<div class=\"desvio\">\n<div class=\"desvio-figure js-desvio-figure\"> <a href=\"https:\/\/www.trendencias.com\/belleza\/siete-cortes-pelo-faciles-mantener-que-podras-espaciar-tus-visitas-a-peluqueria\"> <img alt=\"Siete cortes de pelo f\u00e1ciles de mantener y con los que podr\u00e1s espaciar tus visitas a la peluquer\u00eda\" src=\"http:\/\/hoycordobaweb.com\/wp-content\/uploads\/2022\/10\/los-cortes-de-pelo-de-tendencia-en-2023-las-peluquerias-los-repetiran-sin-parar.jpg\"> <\/a> <\/div><\/div><\/div>\n<\/div>\n<h2>Corte <em>long layer<\/em> con raya a un lado<\/h2>\n<p>Desde <a href=\"https:\/\/www.llongueras.com\/\">Llongueras <\/a>nos presentan este corte de pelo. Se trata de un corte con <a href=\"https:\/\/www.trendencias.com\/belleza\/melenas-largas-flequillo-que-nos-gustan\">melena larga<\/a> pero la novedad esta temporada es que <strong>se va a llevar con la raya a un lado<\/strong>. La raya en medio ha estado de moda durante much\u00edsimo tiempo, pero ahora existe la tendencia de llevar la raya muy desplazada.<\/p>\n<p><!-- BREAK 2 --> <\/p>\n<h2>Corte de pelo <em>shaggy<\/em><\/h2>\n<p>Alberto Sanguino, responsable de Llongueras, nos cuenta que <strong>el corte atrevido de 2023 es el <\/strong><em><strong>shaggy<\/strong><\/em>. \u00abEl largo se lleva <em>midi <\/em>pero de una forma muy escalada con un resultado mucho m\u00e1s fuerte y radical de lo que nos ten\u00eda acostumbrados. El largo de la nuca y las patillas debe de quedar a la misma altura.\u00bb<\/p>\n<p><!-- BREAK 3 --><\/p>\n<h2>Corte <em>mixie<\/em><\/h2>\n<p>En Llongueras han notado que el auge de los cortes de pelo rizados ha creado nuevas tendencias de <a href=\"https:\/\/www.trendencias.com\/belleza\/cinco-cortes-para-pelo-rizado-que-tendencia-este-2022\">corte de pelo en melenas <em>curly<\/em><\/a>. El mejor ejemplo es el corte <em>mixie<\/em>, \u00abuna <strong>mezcla entre el <\/strong><em><strong>mullet <\/strong><\/em><strong>y el <\/strong><em><strong>pixie<\/strong><\/em><em> <\/em>y se lleva sobre todo con melenas <em>curly<\/em>\u00ab.<\/p>\n<p><!-- BREAK 4 --><\/p>\n<h2>El cl\u00e1sico <em>bob <\/em>sigue siendo el rey<\/h2>\n<p>Por muchos cortes de pelo que aparezcan, el <a href=\"https:\/\/www.trendencias.com\/belleza\/corte-bob-nos-sigue-inspirando-estas-celebrities-nos-demuestran-sus-melenas-tamara-falco-a-susanna-griso\">corte de pelo <em>bob<\/em><\/a><em> <\/em>sigue en lo alto de la pir\u00e1mide y as\u00ed <strong>lo confirman los expertos de Llongueras<\/strong>: \u00abse luce en todas sus modalidades\u00bb.<\/p>\n<p><!-- BREAK 5 --><\/p>\n<h2>El arriesgado <em>pixie<\/em><\/h2>\n<p>Los <a href=\"https:\/\/www.trendencias.com\/belleza\/este-otono-te-gustaria-probar-pixie-no-te-atreves-a-dar-paso-uterque-hemos-encontrado-corte-ideal-perfecto-para-cabellos-ondulados\">cabellos cortos para mujer<\/a> siguen siendo tendencia. Desde el sal\u00f3n Llongueras avisan de que ahora se llevan m\u00e1s perfilados para que tengan m\u00e1s movimiento y <strong>ya no se lleva tan corto por los laterales<\/strong> sino con el cabello un poco m\u00e1s crecido.<\/p>\n<p><!-- BREAK 6 --><\/p>\n<h2>Flequillos de todo tipo<\/h2>\n<p>Desde <a href=\"https:\/\/franckprovost.es\/\">Franck Provost<\/a> hablan de la <strong>oda al flequillo m\u00e1s extensa hasta el momento<\/strong>. \u00abTri\u00e1ngulo que da vida al flequillo, s\u00faper corto por encima de las cejas, largos hasta el ment\u00f3n o la boca, m\u00e1s anchos de lo normal\u00bb. Todo vale, afirman desde el sal\u00f3n.<\/p>\n<p><!-- BREAK 7 --><\/p>\n<h2>Cortes desconectados<\/h2>\n<p>Si te gusta el estilo <em>grunge<\/em>, Carlos Fern\u00e1ndez, responsable de Franck Provost, tiene la recomendaci\u00f3n de corte de pelo perfecta para ti: \u00abse van a llevar las <strong>melenas largas con una desconexi\u00f3n en la parte superior<\/strong> que se escala de tal manera que no tiene relaci\u00f3n con la parte de la patilla y la nuca. El efecto, para entendernos, es el de un doble corte.\u00bb<\/p>\n<p><!-- BREAK 8 --><\/p>\n<p>Fotos | <a href=\"https:\/\/imaxtree.launchmetrics.com\/\">Imaxtree<\/a>, <a href=\"https:\/\/www.instagram.com\/llonguerasoficial\/?hl=en\">@llonguerasoficial<\/a>, <a href=\"https:\/\/www.instagram.com\/p\/CgPnyi0sf2g\/?hl=en\">@_bleachbaby<\/a>, <a href=\"https:\/\/www.instagram.com\/p\/CGArQQJHTWh\/?hl=en\">@behindthechair_com<\/a>, <a href=\"https:\/\/www.instagram.com\/p\/CWLWvooDqMe\/?hl=en\">@franckprovostspain<\/a>, <a href=\"https:\/\/www.instagram.com\/p\/Cj4v5PFtN9y\/?hl=en\">@gabie.godfrey<\/a>, <a href=\"https:\/\/www.instagram.com\/p\/Cj1F6xwNckp\/?hl=en\">@kisasackadin<\/a>.<\/p>\n<p><!-- BREAK 9 --><\/p>\n<p>En Trendecias | <a href=\"https:\/\/www.trendencias.com\/belleza\/11-mejores-peluquerias-para-pelo-rizado-madrid-que-no-puedes-perderte-tienes-cabello-curly\">Las 11 mejores peluquer\u00edas para pelo rizado de Madrid que no puedes perderte si tienes cabello <em>curly<\/em><\/a>.<\/p>\n<p><!-- BREAK 10 --> <\/p>\n","protected":false},"excerpt":{"rendered":"<p>Los cortes de pelo que m\u00e1s se van a pedir en salones de belleza en 2023 ya est\u00e1n comenzando a despuntar, dejando claro que el pr\u00f3ximo a\u00f1o viene cargado de riesgos y cambios de look. Si eres de las que los cortes de pelo de media melena se le quedan sosos, atr\u00e9vete con lo que [&hellip;]<\/p>\n","protected":false},"author":1,"featured_media":50611,"comment_status":"closed","ping_status":"closed","sticky":false,"template":"","format":"standard","meta":[],"categories":[1],"tags":[],"_links":{"self":[{"href":"http:\/\/hoycordobaweb.com\/index.php\/wp-json\/wp\/v2\/posts\/50610"}],"collection":[{"href":"http:\/\/hoycordobaweb.com\/index.php\/wp-json\/wp\/v2\/posts"}],"about":[{"href":"http:\/\/hoycordobaweb.com\/index.php\/wp-json\/wp\/v2\/types\/post"}],"author":[{"embeddable":true,"href":"http:\/\/hoycordobaweb.com\/index.php\/wp-json\/wp\/v2\/users\/1"}],"replies":[{"embeddable":true,"href":"http:\/\/hoycordobaweb.com\/index.php\/wp-json\/wp\/v2\/comments?post=50610"}],"version-history":[{"count":0,"href":"http:\/\/hoycordobaweb.com\/index.php\/wp-json\/wp\/v2\/posts\/50610\/revisions"}],"wp:featuredmedia":[{"embeddable":true,"href":"http:\/\/hoycordobaweb.com\/index.php\/wp-json\/wp\/v2\/media\/50611"}],"wp:attachment":[{"href":"http:\/\/hoycordobaweb.com\/index.php\/wp-json\/wp\/v2\/media?parent=50610"}],"wp:term":[{"taxonomy":"category","embeddable":true,"href":"http:\/\/hoycordobaweb.com\/index.php\/wp-json\/wp\/v2\/categories?post=50610"},{"taxonomy":"post_tag","embeddable":true,"href":"http:\/\/hoycordobaweb.com\/index.php\/wp-json\/wp\/v2\/tags?post=50610"}],"curies":[{"name":"wp","href":"https:\/\/api.w.org\/{rel}","templated":true}]}}