{"id":50587,"date":"2022-10-27T09:39:00","date_gmt":"2022-10-27T09:39:00","guid":{"rendered":"https:\/\/fm-comunicar.com.ar\/contenido\/19720\/confirmaron-los-artistas-que-estaran-en-la-41o-fiesta-del-salame"},"modified":"2022-10-27T09:39:00","modified_gmt":"2022-10-27T09:39:00","slug":"confirmaron-los-artistas-que-estaran-en-la-41o-fiesta-del-salame","status":"publish","type":"post","link":"http:\/\/hoycordobaweb.com\/index.php\/2022\/10\/27\/confirmaron-los-artistas-que-estaran-en-la-41o-fiesta-del-salame\/","title":{"rendered":"Confirmaron los artistas que estar\u00e1n en la 41\u00ba Fiesta del Salame"},"content":{"rendered":"<p>El evento de entrada libre y gratuita, comenzar\u00e1 al mediod\u00eda y finalizar\u00e1 a la medianoche. En esas 12 horas, pasar\u00e1n por el escenario pasar\u00e1n artistas locales con canzonetas, danzas italianas, folklore, tango, cuarteto caracter\u00edstico y chamam\u00e9.<img src=\"http:\/\/hoycordobaweb.com\/wp-content\/uploads\/2022\/10\/confirmaron-los-artistas-que-estaran-en-la-41o-fiesta-del-salame.jpg\"><\/p>\n","protected":false},"excerpt":{"rendered":"<p>El evento de entrada libre y gratuita, comenzar\u00e1 al mediod\u00eda y finalizar\u00e1 a la medianoche. En esas 12 horas, pasar\u00e1n por el escenario pasar\u00e1n artistas locales con canzonetas, danzas italianas, folklore, tango, cuarteto caracter\u00edstico y chamam\u00e9.<\/p>\n","protected":false},"author":1,"featured_media":50588,"comment_status":"closed","ping_status":"closed","sticky":false,"template":"","format":"standard","meta":[],"categories":[18],"tags":[],"_links":{"self":[{"href":"http:\/\/hoycordobaweb.com\/index.php\/wp-json\/wp\/v2\/posts\/50587"}],"collection":[{"href":"http:\/\/hoycordobaweb.com\/index.php\/wp-json\/wp\/v2\/posts"}],"about":[{"href":"http:\/\/hoycordobaweb.com\/index.php\/wp-json\/wp\/v2\/types\/post"}],"author":[{"embeddable":true,"href":"http:\/\/hoycordobaweb.com\/index.php\/wp-json\/wp\/v2\/users\/1"}],"replies":[{"embeddable":true,"href":"http:\/\/hoycordobaweb.com\/index.php\/wp-json\/wp\/v2\/comments?post=50587"}],"version-history":[{"count":0,"href":"http:\/\/hoycordobaweb.com\/index.php\/wp-json\/wp\/v2\/posts\/50587\/revisions"}],"wp:featuredmedia":[{"embeddable":true,"href":"http:\/\/hoycordobaweb.com\/index.php\/wp-json\/wp\/v2\/media\/50588"}],"wp:attachment":[{"href":"http:\/\/hoycordobaweb.com\/index.php\/wp-json\/wp\/v2\/media?parent=50587"}],"wp:term":[{"taxonomy":"category","embeddable":true,"href":"http:\/\/hoycordobaweb.com\/index.php\/wp-json\/wp\/v2\/categories?post=50587"},{"taxonomy":"post_tag","embeddable":true,"href":"http:\/\/hoycordobaweb.com\/index.php\/wp-json\/wp\/v2\/tags?post=50587"}],"curies":[{"name":"wp","href":"https:\/\/api.w.org\/{rel}","templated":true}]}}