{"id":50576,"date":"2022-10-27T02:13:00","date_gmt":"2022-10-27T02:13:00","guid":{"rendered":"http:\/\/hoycordobaweb.com\/index.php\/2022\/10\/27\/el-presidente-encabeza-la-sesion-plenaria-celac-ue-y-entrega-viviendas-en-almirante-brown\/"},"modified":"2022-10-27T02:13:00","modified_gmt":"2022-10-27T02:13:00","slug":"el-presidente-encabeza-la-sesion-plenaria-celac-ue-y-entrega-viviendas-en-almirante-brown","status":"publish","type":"post","link":"http:\/\/hoycordobaweb.com\/index.php\/2022\/10\/27\/el-presidente-encabeza-la-sesion-plenaria-celac-ue-y-entrega-viviendas-en-almirante-brown\/","title":{"rendered":"El Presidente encabeza la Sesi\u00f3n plenaria Celac-UE y entrega viviendas en Almirante Brown"},"content":{"rendered":"<p><img src=\"http:\/\/hoycordobaweb.com\/wp-content\/uploads\/2022\/10\/el-presidente-encabeza-la-sesion-plenaria-celac-ue-y-entrega-viviendas-en-almirante-brown.jpg\"><span><\/p>\n<figure class=\"mb-3\"><img loading=\"lazy\" src=\"http:\/\/hoycordobaweb.com\/wp-content\/uploads\/2022\/10\/el-presidente-encabeza-la-sesion-plenaria-celac-ue-y-entrega-viviendas-en-almirante-brown-2.jpg\" width=\"100%\" height=\"100%\" alt=\"Foto archivo\"><figcaption> Foto: archivo. <\/figcaption><\/figure>\n<p><\/span><\/p>\n<p>El presidente Alberto Fern\u00e1ndez encabezar\u00e1 este jueves la <u><strong><a href=\"https:\/\/www.telam.com.ar\/notas\/202210\/609031-alberto-fernandez-celac-union-europea.html\" target=\"_blank\" rel=\"noopener noreferrer\">Sesi\u00f3n plenaria de la Comunidad de Estados Latinoamericanos y Caribe\u00f1os (Celac)-Uni\u00f3n Europea (UE)<\/a><\/strong><\/u> y entregar\u00e1 viviendas en el municipio bonaerense de Almirante Brown.<\/p>\n<p>La primera actividad ser\u00e1 <strong>a las 9 en el Centro Cultural Kirchner<\/strong>, en el centro porte\u00f1o, informaron fuentes oficiales.<\/p>\n<p>En tanto, <strong>a las 12 el Presidente encabezar\u00e1 la entrega de viviendas del Programa Reconstruir, en el partido de Almirante Brown<\/strong>, junto a los ministros de Desarrollo Territorial y H\u00e1bitat, Jorge Ferraresi; y de Obras P\u00fablicas, Gabriel Katopodis; el secretario de H\u00e1bitat, Santiago Maggiotti; el diputado provincial Mariano Cascallares y el intendente local Juan Fabiani.<\/p>\n<p>El ministro de Ciencia, Tecnolog\u00eda e Innovaci\u00f3n, Daniel Filmus presentar\u00e1 a las 18.30 el Plan Nacional de Ciencia y Tecnolog\u00eda 2030 ante el Partido Justicialista, en la sede nacional del PJ, Ciudad de Buenos Aires.<\/p>\n<p>Y el ministro de Cultura, Trist\u00e1n Bauer, se re\u00fane con su par de Seguridad, An\u00edbal Fernandez, a las 10. <\/p>\n","protected":false},"excerpt":{"rendered":"<p>Foto: archivo. El presidente Alberto Fern\u00e1ndez encabezar\u00e1 este jueves la Sesi\u00f3n plenaria de la Comunidad de Estados Latinoamericanos y Caribe\u00f1os (Celac)-Uni\u00f3n Europea (UE) y entregar\u00e1 viviendas en el municipio bonaerense de Almirante Brown. La primera actividad ser\u00e1 a las 9 en el Centro Cultural Kirchner, en el centro porte\u00f1o, informaron fuentes oficiales. En tanto, a [&hellip;]<\/p>\n","protected":false},"author":1,"featured_media":50577,"comment_status":"open","ping_status":"closed","sticky":false,"template":"","format":"standard","meta":[],"categories":[19],"tags":[],"_links":{"self":[{"href":"http:\/\/hoycordobaweb.com\/index.php\/wp-json\/wp\/v2\/posts\/50576"}],"collection":[{"href":"http:\/\/hoycordobaweb.com\/index.php\/wp-json\/wp\/v2\/posts"}],"about":[{"href":"http:\/\/hoycordobaweb.com\/index.php\/wp-json\/wp\/v2\/types\/post"}],"author":[{"embeddable":true,"href":"http:\/\/hoycordobaweb.com\/index.php\/wp-json\/wp\/v2\/users\/1"}],"replies":[{"embeddable":true,"href":"http:\/\/hoycordobaweb.com\/index.php\/wp-json\/wp\/v2\/comments?post=50576"}],"version-history":[{"count":0,"href":"http:\/\/hoycordobaweb.com\/index.php\/wp-json\/wp\/v2\/posts\/50576\/revisions"}],"wp:featuredmedia":[{"embeddable":true,"href":"http:\/\/hoycordobaweb.com\/index.php\/wp-json\/wp\/v2\/media\/50577"}],"wp:attachment":[{"href":"http:\/\/hoycordobaweb.com\/index.php\/wp-json\/wp\/v2\/media?parent=50576"}],"wp:term":[{"taxonomy":"category","embeddable":true,"href":"http:\/\/hoycordobaweb.com\/index.php\/wp-json\/wp\/v2\/categories?post=50576"},{"taxonomy":"post_tag","embeddable":true,"href":"http:\/\/hoycordobaweb.com\/index.php\/wp-json\/wp\/v2\/tags?post=50576"}],"curies":[{"name":"wp","href":"https:\/\/api.w.org\/{rel}","templated":true}]}}