{"id":50481,"date":"2022-10-25T03:58:00","date_gmt":"2022-10-25T03:58:00","guid":{"rendered":"http:\/\/hoycordobaweb.com\/index.php\/2022\/10\/25\/queremos-tanto-a-favio-un-radioteatro-que-recupera-su-vida-y-obra-a-10-anos-de-su-adios\/"},"modified":"2022-10-25T03:58:00","modified_gmt":"2022-10-25T03:58:00","slug":"queremos-tanto-a-favio-un-radioteatro-que-recupera-su-vida-y-obra-a-10-anos-de-su-adios","status":"publish","type":"post","link":"http:\/\/hoycordobaweb.com\/index.php\/2022\/10\/25\/queremos-tanto-a-favio-un-radioteatro-que-recupera-su-vida-y-obra-a-10-anos-de-su-adios\/","title":{"rendered":"\u00abQueremos tanto a Favio\u00bb: un radioteatro que recupera su vida y obra a 10 a\u00f1os de su adi\u00f3s"},"content":{"rendered":"<p><img src=\"http:\/\/hoycordobaweb.com\/wp-content\/uploads\/2022\/10\/queremos-tanto-a-favio-un-radioteatro-que-recupera-su-vida-y-obra-a-10-anos-de-su-adios.jpg\"><span><\/p>\n<figure class=\"mb-3\"><img loading=\"lazy\" src=\"http:\/\/hoycordobaweb.com\/wp-content\/uploads\/2022\/10\/queremos-tanto-a-favio-un-radioteatro-que-recupera-su-vida-y-obra-a-10-anos-de-su-adios-2.jpg\" width=\"100%\" height=\"100%\" alt=\"La grabacin del radioteatro con Camao y Prez\"><figcaption> La grabaci\u00f3n del radioteatro con Cama\u00f1o y P\u00e9rez. <\/figcaption><\/figure>\n<p><\/span><br \/><span>Al cumplirse este 5 de noviembre&nbsp;<\/span><span readability=\"10\">10 a\u00f1os del fallecimiento de <strong>Leonardo Favio<\/strong>, T\u00e9lam digital prepar\u00f3 \u00abQueremos tanto a Favio\u00bb, un recordatorio de ficci\u00f3n en tres partes que repasa las principales instancias de su vida.&nbsp;<\/p>\n<p>El radioteatro, formato elegido en este caso para recorrer la trayectoria de uno de los artistas argentinos m\u00e1s populares del siglo XX, aborda su origen familiar en Mendoza, <strong>sus inicios como actor, su pasi\u00f3n por el cine y la m\u00fasica y su compromiso pol\u00edtico con el peronismo: el mismo que lo oblig\u00f3 a marchar al exilio, pero no le impidi\u00f3 seguir produciendo y evocando aquello que lo movilizaba como creador con conciencia social.<\/strong><\/p>\n<p><\/span><\/p>\n<p><span>Favio, que a su vez atraves\u00f3 la frontera de su origen nacional y trascendi\u00f3 \u2013obra mediante\u2013 al mundo de habla hispana, represent\u00f3 la argentinidad con una potencia emotiva que esta propuesta \u2013a cargo de <strong>Marcelo Cama\u00f1o<\/strong>, director y guionista del proyecto\u2013 pone en valor.<\/span><\/p>\n<p><span>Las grabaciones finalizaron hace una semana en el piso de T\u00e9lam Radio, con un elenco encabezado por <strong>Esteban P\u00e9rez<\/strong> como Leonardo, <strong>Gustavo Luppi<\/strong> como Leopoldo Torre Nilson, <strong>M\u00f3nica Santib\u00e1\u00f1ez<\/strong> como su madre, <strong>Gaby Ferrero<\/strong> como su t\u00eda Elcira Olivera Garc\u00e9s, <strong>Mariano Flax<\/strong> como Edgardo Nieva y<strong> Alejandro Ojeda<\/strong> como su hermano Zuhair entre otros actores y actrices. \u201cQueremos tanto a Favio\u201d <strong>estar\u00e1 disponible en el sitio web de T\u00e9lam y en Spotify<\/strong>.<\/span><\/p>\n<blockquote class><p>\u00abA pesar de ser simples, sus canciones eran atrapantes, aut\u00e9nticas, bellas. Y f\u00edjate que fue muy criticado, pero el tipo ten\u00eda una impronta; era \u00fanico\u2026 &nbsp;Aun cuando lo hizo porque necesitaba dinero para financiar sus pel\u00edculas, era tremendamente aut\u00e9ntico, y por eso fue un boom.\u00bb<cite class=\"author\">Marcelo Cama\u00f1o<\/cite><\/p><\/blockquote>\n<p><span>T\u00e9lam convers\u00f3 con Cama\u00f1o \u2013quien ya tuvo a cargo la realizaci\u00f3n radiof\u00f3nica <strong>\u201cEva: el viaje del arco iris\u201d<\/strong> emitido por esta agencia en alusi\u00f3n a la gira de Eva Per\u00f3n en Europa\u2013 y miembros del elenco.<\/span><\/p>\n<p><span>Acerca de la estructura, Cama\u00f1o nos revela <strong>\u201cla primera parte, que hace a lo personal, tiene que ver b\u00e1sicamente con los recuerdos,<\/strong> con recovecos de su infancia bastante accidentada en un colegio pupilo del Estado. La segunda instancia est\u00e1 centrada en su experiencia como director de cine, y la tercera con el aspecto musical y su participaci\u00f3n pol\u00edtica en el \u201973\u201d.<\/span><br \/><span>&nbsp;<\/span><br \/><strong><span>-Marcelo, antes de ese a\u00f1o Favio tuvo un muy temprano acercamiento al peronismo \u00bfes as\u00ed?<\/span><\/strong><\/p>\n<p><span>-S\u00ed, lo tuvo como destinatario de la pol\u00edtica social peronista; cuando fue alumno pupilo, en la \u00e9poca en que siendo Per\u00f3n presidente, Evita distribu\u00eda, en colegios de aquellas caracter\u00edsticas, regalos para los chicos. El detalle hist\u00f3rico no es menor, porque entre esos regalos cuyas opciones eran una pelota, un autito o un libro, \u00e9l eligi\u00f3 un libro. Un libro infantil, claro, titulado \u201cBot\u00f3n Tol\u00f3n\u201d que, adem\u00e1s, conservar\u00eda durante toda su vida.<\/span><br \/><span>&nbsp;<\/span><br \/><strong><span>-\u00bfY c\u00f3mo llega al rol de actor?<\/span><\/strong><\/p>\n<p><span>-A Favio le gustaba decir que no era actor, sino que para \u00e9l la actuaci\u00f3n hab\u00eda sido un trabajo. Esto es interesante porque su mam\u00e1 era autora, precisamente, de radioteatros. Y su t\u00eda, Elcira Olivera Garc\u00e9s, una actriz reconocida que le consigui\u00f3 los primeros papeles. A partir de eso, se interesa por la direcci\u00f3n, aunque tambi\u00e9n lo anuncia un poco para levantarse a Mar\u00eda Vaner, con quien terminar\u00e1 siendo pareja. En su formaci\u00f3n como director es clave la intervenci\u00f3n de Leopoldo Torre Nilson, que lo toma como una especie de ahijado y de quien se hace muy amigo. En esos d\u00edas escribe su primer corto. Despu\u00e9s, ya con el hermano, se lanzan a la direcci\u00f3n y hacen la emblem\u00e1tica \u201cCr\u00f3nica de un ni\u00f1o solo\u201d.<\/span><\/p>\n<figure class=\"mb-3\"><img loading=\"lazy\" src=\"http:\/\/hoycordobaweb.com\/wp-content\/uploads\/2022\/10\/queremos-tanto-a-favio-un-radioteatro-que-recupera-su-vida-y-obra-a-10-anos-de-su-adios-3.jpg\" width=\"100%\" height=\"100%\" alt=\"El equipo de Queremos tanto a Favio en accin\"><figcaption> El equipo de \u00abQueremos tanto a Favio\u00bb en acci\u00f3n. <\/figcaption><\/figure>\n<p><strong><span><\/p>\n<h2 class>\u201cUn artista total, m\u00e1s que un director de cine\u201d<\/h2>\n<p><\/span><\/strong><\/p>\n<p><span>M\u00f3nica Santib\u00e1\u00f1ez, quien por su parte asumir\u00e1 el rol de Laura, madre de Favio, nos cuenta que siempre fue una gran admiradora del cine de Favio, porque \u201crealmente tiene una impronta nuestra, local. No duda en calificarlo como \u201cel mejor director argentino\u201d de todos los tiempos y \u201cun artista total, un intuitivo\u201d.<\/span><br \/><span>&nbsp;<\/span><br \/><strong><span>-M\u00f3nica, \u00bfrecord\u00e1s tu primer contacto con su producci\u00f3n?<\/span><\/strong><\/p>\n<p><span>-Por supuesto, lo recuerdo en cine blanco y negro, yo era bastante chica. Despu\u00e9s, como director, me impact\u00f3 much\u00edsimo. Con esas bandas de sonido imponentes\u2026 &nbsp;todo era \u00e9pico, conmovedor, eran sinfon\u00edas\u2026 estabas en la butaca del cine y sent\u00edas que te elevabas. \u00c9l, todo lo dirig\u00eda de manera sinf\u00f3nica.<\/span><br \/><span>&nbsp;<\/span><br \/><strong><span>-\u00bfY como cantante? \u00bfC\u00f3mo lo analiz\u00e1s?<\/span><\/strong><\/p>\n<p><span>-Me gustaba mucho; era diferente. A pesar de ser simples, sus canciones eran atrapantes, aut\u00e9nticas, bellas. Y f\u00edjate que fue muy criticado, pero el tipo ten\u00eda una impronta; era \u00fanico\u2026 &nbsp;Aun cuando lo hizo porque necesitaba dinero para financiar sus pel\u00edculas, era tremendamente aut\u00e9ntico, y por eso fue un boom. Por supuesto, tambi\u00e9n me parece interesante que como artista se haya jugado pol\u00edticamente. Para m\u00ed, fue el m\u00e1s grande.<\/span><\/p>\n<blockquote class=\"twitter-tweet\" readability=\"10.652777777778\">\n<p lang=\"es\" dir=\"ltr\">\ud83c\udf99\ufe0f\ud83c\udfad \u00abQueremos tanto a Favio\u00bb, el radioteatro de T\u00e9lam sobre la vida y obra del artista<\/p>\n<p>Una producci\u00f3n especial, por los 10 a\u00f1os de la muerte de Leonardo Favio, que repasa los momentos m\u00e1s importantes de su carrera <\/p>\n<p>\u25b6\ufe0f Estreno: 4 de noviembre en <a href=\"https:\/\/t.co\/Uui0LVqGGq\">https:\/\/t.co\/Uui0LVqGGq<\/a> <a href=\"https:\/\/t.co\/tO2WkPnkZU\">pic.twitter.com\/tO2WkPnkZU<\/a><\/p>\n<p>\u2014 Agencia T\u00e9lam (@AgenciaTelam) <a href=\"https:\/\/twitter.com\/AgenciaTelam\/status\/1583468147100864513?ref_src=twsrc%5Etfw\">October 21, 2022<\/a><\/p><\/blockquote>\n<h2 class>\u201cLe habl\u00f3 a su p\u00fablico a trav\u00e9s del arte de una manera muy po\u00e9tica\u201d<\/h2>\n<p><span>Esteban P\u00e9rez, el m\u00e1s joven del elenco, nacido en 1976, encarna nada menos que el papel del propio Favio. Recuerda que lo primero que vio de su obra fue el documental \u201cPer\u00f3n, sinfon\u00eda del sentimiento\u201d.<\/span><\/p>\n<p><strong><span>-Esteban, \u00bfen qu\u00e9 contexto viste ese documental de casi seis horas?<\/span><\/strong><\/p>\n<p><span>-Me lo mostr\u00f3 mi viejo, que era peronista y gran seguidor de Favio. Por una cuesti\u00f3n generacional no tuve la fortuna de ver su trabajo antes y menos aun de participar de \u00e9l. De hecho, el resto de su cine lo vi despu\u00e9s de ver el documental.<\/span><br \/><span>&nbsp;<\/span><br \/><strong><span>-Desde tu perspectiva de actor relativamente joven \u00bfc\u00f3mo definir\u00edas al personaje que vas a encarnar?<\/span><\/strong><\/p>\n<p><span>-Como un artista muy completo, renovador de la historia del cine nacional. Especialmente despu\u00e9s de leer estas sesenta p\u00e1ginas de libreto que hemos estudiado sobre la historia de Favio, donde hay una pincelada de cada tramo de su vida, para m\u00ed es un placer recuperar y homenajear a uno de los artistas m\u00e1s importantes que tiene la Argentina.<\/span><br \/><span>&nbsp;<\/span><br \/><strong><span>-En lo actoral, ten\u00e9s un desaf\u00edo \u00bfinvolucra tambi\u00e9n cuestiones t\u00edmbricas relativas a su voz tan particular?<\/span><\/strong><\/p>\n<p><span>-Lo que hablamos con Marcelo (Cama\u00f1o) es no emular tanto lo que tenga que ver con su timbre, la idea no es hacer una imitaci\u00f3n. Intentar\u00e9 darle la emoci\u00f3n de lo que escribi\u00f3 Marce, de lo que est\u00e1 en el libro, que es muy conmovedor. B\u00e1sicamente, estoy muy contento de la oportunidad de meterme un ratito en la vida de un artista que tiene esta dimensi\u00f3n; creo que, sin exagerar, es uno de los creadores m\u00e1s comprometidos con las causas pol\u00edticas y sociales de su tiempo. Alguien que le habl\u00f3 a su p\u00fablico a trav\u00e9s del arte de una manera muy po\u00e9tica.<\/span><\/p>\n","protected":false},"excerpt":{"rendered":"<p>La grabaci\u00f3n del radioteatro con Cama\u00f1o y P\u00e9rez. Al cumplirse este 5 de noviembre&nbsp;10 a\u00f1os del fallecimiento de Leonardo Favio, T\u00e9lam digital prepar\u00f3 \u00abQueremos tanto a Favio\u00bb, un recordatorio de ficci\u00f3n en tres partes que repasa las principales instancias de su vida.&nbsp; El radioteatro, formato elegido en este caso para recorrer la trayectoria de uno [&hellip;]<\/p>\n","protected":false},"author":1,"featured_media":50482,"comment_status":"open","ping_status":"closed","sticky":false,"template":"","format":"standard","meta":[],"categories":[19],"tags":[],"_links":{"self":[{"href":"http:\/\/hoycordobaweb.com\/index.php\/wp-json\/wp\/v2\/posts\/50481"}],"collection":[{"href":"http:\/\/hoycordobaweb.com\/index.php\/wp-json\/wp\/v2\/posts"}],"about":[{"href":"http:\/\/hoycordobaweb.com\/index.php\/wp-json\/wp\/v2\/types\/post"}],"author":[{"embeddable":true,"href":"http:\/\/hoycordobaweb.com\/index.php\/wp-json\/wp\/v2\/users\/1"}],"replies":[{"embeddable":true,"href":"http:\/\/hoycordobaweb.com\/index.php\/wp-json\/wp\/v2\/comments?post=50481"}],"version-history":[{"count":0,"href":"http:\/\/hoycordobaweb.com\/index.php\/wp-json\/wp\/v2\/posts\/50481\/revisions"}],"wp:featuredmedia":[{"embeddable":true,"href":"http:\/\/hoycordobaweb.com\/index.php\/wp-json\/wp\/v2\/media\/50482"}],"wp:attachment":[{"href":"http:\/\/hoycordobaweb.com\/index.php\/wp-json\/wp\/v2\/media?parent=50481"}],"wp:term":[{"taxonomy":"category","embeddable":true,"href":"http:\/\/hoycordobaweb.com\/index.php\/wp-json\/wp\/v2\/categories?post=50481"},{"taxonomy":"post_tag","embeddable":true,"href":"http:\/\/hoycordobaweb.com\/index.php\/wp-json\/wp\/v2\/tags?post=50481"}],"curies":[{"name":"wp","href":"https:\/\/api.w.org\/{rel}","templated":true}]}}