{"id":50479,"date":"2022-10-24T18:46:00","date_gmt":"2022-10-24T18:46:00","guid":{"rendered":"https:\/\/www.trendencias.com\/moda-famosas\/isabel-diaz-ayuso-tiene-vestido-perfecto-invitada-invierno"},"modified":"2022-10-24T18:46:00","modified_gmt":"2022-10-24T18:46:00","slug":"isabel-diaz-ayuso-tiene-el-vestido-perfecto-de-invitada-de-invierno","status":"publish","type":"post","link":"http:\/\/hoycordobaweb.com\/index.php\/2022\/10\/24\/isabel-diaz-ayuso-tiene-el-vestido-perfecto-de-invitada-de-invierno\/","title":{"rendered":"Isabel D\u00edaz Ayuso tiene el vestido perfecto de invitada de invierno"},"content":{"rendered":"<p>El Teatro Real ha vuelto a desplegar la alfombra roja para el estreno de la \u00f3pera \u201cA\u00edda\u201d, de Giuseppe Verdi, con motivo de la <strong>inauguraci\u00f3n de la temporada l\u00edrica 2022\/2023 del Teatro Real <\/strong>de Madrid.<\/p>\n<p><!-- BREAK 1 --><\/p>\n<p>Adem\u00e1s de los Reyes, donde <a href=\"https:\/\/www.trendencias.com\/moda-famosas\/dona-letizia-deslumbra-inauguracion-temporada-teatro-real-espectacular-vestido-espalda-al-aire\">Do\u00f1a Letizia ha deslumbrado con un sofisticado azul marino, <\/a>al evento han acudid numerosos invitados como Isabel Preysler, Carmen Lomana o Isabel D\u00edaz Ayuso, que una vez m\u00e1s nos ha dado una lecci\u00f3n de buen gusto con su elecci\u00f3n.<\/p>\n<p><!-- BREAK 2 --> <\/p>\n<div class=\"article-asset article-asset-normal article-asset-center\">\n<div class=\"desvio-container\">\n<div class=\"desvio\">\n<div class=\"desvio-figure js-desvio-figure\"> <a href=\"https:\/\/www.trendencias.com\/moda-famosas\/isabel-diaz-ayuso-aparca-polemica-aparece-traje-verde-botella-que-tiene-clon-mango\"> <img alt=\"Isabel D\u00edaz Ayuso aparca la pol\u00e9mica y aparece con un traje verde botella que tiene un clon en Mango \" src=\"http:\/\/hoycordobaweb.com\/wp-content\/uploads\/2022\/10\/isabel-diaz-ayuso-tiene-el-vestido-perfecto-de-invitada-de-invierno.jpg\"> <\/a> <\/div><\/div><\/div>\n<\/div>\n<div class=\"article-asset-image article-asset-normal article-asset-center\">\n<div class=\"asset-content\">\n<div class=\"base-wrapper-image\"> <img class=\"sf-lazy centro_sinmarco\" data-sf-srcset=\"http:\/\/hoycordobaweb.com\/wp-content\/uploads\/2022\/10\/isabel-diaz-ayuso-tiene-el-vestido-perfecto-de-invitada-de-invierno.png 450w, http:\/\/hoycordobaweb.com\/wp-content\/uploads\/2022\/10\/isabel-diaz-ayuso-tiene-el-vestido-perfecto-de-invitada-de-invierno-2.png 681w,http:\/\/hoycordobaweb.com\/wp-content\/uploads\/2022\/10\/isabel-diaz-ayuso-tiene-el-vestido-perfecto-de-invitada-de-invierno-3.png 1024w, http:\/\/hoycordobaweb.com\/wp-content\/uploads\/2022\/10\/isabel-diaz-ayuso-tiene-el-vestido-perfecto-de-invitada-de-invierno-4.png 1366w,\" data-sf-src=\"http:\/\/hoycordobaweb.com\/wp-content\/uploads\/2022\/10\/isabel-diaz-ayuso-tiene-el-vestido-perfecto-de-invitada-de-invierno.png\" alt=\"isabel diaz ayuso\"> <noscript><img alt=\"isabel diaz ayuso\" class=\"centro_sinmarco\" src=\"http:\/\/hoycordobaweb.com\/wp-content\/uploads\/2022\/10\/isabel-diaz-ayuso-tiene-el-vestido-perfecto-de-invitada-de-invierno.png\"><\/noscript> <\/div><\/div>\n<\/div>\n<p>Desde hace casi un a\u00f1o venimos observando el nuevo estilo de <strong>Isabel D\u00edaz Ayuso. <\/strong>La <a href=\"https:\/\/www.trendencias.com\/tag\/isabel-diaz-ayuso\">presidenta de la Comunidad de Madrid<\/a> ha cambiado radicalmente su armario. En la actualidad la vemos con <em>looks <\/em>m\u00e1s femeninos, sofisticados, y con prendas que potencian su figura. Sin duda, hemos presenciado una transformaci\u00f3n f\u00edsica que viene acompa\u00f1ada de<em> looks<\/em> de \u00faltima tendencia.<\/p>\n<p><!-- BREAK 3 --><\/p>\n<p>Adem\u00e1s, con este cambio de estilo, queda claro que la moda es algo m\u00e1s que simple moda: es una potente herramienta publicitaria capaz de enviar un mensaje.<\/p>\n<p><!-- BREAK 4 --><\/p>\n<div class=\"article-asset-image article-asset-normal article-asset-center\">\n<div class=\"asset-content\">\n<div class=\"base-wrapper-image\"> <img class=\"sf-lazy centro_sinmarco\" data-sf-srcset=\"http:\/\/hoycordobaweb.com\/wp-content\/uploads\/2022\/10\/isabel-diaz-ayuso-tiene-el-vestido-perfecto-de-invitada-de-invierno-1.png 450w, http:\/\/hoycordobaweb.com\/wp-content\/uploads\/2022\/10\/isabel-diaz-ayuso-tiene-el-vestido-perfecto-de-invitada-de-invierno-5.png 681w,http:\/\/hoycordobaweb.com\/wp-content\/uploads\/2022\/10\/isabel-diaz-ayuso-tiene-el-vestido-perfecto-de-invitada-de-invierno-6.png 1024w, http:\/\/hoycordobaweb.com\/wp-content\/uploads\/2022\/10\/isabel-diaz-ayuso-tiene-el-vestido-perfecto-de-invitada-de-invierno-7.png 1366w,\" data-sf-src=\"http:\/\/hoycordobaweb.com\/wp-content\/uploads\/2022\/10\/isabel-diaz-ayuso-tiene-el-vestido-perfecto-de-invitada-de-invierno-1.png\" alt=\"isabel diaz ayuso\"> <noscript><img alt=\"isabel diaz ayuso\" class=\"centro_sinmarco\" src=\"http:\/\/hoycordobaweb.com\/wp-content\/uploads\/2022\/10\/isabel-diaz-ayuso-tiene-el-vestido-perfecto-de-invitada-de-invierno-1.png\"><\/noscript> <\/div><\/div>\n<\/div>\n<p>Para esta noche tan espacial, Isabel D\u00edaz Ayuso se ha decantado por un vestido <em>midi <\/em>de silueta recta en un favorecedor fucsia, uno de los colores de tendencia de la temporada. Un dise\u00f1o de escote y mangas de tul transparentes firmado por <strong>Victoria, <\/strong>la firma capitaneada por<a href=\"https:\/\/www.trendencias.com\/tag\/vicky-martin-berrocal\"> Vicky Mart\u00edn Berrocal.<\/a><\/p>\n<p><!-- BREAK 5 --><\/p>\n<p>Se trata del vestido <em>Jimena, <\/em>un vestido de crep\u00e9 y tul con largo <em>midi <\/em>en color fresa. Un dise\u00f1o armado con sobrefalda cruzada y cintur\u00f3n del mismo tejido al a la altura de la cintura que estren\u00f3 en 2021 en su acto de investidura.<\/p>\n<p><!-- BREAK 6 --><\/p>\n<p>Un <em>look <\/em>que ha combinado esta ocasi\u00f3n con salones negros y cartera en el mismo tono, melena recogida con mechones sueltos y pendientes discretos.<\/p>\n<p><!-- BREAK 7 --><\/p>\n<p>Fotos | Gtres<\/p>\n","protected":false},"excerpt":{"rendered":"<p>El Teatro Real ha vuelto a desplegar la alfombra roja para el estreno de la \u00f3pera \u201cA\u00edda\u201d, de Giuseppe Verdi, con motivo de la inauguraci\u00f3n de la temporada l\u00edrica 2022\/2023 del Teatro Real de Madrid. Adem\u00e1s de los Reyes, donde Do\u00f1a Letizia ha deslumbrado con un sofisticado azul marino, al evento han acudid numerosos invitados [&hellip;]<\/p>\n","protected":false},"author":1,"featured_media":50480,"comment_status":"closed","ping_status":"closed","sticky":false,"template":"","format":"standard","meta":[],"categories":[1],"tags":[],"_links":{"self":[{"href":"http:\/\/hoycordobaweb.com\/index.php\/wp-json\/wp\/v2\/posts\/50479"}],"collection":[{"href":"http:\/\/hoycordobaweb.com\/index.php\/wp-json\/wp\/v2\/posts"}],"about":[{"href":"http:\/\/hoycordobaweb.com\/index.php\/wp-json\/wp\/v2\/types\/post"}],"author":[{"embeddable":true,"href":"http:\/\/hoycordobaweb.com\/index.php\/wp-json\/wp\/v2\/users\/1"}],"replies":[{"embeddable":true,"href":"http:\/\/hoycordobaweb.com\/index.php\/wp-json\/wp\/v2\/comments?post=50479"}],"version-history":[{"count":0,"href":"http:\/\/hoycordobaweb.com\/index.php\/wp-json\/wp\/v2\/posts\/50479\/revisions"}],"wp:featuredmedia":[{"embeddable":true,"href":"http:\/\/hoycordobaweb.com\/index.php\/wp-json\/wp\/v2\/media\/50480"}],"wp:attachment":[{"href":"http:\/\/hoycordobaweb.com\/index.php\/wp-json\/wp\/v2\/media?parent=50479"}],"wp:term":[{"taxonomy":"category","embeddable":true,"href":"http:\/\/hoycordobaweb.com\/index.php\/wp-json\/wp\/v2\/categories?post=50479"},{"taxonomy":"post_tag","embeddable":true,"href":"http:\/\/hoycordobaweb.com\/index.php\/wp-json\/wp\/v2\/tags?post=50479"}],"curies":[{"name":"wp","href":"https:\/\/api.w.org\/{rel}","templated":true}]}}