{"id":50465,"date":"2022-10-24T15:21:07","date_gmt":"2022-10-24T15:21:07","guid":{"rendered":"https:\/\/www.ole.com.ar\/futbol-internacional\/video-ancelotti-militao-avion_0_8HBKHaMEqz.html"},"modified":"2022-10-24T15:21:07","modified_gmt":"2022-10-24T15:21:07","slug":"el-video-viral-de-ancelotti-y-militao","status":"publish","type":"post","link":"http:\/\/hoycordobaweb.com\/index.php\/2022\/10\/24\/el-video-viral-de-ancelotti-y-militao\/","title":{"rendered":"El video viral de Ancelotti y Militao"},"content":{"rendered":"<p><img src=\"http:\/\/hoycordobaweb.com\/wp-content\/uploads\/2022\/10\/el-video-viral-de-ancelotti-y-militao.jpg\"><\/p>\n<p>El <strong><a alt=\"real-madrid\" class=\"slug\" href=\"https:\/\/www.ole.com.ar\/tema\/real-madrid.html\" target=\"_blank\" title=\"real-madrid\" rel=\"noopener noreferrer\">Real Madrid<\/a><\/strong> est\u00e1 teniendo una temporada de pel\u00edcula. El flamante rey de Europa es l\u00edder en solitario de <strong><a alt=\"la-liga\" class=\"slug\" href=\"https:\/\/www.ole.com.ar\/tema\/la-liga.html\" target=\"_blank\" title=\"la-liga\" rel=\"noopener noreferrer\">La Liga<\/a><\/strong> y est\u00e1 a un paso de clasificarse a los octavos de la <strong><a alt=\"champions-league\" class=\"slug\" href=\"https:\/\/www.ole.com.ar\/tema\/champions-league.html\" target=\"_blank\" title=\"champions-league\" rel=\"noopener noreferrer\">Champions League<\/a><\/strong>. Adem\u00e1s, contin\u00faa invicto despu\u00e9s de 16 partidos, siendo uno de los mejores comienzos en toda la historia de la instituci\u00f3n.<\/p>\n<div class=\"sp__Normal\">\n<div class=\"image-embeb image-trigger\" readability=\"6\">\n<picture><source media=\"(min-width: 720px)\" srcset=\"http:\/\/hoycordobaweb.com\/wp-content\/uploads\/2022\/10\/el-video-viral-de-ancelotti-y-militao-2.jpg\"><img itemprop=\"image\" src=\"http:\/\/hoycordobaweb.com\/wp-content\/uploads\/2022\/10\/el-video-viral-de-ancelotti-y-militao-2.jpg\" loading=\"lazy\" alt=\"Arrasador comienzo de temporada del Real Madrid.\">\n<\/picture><figcaption readability=\"2\">\n<p>Arrasador comienzo de temporada del Real Madrid.\n<\/p>\n<\/figcaption><\/div>\n<\/div>\n<p>El gran rendimiento del equipo tambi\u00e9n se ve reflejado en la buena onda que se respira en el ambiente. Tanto los jugadores como el cuerpo t\u00e9cnico mantienen una excelente relaci\u00f3n, y eso se puede apreciar en uno de los recientes videos que poste\u00f3 el Real.<\/p>\n<div class=\"sp__SM\">\n<div class=\"content-new \">\n<span class=\"tit-mobile\">Mir\u00e1 tambi\u00e9n<\/span><\/p>\n<div class=\"mg\">\n<div class=\"wrap-figure\">\n<picture>\n<a href=\"https:\/\/www.ole.com.ar\/ecuador\/internacional\/gavi-lesion-barcelona-luis-enrique-qatar_0_XM2CZcAB8Q.html\" target=\"_self\" rel=\"noopener noreferrer\"><br \/>\n<img class=\"img-responsive\" alt=\"Gavi se lesion\u00f3 y preocupa a la selecci\u00f3n de Espa\u00f1a de cara a Qatar\" src=\"http:\/\/hoycordobaweb.com\/wp-content\/uploads\/2022\/10\/el-video-viral-de-ancelotti-y-militao-3.jpg\" loading=\"lazy\"><br \/>\n<\/a>\n<\/picture>\n<\/div>\n<\/div><\/div>\n<\/div>\n<p>El conjunto espa\u00f1ol comparti\u00f3 una publicaci\u00f3n en sus redes de la llegada del plantel a Alemania, donde el mi\u00e9rcoles se enfrentar\u00e1n al <strong><a alt=\"rb-leipzig\" class=\"slug\" href=\"https:\/\/www.ole.com.ar\/tema\/rb-leipzig.html\" target=\"_blank\" title=\"rb-leipzig\" rel=\"noopener noreferrer\">Leipzig<\/a><\/strong> por la quinta fecha del Grupo F, con una particularidad: <strong>Carlo Ancelotti y Eder Militao bajaron agarrados del brazo del avi\u00f3n<\/strong>.<\/p>\n<p>Una muestra m\u00e1s de la cercan\u00eda del experimentado entrenador italiano con sus dirigidos. D\u00edas atr\u00e1s,<a data-cke-saved-href=\"https:\/\/www.ole.com.ar\/futbol-internacional\/curiosa-apuesta-valverde-ancelotti_0_g984FAHhsw.html\" target=\"_blank\" href=\"https:\/\/www.ole.com.ar\/futbol-internacional\/curiosa-apuesta-valverde-ancelotti_0_g984FAHhsw.html\" rel=\"noopener noreferrer\"><strong> se dio a conocer que el DT le hab\u00eda dicho a Federico Valverde que, si no marcaba al menos diez goles en la temporada,&nbsp;dejaba el club<\/strong><\/a>. El uruguayo se lo tom\u00f3 en serio: \u00ab<strong>No quiero tener la culpa de que se retire<\/strong>\u00ab. Y ya lleva siete gritos en apenas 11 partidos.<\/p>\n<div class=\"sp__SM\">\n<div class=\"content-new \">\n<span class=\"tit-mobile\">Mir\u00e1 tambi\u00e9n<\/span><\/p>\n<div class=\"mg\">\n<div class=\"wrap-figure\">\n<picture>\n<a href=\"https:\/\/www.ole.com.ar\/ecuador\/internacional\/millonario-contrato-mbappe-psg-historia_0_JpEPzWbVXN.html\" target=\"_self\" rel=\"noopener noreferrer\"><br \/>\n<img class=\"img-responsive\" alt=\"El mega contrato de Mbapp\u00e9 en el PSG: el m\u00e1s caro de la historia\" src=\"http:\/\/hoycordobaweb.com\/wp-content\/uploads\/2022\/10\/el-video-viral-de-ancelotti-y-militao-4.jpg\" loading=\"lazy\"><br \/>\n<\/a>\n<\/picture>\n<\/div>\n<\/div><\/div>\n<\/div>\n<div class=\"entry-tags\">\n<h2>TEMAS QUE APARECEN EN ESTA NOTA<\/h2>\n<\/p><\/div>\n","protected":false},"excerpt":{"rendered":"<p>El Real Madrid est\u00e1 teniendo una temporada de pel\u00edcula. El flamante rey de Europa es l\u00edder en solitario de La Liga y est\u00e1 a un paso de clasificarse a los octavos de la Champions League. Adem\u00e1s, contin\u00faa invicto despu\u00e9s de 16 partidos, siendo uno de los mejores comienzos en toda la historia de la instituci\u00f3n. [&hellip;]<\/p>\n","protected":false},"author":1,"featured_media":50466,"comment_status":"open","ping_status":"closed","sticky":false,"template":"","format":"standard","meta":[],"categories":[16],"tags":[],"_links":{"self":[{"href":"http:\/\/hoycordobaweb.com\/index.php\/wp-json\/wp\/v2\/posts\/50465"}],"collection":[{"href":"http:\/\/hoycordobaweb.com\/index.php\/wp-json\/wp\/v2\/posts"}],"about":[{"href":"http:\/\/hoycordobaweb.com\/index.php\/wp-json\/wp\/v2\/types\/post"}],"author":[{"embeddable":true,"href":"http:\/\/hoycordobaweb.com\/index.php\/wp-json\/wp\/v2\/users\/1"}],"replies":[{"embeddable":true,"href":"http:\/\/hoycordobaweb.com\/index.php\/wp-json\/wp\/v2\/comments?post=50465"}],"version-history":[{"count":0,"href":"http:\/\/hoycordobaweb.com\/index.php\/wp-json\/wp\/v2\/posts\/50465\/revisions"}],"wp:featuredmedia":[{"embeddable":true,"href":"http:\/\/hoycordobaweb.com\/index.php\/wp-json\/wp\/v2\/media\/50466"}],"wp:attachment":[{"href":"http:\/\/hoycordobaweb.com\/index.php\/wp-json\/wp\/v2\/media?parent=50465"}],"wp:term":[{"taxonomy":"category","embeddable":true,"href":"http:\/\/hoycordobaweb.com\/index.php\/wp-json\/wp\/v2\/categories?post=50465"},{"taxonomy":"post_tag","embeddable":true,"href":"http:\/\/hoycordobaweb.com\/index.php\/wp-json\/wp\/v2\/tags?post=50465"}],"curies":[{"name":"wp","href":"https:\/\/api.w.org\/{rel}","templated":true}]}}