{"id":50457,"date":"2022-10-25T02:31:29","date_gmt":"2022-10-25T02:31:29","guid":{"rendered":"https:\/\/www.ole.com.ar\/opinion\/francotirador-final-liga-boca_0_K4NCOgnszH.html"},"modified":"2022-10-25T02:31:29","modified_gmt":"2022-10-25T02:31:29","slug":"el-campeon-y-el-final-del-torneo-contra-la-catedra","status":"publish","type":"post","link":"http:\/\/hoycordobaweb.com\/index.php\/2022\/10\/25\/el-campeon-y-el-final-del-torneo-contra-la-catedra\/","title":{"rendered":"El campe\u00f3n y el final del torneo contra la c\u00e1tedra"},"content":{"rendered":"<p><img src=\"http:\/\/hoycordobaweb.com\/wp-content\/uploads\/2022\/10\/el-campeon-y-el-final-del-torneo-contra-la-catedra.jpg\"><\/p>\n<p>\u00abCrisis en <a alt=\"boca-juniors\" class=\"slug\" href=\"https:\/\/www.ole.com.ar\/tema\/boca-juniors.html\" target=\"_blank\" title=\"boca-juniors\" rel=\"noopener noreferrer\">Boca<\/a>\u00ab. Pocos minutos despu\u00e9s de<a href=\"https:\/\/www.ole.com.ar\/futbol-primera\/liga-profesional-vivo-definicion-boca-racing-campeon_0_yNNZtdzxO1.html\" target=\"_blank\" rel=\"noopener noreferrer\"><strong> la trepidante definici\u00f3n<\/strong><\/a> de la <a alt=\"liga-profesional\" class=\"slug\" href=\"https:\/\/www.ole.com.ar\/tema\/liga-profesional.html\" target=\"_blank\" title=\"liga-profesional\" rel=\"noopener noreferrer\">Liga Profesional<\/a>, el community manager del campe\u00f3n public\u00f3 esas tres palabras que tanto resonaron durante buena parte de este mism\u00edsimo campeonato para describir situaciones que (se vivieron) se viv\u00edan <strong>desde la Bombonera hasta el Boca Predio,<\/strong> ida y vuelta.<\/p>\n<div class=\"sp__SM\">\n<div class=\"content-new \">\n<span class=\"tit-mobile\">Mir\u00e1 tambi\u00e9n<\/span><\/p>\n<div class=\"mg\">\n<div class=\"wrap-figure\">\n<picture>\n<a href=\"https:\/\/www.ole.com.ar\/rosario-central\/tevez-central-continuar_0_z588N0vNFK.html\" target=\"_self\" rel=\"noopener noreferrer\"><br \/>\n<img class=\"img-responsive\" alt=\"Tevez: &quot;La idea es continuar&quot;, pero...\" src=\"http:\/\/hoycordobaweb.com\/wp-content\/uploads\/2022\/10\/el-campeon-y-el-final-del-torneo-contra-la-catedra-2.jpg\" loading=\"lazy\"><br \/>\n<\/a>\n<\/picture>\n<\/div>\n<\/div><\/div>\n<\/div>\n<div class=\"sp__Normal\">\n<div class=\"image-embeb image-trigger\" readability=\"6\">\n<picture><source media=\"(min-width: 720px)\" srcset=\"http:\/\/hoycordobaweb.com\/wp-content\/uploads\/2022\/10\/el-campeon-y-el-final-del-torneo-contra-la-catedra-3.jpg\"><img itemprop=\"image\" src=\"http:\/\/hoycordobaweb.com\/wp-content\/uploads\/2022\/10\/el-campeon-y-el-final-del-torneo-contra-la-catedra-3.jpg\" loading=\"lazy\" alt=\"Riquelme saluda.\nBoca - Independiente. Foto. Telam\">\n<\/picture><figcaption readability=\"2\">\n<p>Riquelme saluda.<br \/>\nBoca &#8211; Independiente. Foto. Telam\n<\/p>\n<\/figcaption><\/div>\n<\/div>\n<div class=\"sp__SM\">\n<div class=\"content-new \">\n<span class=\"tit-mobile\">Mir\u00e1 tambi\u00e9n<\/span><\/p>\n<div class=\"mg\">\n<div class=\"wrap-figure\">\n<picture>\n<a href=\"https:\/\/www.ole.com.ar\/futbol-primera\/racing-bedoya-copetti-penal-river_0_Qq2qEGqR8h.html\" target=\"_self\" rel=\"noopener noreferrer\"><br \/>\n<img class=\"img-responsive\" alt=\"Palazo de Bedoya a Copetti y su gui\u00f1o a Galv\u00e1n por el penal en Racing\" src=\"http:\/\/hoycordobaweb.com\/wp-content\/uploads\/2022\/10\/el-campeon-y-el-final-del-torneo-contra-la-catedra-4.jpg\" loading=\"lazy\"><br \/>\n<\/a>\n<\/picture>\n<\/div>\n<\/div><\/div>\n<\/div>\n<p><strong>Boca super\u00f3 cada una de sus turbulencias <\/strong>con aplicados triunfos, tap\u00f3 carencias de juego con las atajadas de Rossi y un gol de ventaja, super\u00f3 hasta peleas entre compa\u00f1eros con m\u00e1s triunfos, toler\u00f3 un cambio de entrenador y el estreno de un novato en Primera como <a alt=\"hugo-ibarra\" class=\"slug\" href=\"https:\/\/www.ole.com.ar\/tema\/hugo-ibarra.html\" target=\"_blank\" title=\"hugo-ibarra\" rel=\"noopener noreferrer\">Hugo Ibarra<\/a>, disfrut\u00f3 de la aparici\u00f3n de pibes de la cantera (Langoni, el top en el sprint decisivo) y tuvo autoridad en momentos en los que la autoridad es absolutamente necesaria (supercl\u00e1sico, por caso). Y Riquelme qued\u00f3 ungido una vez m\u00e1s como <a data-cke-saved-href=\"https:\/\/www.ole.com.ar\/spotify\/ole-podcast-spotify-boca_0_U8XiCjVQPH.html\" target=\"_blank\" href=\"https:\/\/www.ole.com.ar\/spotify\/ole-podcast-spotify-boca_0_U8XiCjVQPH.html\" rel=\"noopener noreferrer\"><strong>la persona m\u00e1s importante de nuestro f\u00fatbol<\/strong><\/a> puertas adentro.<\/p>\n<div class=\"sp__Normal\">\n<div class=\"image-embeb image-trigger\" readability=\"6\">\n<picture><source media=\"(min-width: 720px)\" srcset=\"http:\/\/hoycordobaweb.com\/wp-content\/uploads\/2022\/10\/el-campeon-y-el-final-del-torneo-contra-la-catedra-5.jpg\"><img itemprop=\"image\" src=\"http:\/\/hoycordobaweb.com\/wp-content\/uploads\/2022\/10\/el-campeon-y-el-final-del-torneo-contra-la-catedra-5.jpg\" loading=\"lazy\" alt=\"Saludo de Gallardo y Gago (Failla).\">\n<\/picture><figcaption readability=\"2\">\n<p>Saludo de Gallardo y Gago (Failla).\n<\/p>\n<\/figcaption><\/div>\n<\/div>\n<p>Boca no fue el \u00fanico que dej\u00f3 mensajes fuertes en este cierre de competici\u00f3n. \u00ab<a href=\"https:\/\/www.ole.com.ar\/river-plate\/gallardo-river-dignidad-racing_0_EMBa3t8U9O.html\" target=\"_blank\" rel=\"noopener noreferrer\"><strong>Ten\u00edamos que resguardar nuestra integridad y dignidad<\/strong><\/a>\u00bb y \u00ab<a href=\"https:\/\/www.ole.com.ar\/independiente\/tecnico-rojo-empate-boca-bombonera_0_5lvy14DzEQ.html\" target=\"_blank\" rel=\"noopener noreferrer\"><strong>nunca dudamos en ir al frente<\/strong><\/a>\u00ab, dijeron<a alt=\"marcelo-gallardo\" class=\"slug\" href=\"https:\/\/www.ole.com.ar\/tema\/marcelo-gallardo.html\" target=\"_blank\" title=\"marcelo-gallardo\" rel=\"noopener noreferrer\">&nbsp;Gallardo<\/a> y<a alt=\"julio-cesar-falcioni\" class=\"slug\" href=\"https:\/\/www.ole.com.ar\/tema\/julio-cesar-falcioni.html\" target=\"_blank\" title=\"julio-cesar-falcioni\" rel=\"noopener noreferrer\"> Falcioni<\/a> en sus despedidas de River e Independiente. El Mu\u00f1eco y Julio C\u00e9sar cerraron sus ciclos en contextos absolutamente distintos, pero con un denominador com\u00fan: sus jugadores pueden mirarse a la cara m\u00e1s all\u00e1 de <a href=\"https:\/\/www.ole.com.ar\/futbol-primera\/racing-river-liga-profesional_0_RexT7WYdwr.html\" target=\"_blank\" rel=\"noopener noreferrer\"><strong>lograr resultados<\/strong><\/a> que fueron o pudieron haber sido aprovechados por sus cl\u00e1sicos rivales. Sus hinchas, m\u00e1s que nada los devotos de Gallardo, atraviesan sensaciones contrapuestas por haberle servido el t\u00edtulo a Boca y lo manifiestan en las siempre invictas redes sociales.<\/p>\n<div class=\"sp__SM\">\n<div class=\"content-new \">\n<span class=\"tit-mobile\">Mir\u00e1 tambi\u00e9n<\/span><\/p>\n<div class=\"mg\">\n<div class=\"wrap-figure\">\n<picture>\n<a href=\"https:\/\/www.ole.com.ar\/velez\/fabian-cubero-velez-boca-racing_0_aFpGohVIWH.html\" target=\"_self\" rel=\"noopener noreferrer\"><br \/>\n<img class=\"img-responsive\" alt=\"Cubero: &quot;Boca es justo campe\u00f3n, pero me hubiera gustado que gane Racing&quot;\" src=\"http:\/\/hoycordobaweb.com\/wp-content\/uploads\/2022\/10\/el-campeon-y-el-final-del-torneo-contra-la-catedra-6.jpg\" loading=\"lazy\"><br \/>\n<\/a>\n<\/picture>\n<\/div>\n<\/div><\/div>\n<\/div>\n<p>Augurar que con esto -la definici\u00f3n (casi) sin mezquindades- va a surgir un nuevo f\u00fatbol argentino ser\u00eda imprudente, aunque s\u00ed es una caricia en medio de tantas cachetadas de todo tipo y color, empezando por no saber c\u00f3mo se va a jugar el campeonato 2023. Por suerte, <strong>el Mundial da tiempo para definirlo<\/strong>.<\/p>\n<div class=\"entry-tags\">\n<h2>TEMAS QUE APARECEN EN ESTA NOTA<\/h2>\n<\/p><\/div>\n","protected":false},"excerpt":{"rendered":"<p>\u00abCrisis en Boca\u00ab. Pocos minutos despu\u00e9s de la trepidante definici\u00f3n de la Liga Profesional, el community manager del campe\u00f3n public\u00f3 esas tres palabras que tanto resonaron durante buena parte de este mism\u00edsimo campeonato para describir situaciones que (se vivieron) se viv\u00edan desde la Bombonera hasta el Boca Predio, ida y vuelta. Mir\u00e1 tambi\u00e9n Riquelme saluda. [&hellip;]<\/p>\n","protected":false},"author":1,"featured_media":50458,"comment_status":"open","ping_status":"closed","sticky":false,"template":"","format":"standard","meta":[],"categories":[16],"tags":[],"_links":{"self":[{"href":"http:\/\/hoycordobaweb.com\/index.php\/wp-json\/wp\/v2\/posts\/50457"}],"collection":[{"href":"http:\/\/hoycordobaweb.com\/index.php\/wp-json\/wp\/v2\/posts"}],"about":[{"href":"http:\/\/hoycordobaweb.com\/index.php\/wp-json\/wp\/v2\/types\/post"}],"author":[{"embeddable":true,"href":"http:\/\/hoycordobaweb.com\/index.php\/wp-json\/wp\/v2\/users\/1"}],"replies":[{"embeddable":true,"href":"http:\/\/hoycordobaweb.com\/index.php\/wp-json\/wp\/v2\/comments?post=50457"}],"version-history":[{"count":0,"href":"http:\/\/hoycordobaweb.com\/index.php\/wp-json\/wp\/v2\/posts\/50457\/revisions"}],"wp:featuredmedia":[{"embeddable":true,"href":"http:\/\/hoycordobaweb.com\/index.php\/wp-json\/wp\/v2\/media\/50458"}],"wp:attachment":[{"href":"http:\/\/hoycordobaweb.com\/index.php\/wp-json\/wp\/v2\/media?parent=50457"}],"wp:term":[{"taxonomy":"category","embeddable":true,"href":"http:\/\/hoycordobaweb.com\/index.php\/wp-json\/wp\/v2\/categories?post=50457"},{"taxonomy":"post_tag","embeddable":true,"href":"http:\/\/hoycordobaweb.com\/index.php\/wp-json\/wp\/v2\/tags?post=50457"}],"curies":[{"name":"wp","href":"https:\/\/api.w.org\/{rel}","templated":true}]}}