{"id":50455,"date":"2022-10-24T11:31:12","date_gmt":"2022-10-24T11:31:12","guid":{"rendered":"https:\/\/manoamanocba.com.ar\/?p=5833"},"modified":"2022-10-24T11:31:12","modified_gmt":"2022-10-24T11:31:12","slug":"el-ceprocor-festejo-30-anos-de-protagonismo-en-el-sistema-cientifico","status":"publish","type":"post","link":"http:\/\/hoycordobaweb.com\/index.php\/2022\/10\/24\/el-ceprocor-festejo-30-anos-de-protagonismo-en-el-sistema-cientifico\/","title":{"rendered":"El Ceprocor festej\u00f3 30 a\u00f1os de protagonismo en el sistema cient\u00edfico"},"content":{"rendered":"<p>En la sede de Santa Mar\u00eda de Punilla, se llevaron a cabo los actos de celebraci\u00f3n por los 30 a\u00f1os del&nbsp;<strong><a href=\"https:\/\/ceprocor.cba.gov.ar\/\" target=\"_blank\" rel=\"noreferrer noopener\">Centro de Excelencia en Productos y Procesos de C\u00f3rdoba (Ceprocor<\/a>).<\/strong><\/p>\n<p>Participaron funcionarios provinciales y municipales, autoridades de instituciones acad\u00e9micas, cient\u00edficas, tecnol\u00f3gicas y empresarias, junto a las cerca de 150 personas que desarrollan sus actividades en este centro, tanto en la sede de la ciudad de C\u00f3rdoba como en el antiguo edificio totalmente refuncionalizado, ubicado en el coraz\u00f3n del Valle de Punilla.<\/p>\n<p>La instituci\u00f3n cient\u00edfica fue creada en 1992. Se dedica a la investigaci\u00f3n, desarrollo, servicios tecnol\u00f3gicos e innovaci\u00f3n en productos y procesos. Cuenta con dos sedes: una, en barrio Juniors y otra, en el Complejo de Santa Mar\u00eda de Punilla.<\/p>\n<p><a href=\"http:\/\/manoamanocba.com.ar\/wp-content\/uploads\/2022\/10\/cepro-portada.jpg\"><img loading=\"lazy\" class=\"size-medium wp-image-5835 aligncenter\" src=\"http:\/\/hoycordobaweb.com\/wp-content\/uploads\/2022\/10\/el-ceprocor-festejo-30-anos-de-protagonismo-en-el-sistema-cientifico.jpg\" alt width=\"300\" height=\"199\" srcset=\"http:\/\/hoycordobaweb.com\/wp-content\/uploads\/2022\/10\/el-ceprocor-festejo-30-anos-de-protagonismo-en-el-sistema-cientifico.jpg 300w, http:\/\/hoycordobaweb.com\/wp-content\/uploads\/2022\/10\/el-ceprocor-festejo-30-anos-de-protagonismo-en-el-sistema-cientifico-2.jpg 768w, http:\/\/hoycordobaweb.com\/wp-content\/uploads\/2022\/10\/el-ceprocor-festejo-30-anos-de-protagonismo-en-el-sistema-cientifico-3.jpg 993w\" sizes=\"(max-width: 300px) 100vw, 300px\"><\/a><\/p>\n<p>El establecimiento cient\u00edfico tecnol\u00f3gico est\u00e1 integrado por 150 trabajadores entre investigadores, tecn\u00f3logos, becarios y gestores tecnol\u00f3gicos. En 2009 se convierte -por ley- en un ente aut\u00e1rquico.<\/p>\n<p>Este organismo cuenta con equipamiento de vanguardia y 17 laboratorios. All\u00ed se trabaja con 450 clientes p\u00fablicos y privados, se desarrollan 50 mil ensayos anal\u00edticos anuales y 60 proyectos en marcha, gestionados por la Unidad de Vinculaci\u00f3n Tecnol\u00f3gica.<\/p>\n<p>Dentro del centro de investigaci\u00f3n, diversas iniciativas resultaron exitosas y fueron transferidas a sectores productivos del \u00e1mbito farmac\u00e9utico, agr\u00edcola, pecuario, alimenticio y de la salud, colaborando as\u00ed con el desarrollo social y productivo de la Provincia.<\/p>\n<p><a href=\"http:\/\/manoamanocba.com.ar\/wp-content\/uploads\/2022\/10\/Ceprocor-gluten.jpg\"><img loading=\"lazy\" class=\"size-medium wp-image-5836 aligncenter\" src=\"http:\/\/hoycordobaweb.com\/wp-content\/uploads\/2022\/10\/el-ceprocor-festejo-30-anos-de-protagonismo-en-el-sistema-cientifico-1.jpg\" alt width=\"300\" height=\"200\" srcset=\"http:\/\/hoycordobaweb.com\/wp-content\/uploads\/2022\/10\/el-ceprocor-festejo-30-anos-de-protagonismo-en-el-sistema-cientifico-4.jpg 300w, http:\/\/hoycordobaweb.com\/wp-content\/uploads\/2022\/10\/el-ceprocor-festejo-30-anos-de-protagonismo-en-el-sistema-cientifico-5.jpg 768w, http:\/\/hoycordobaweb.com\/wp-content\/uploads\/2022\/10\/el-ceprocor-festejo-30-anos-de-protagonismo-en-el-sistema-cientifico-6.jpg 272w, http:\/\/hoycordobaweb.com\/wp-content\/uploads\/2022\/10\/el-ceprocor-festejo-30-anos-de-protagonismo-en-el-sistema-cientifico-7.jpg 993w\" sizes=\"(max-width: 300px) 100vw, 300px\"><\/a><\/p>\n<p>En sus 30 a\u00f1os de existencia, cumplidos el viernes pasado, el <strong>Ceprocor <\/strong>realiz\u00f3 cientos de desarrollos e investigaciones de&nbsp;<strong>alto impacto social y productivo<\/strong>, que beneficiaron y siguen beneficiando a muchas personas, empresas e instituciones. En algunos casos, los productos fabricados a partir de estos desarrollos alcanzaron un&nbsp;<strong>uso masivo<\/strong>.<\/p>\n<p>Esta emblem\u00e1tica instituci\u00f3n de la ciencia que tiene la provincia de C\u00f3rdoba, dependiente del&nbsp;<strong>Ministerio de Ciencia y Tecnolog\u00eda<\/strong>, aborda sus trabajos e investigaciones sobre la base de tres grandes ejes: salud humana, medio ambiente y producci\u00f3n.<\/p>\n","protected":false},"excerpt":{"rendered":"<p>En la sede de Santa Mar\u00eda de Punilla, se llevaron a cabo los actos de celebraci\u00f3n por los 30 a\u00f1os del&nbsp;Centro de Excelencia en Productos y Procesos de C\u00f3rdoba (Ceprocor). Participaron funcionarios provinciales y municipales, autoridades de instituciones acad\u00e9micas, cient\u00edficas, tecnol\u00f3gicas y empresarias, junto a las cerca de 150 personas que desarrollan sus actividades en [&hellip;]<\/p>\n","protected":false},"author":1,"featured_media":50456,"comment_status":"closed","ping_status":"closed","sticky":false,"template":"","format":"standard","meta":[],"categories":[19],"tags":[],"_links":{"self":[{"href":"http:\/\/hoycordobaweb.com\/index.php\/wp-json\/wp\/v2\/posts\/50455"}],"collection":[{"href":"http:\/\/hoycordobaweb.com\/index.php\/wp-json\/wp\/v2\/posts"}],"about":[{"href":"http:\/\/hoycordobaweb.com\/index.php\/wp-json\/wp\/v2\/types\/post"}],"author":[{"embeddable":true,"href":"http:\/\/hoycordobaweb.com\/index.php\/wp-json\/wp\/v2\/users\/1"}],"replies":[{"embeddable":true,"href":"http:\/\/hoycordobaweb.com\/index.php\/wp-json\/wp\/v2\/comments?post=50455"}],"version-history":[{"count":0,"href":"http:\/\/hoycordobaweb.com\/index.php\/wp-json\/wp\/v2\/posts\/50455\/revisions"}],"wp:featuredmedia":[{"embeddable":true,"href":"http:\/\/hoycordobaweb.com\/index.php\/wp-json\/wp\/v2\/media\/50456"}],"wp:attachment":[{"href":"http:\/\/hoycordobaweb.com\/index.php\/wp-json\/wp\/v2\/media?parent=50455"}],"wp:term":[{"taxonomy":"category","embeddable":true,"href":"http:\/\/hoycordobaweb.com\/index.php\/wp-json\/wp\/v2\/categories?post=50455"},{"taxonomy":"post_tag","embeddable":true,"href":"http:\/\/hoycordobaweb.com\/index.php\/wp-json\/wp\/v2\/tags?post=50455"}],"curies":[{"name":"wp","href":"https:\/\/api.w.org\/{rel}","templated":true}]}}