{"id":50453,"date":"2022-10-24T11:53:12","date_gmt":"2022-10-24T11:53:12","guid":{"rendered":"https:\/\/ladecimaweb.com\/?p=14819"},"modified":"2022-10-24T11:53:12","modified_gmt":"2022-10-24T11:53:12","slug":"el-intendente-invierte-en-una-ciclovia-elevada-que-conecta-el-rio-con-barrio-juniors","status":"publish","type":"post","link":"http:\/\/hoycordobaweb.com\/index.php\/2022\/10\/24\/el-intendente-invierte-en-una-ciclovia-elevada-que-conecta-el-rio-con-barrio-juniors\/","title":{"rendered":"El intendente invierte en una ciclov\u00eda elevada que conecta el r\u00edo con barrio Juniors"},"content":{"rendered":"<div class=\"boldgrid-section\">\n<div class=\"container\">\n<div class=\"row\">\n<div class=\"col-md-12 col-xs-12 col-sm-12\">\n<p>La Ciclov\u00eda Elevada avanza ya se visualiza en Juniors, donde se coloc\u00f3 la primera viga que une al mencionado barrio con el r\u00edo Suqu\u00eda, posibilitando asi en un futuro pr\u00f3ximo el cruce de peatones y ciclistas.<\/p>\n<p>La megaobra, in\u00e9dita en el pa\u00eds, permitir\u00e1 la movilidad a lo largo de 1700 metros lineales para mejorar la conexi\u00f3n y fluidez en sitios neur\u00e1lgicos de la ciudad de C\u00f3rdoba.<\/p>\n<p class=\"\">Con este nuevo avance, vecinos de los barrios Juniors y General Paz podr\u00e1n cruzar f\u00e1cilmente hacia el otro lado y conectarse con las terminales de \u00f3mnibus, el Parque Sarmiento y la Av. Sabattini.<\/p>\n<p class=\"\"><img loading=\"lazy\" class=\"alignnone size-full wp-image-14821\" src=\"http:\/\/hoycordobaweb.com\/wp-content\/uploads\/2022\/10\/el-intendente-invierte-en-una-ciclovia-elevada-que-conecta-el-rio-con-barrio-juniors.jpg\" alt=\"\" width=\"1280\" height=\"853\" srcset=\"http:\/\/hoycordobaweb.com\/wp-content\/uploads\/2022\/10\/el-intendente-invierte-en-una-ciclovia-elevada-que-conecta-el-rio-con-barrio-juniors.jpg 1280w, http:\/\/hoycordobaweb.com\/wp-content\/uploads\/2022\/10\/el-intendente-invierte-en-una-ciclovia-elevada-que-conecta-el-rio-con-barrio-juniors-1.jpg 666w, http:\/\/hoycordobaweb.com\/wp-content\/uploads\/2022\/10\/el-intendente-invierte-en-una-ciclovia-elevada-que-conecta-el-rio-con-barrio-juniors-2.jpg 768w\" sizes=\"(max-width: 1280px) 100vw, 1280px\" \/><\/p>\n<p class=\"\">En estos \u00faltimos puntos ya se lleva a cabo la construcci\u00f3n de pilotes de hormig\u00f3n. All\u00ed, en los pr\u00f3ximos d\u00edas, iniciar\u00e1 el montaje de las primeras columnas en esos sectores.<\/p>\n<p class=\"\">\n<div class=\"ubm_banner\"><a href=\"https:\/\/www.cba.gov.ar\" target=\"_blank\" rel=\"dofollow noopener noreferrer\"><img src=\"http:\/\/hoycordobaweb.com\/wp-content\/uploads\/2022\/10\/el-intendente-invierte-en-una-ciclovia-elevada-que-conecta-el-rio-con-barrio-juniors.gif\" alt=\"\"><\/a><\/div>\n<\/div>\n<\/div>\n<\/div>\n<\/div>\n<p>La entrada <a rel=\"nofollow\" href=\"https:\/\/ladecimaweb.com\/el-intendente-invierte-en-una-ciclovia-elevada-que-conecta-el-rio-con-barrio-juniors\/\">El intendente invierte en una ciclov\u00eda elevada que conecta el r\u00edo con barrio Juniors<\/a> se public\u00f3 primero en <a rel=\"nofollow\" href=\"https:\/\/ladecimaweb.com\">LaDecima<\/a>.<\/p>\n","protected":false},"excerpt":{"rendered":"<p>La Ciclov\u00eda Elevada avanza ya se visualiza en Juniors, donde se coloc\u00f3 la primera viga que une al mencionado barrio con el r\u00edo Suqu\u00eda, posibilitando asi en un futuro pr\u00f3ximo el cruce de peatones y ciclistas. La megaobra, in\u00e9dita en el pa\u00eds, permitir\u00e1 la movilidad a lo largo de 1700 metros lineales para mejorar la [&hellip;]<\/p>\n","protected":false},"author":1,"featured_media":50454,"comment_status":"closed","ping_status":"closed","sticky":false,"template":"","format":"standard","meta":[],"categories":[19],"tags":[],"_links":{"self":[{"href":"http:\/\/hoycordobaweb.com\/index.php\/wp-json\/wp\/v2\/posts\/50453"}],"collection":[{"href":"http:\/\/hoycordobaweb.com\/index.php\/wp-json\/wp\/v2\/posts"}],"about":[{"href":"http:\/\/hoycordobaweb.com\/index.php\/wp-json\/wp\/v2\/types\/post"}],"author":[{"embeddable":true,"href":"http:\/\/hoycordobaweb.com\/index.php\/wp-json\/wp\/v2\/users\/1"}],"replies":[{"embeddable":true,"href":"http:\/\/hoycordobaweb.com\/index.php\/wp-json\/wp\/v2\/comments?post=50453"}],"version-history":[{"count":0,"href":"http:\/\/hoycordobaweb.com\/index.php\/wp-json\/wp\/v2\/posts\/50453\/revisions"}],"wp:featuredmedia":[{"embeddable":true,"href":"http:\/\/hoycordobaweb.com\/index.php\/wp-json\/wp\/v2\/media\/50454"}],"wp:attachment":[{"href":"http:\/\/hoycordobaweb.com\/index.php\/wp-json\/wp\/v2\/media?parent=50453"}],"wp:term":[{"taxonomy":"category","embeddable":true,"href":"http:\/\/hoycordobaweb.com\/index.php\/wp-json\/wp\/v2\/categories?post=50453"},{"taxonomy":"post_tag","embeddable":true,"href":"http:\/\/hoycordobaweb.com\/index.php\/wp-json\/wp\/v2\/tags?post=50453"}],"curies":[{"name":"wp","href":"https:\/\/api.w.org\/{rel}","templated":true}]}}