{"id":50441,"date":"2022-10-24T11:40:00","date_gmt":"2022-10-24T11:40:00","guid":{"rendered":"https:\/\/fm-comunicar.com.ar\/contenido\/19705\/faustina-martino-comenzo-su-participacion-en-la-voz-kids-de-peru"},"modified":"2022-10-24T11:40:00","modified_gmt":"2022-10-24T11:40:00","slug":"faustina-martino-comenzo-su-participacion-en-la-voz-kids-de-peru","status":"publish","type":"post","link":"http:\/\/hoycordobaweb.com\/index.php\/2022\/10\/24\/faustina-martino-comenzo-su-participacion-en-la-voz-kids-de-peru\/","title":{"rendered":"Faustina Martino comenz\u00f3 su participaci\u00f3n en La Voz Kids de Per\u00fa"},"content":{"rendered":"<p>Desde este fin de semana comenzaron a emitirse los programas que se grabaron hace varias semanas. La jovencita caroyense fue seleccionada para continuar en el certamen.<img src=\"http:\/\/hoycordobaweb.com\/wp-content\/uploads\/2022\/10\/faustina-martino-comenzo-su-participacion-en-la-voz-kids-de-peru.png\"><\/p>\n","protected":false},"excerpt":{"rendered":"<p>Desde este fin de semana comenzaron a emitirse los programas que se grabaron hace varias semanas. La jovencita caroyense fue seleccionada para continuar en el certamen.<\/p>\n","protected":false},"author":1,"featured_media":50442,"comment_status":"closed","ping_status":"closed","sticky":false,"template":"","format":"standard","meta":[],"categories":[18],"tags":[],"_links":{"self":[{"href":"http:\/\/hoycordobaweb.com\/index.php\/wp-json\/wp\/v2\/posts\/50441"}],"collection":[{"href":"http:\/\/hoycordobaweb.com\/index.php\/wp-json\/wp\/v2\/posts"}],"about":[{"href":"http:\/\/hoycordobaweb.com\/index.php\/wp-json\/wp\/v2\/types\/post"}],"author":[{"embeddable":true,"href":"http:\/\/hoycordobaweb.com\/index.php\/wp-json\/wp\/v2\/users\/1"}],"replies":[{"embeddable":true,"href":"http:\/\/hoycordobaweb.com\/index.php\/wp-json\/wp\/v2\/comments?post=50441"}],"version-history":[{"count":0,"href":"http:\/\/hoycordobaweb.com\/index.php\/wp-json\/wp\/v2\/posts\/50441\/revisions"}],"wp:featuredmedia":[{"embeddable":true,"href":"http:\/\/hoycordobaweb.com\/index.php\/wp-json\/wp\/v2\/media\/50442"}],"wp:attachment":[{"href":"http:\/\/hoycordobaweb.com\/index.php\/wp-json\/wp\/v2\/media?parent=50441"}],"wp:term":[{"taxonomy":"category","embeddable":true,"href":"http:\/\/hoycordobaweb.com\/index.php\/wp-json\/wp\/v2\/categories?post=50441"},{"taxonomy":"post_tag","embeddable":true,"href":"http:\/\/hoycordobaweb.com\/index.php\/wp-json\/wp\/v2\/tags?post=50441"}],"curies":[{"name":"wp","href":"https:\/\/api.w.org\/{rel}","templated":true}]}}