{"id":50435,"date":"2022-10-20T13:12:53","date_gmt":"2022-10-20T13:12:53","guid":{"rendered":"https:\/\/fono.fcm.unc.edu.ar\/?p=9836"},"modified":"2022-10-20T13:12:53","modified_gmt":"2022-10-20T13:12:53","slug":"reunion-de-trabajo-del-cin-y-cifunyp","status":"publish","type":"post","link":"http:\/\/hoycordobaweb.com\/index.php\/2022\/10\/20\/reunion-de-trabajo-del-cin-y-cifunyp\/","title":{"rendered":"Reuni\u00f3n de trabajo del CIN y CIFUNYP"},"content":{"rendered":"<h2 class=\"fusion-post-title\">Reuni\u00f3n de trabajo del CIN y CIFUNYP<\/h2>\n<div class=\"post-content\" readability=\"39\">\n<p><img loading=\"lazy\" class=\"alignright size-fusion-400 wp-image-9837\" src=\"https:\/\/fono.fcm.unc.edu.ar\/wp-content\/uploads\/sites\/14\/2022\/10\/PLANTILLAS-2022-FONO-1-400x400.png\" alt width=\"400\" height=\"400\" srcset=\"https:\/\/fono.fcm.unc.edu.ar\/wp-content\/uploads\/sites\/14\/2022\/10\/PLANTILLAS-2022-FONO-1-66x66.png 66w, https:\/\/fono.fcm.unc.edu.ar\/wp-content\/uploads\/sites\/14\/2022\/10\/PLANTILLAS-2022-FONO-1-150x150.png 150w, https:\/\/fono.fcm.unc.edu.ar\/wp-content\/uploads\/sites\/14\/2022\/10\/PLANTILLAS-2022-FONO-1-200x200.png 200w, https:\/\/fono.fcm.unc.edu.ar\/wp-content\/uploads\/sites\/14\/2022\/10\/PLANTILLAS-2022-FONO-1-300x300.png 300w, https:\/\/fono.fcm.unc.edu.ar\/wp-content\/uploads\/sites\/14\/2022\/10\/PLANTILLAS-2022-FONO-1-400x400.png 400w, https:\/\/fono.fcm.unc.edu.ar\/wp-content\/uploads\/sites\/14\/2022\/10\/PLANTILLAS-2022-FONO-1-600x600.png 600w, https:\/\/fono.fcm.unc.edu.ar\/wp-content\/uploads\/sites\/14\/2022\/10\/PLANTILLAS-2022-FONO-1-768x768.png 768w, https:\/\/fono.fcm.unc.edu.ar\/wp-content\/uploads\/sites\/14\/2022\/10\/PLANTILLAS-2022-FONO-1-800x800.png 800w, https:\/\/fono.fcm.unc.edu.ar\/wp-content\/uploads\/sites\/14\/2022\/10\/PLANTILLAS-2022-FONO-1-1024x1024.png 1024w, https:\/\/fono.fcm.unc.edu.ar\/wp-content\/uploads\/sites\/14\/2022\/10\/PLANTILLAS-2022-FONO-1.png 1080w\" sizes=\"(max-width: 400px) 100vw, 400px\">Durante la ma\u00f1ana de ayer, mi\u00e9rcoles 19 de octubre, se llev\u00f3 a cabo una reuni\u00f3n de trabajo con los asesores de la Comisi\u00f3n de Acreditaci\u00f3n del CIN y Autoridades de CIFUNYP .<\/p>\n<p>Como integrante de CIFUNYP particip\u00f3 la Directora de la Escuela de Fonoaudiolog\u00eda de la FCM-UNC, Dra. Prof. Silvana Serra.<\/p>\n<\/p><\/div>\n","protected":false},"excerpt":{"rendered":"<p>Reuni\u00f3n de trabajo del CIN y CIFUNYP Durante la ma\u00f1ana de ayer, mi\u00e9rcoles 19 de octubre, se llev\u00f3 a cabo una reuni\u00f3n de trabajo con los asesores de la Comisi\u00f3n de Acreditaci\u00f3n del CIN y Autoridades de CIFUNYP . Como integrante de CIFUNYP particip\u00f3 la Directora de la Escuela de Fonoaudiolog\u00eda de la FCM-UNC, Dra. [&hellip;]<\/p>\n","protected":false},"author":1,"featured_media":0,"comment_status":"closed","ping_status":"closed","sticky":false,"template":"","format":"standard","meta":[],"categories":[1],"tags":[],"_links":{"self":[{"href":"http:\/\/hoycordobaweb.com\/index.php\/wp-json\/wp\/v2\/posts\/50435"}],"collection":[{"href":"http:\/\/hoycordobaweb.com\/index.php\/wp-json\/wp\/v2\/posts"}],"about":[{"href":"http:\/\/hoycordobaweb.com\/index.php\/wp-json\/wp\/v2\/types\/post"}],"author":[{"embeddable":true,"href":"http:\/\/hoycordobaweb.com\/index.php\/wp-json\/wp\/v2\/users\/1"}],"replies":[{"embeddable":true,"href":"http:\/\/hoycordobaweb.com\/index.php\/wp-json\/wp\/v2\/comments?post=50435"}],"version-history":[{"count":0,"href":"http:\/\/hoycordobaweb.com\/index.php\/wp-json\/wp\/v2\/posts\/50435\/revisions"}],"wp:attachment":[{"href":"http:\/\/hoycordobaweb.com\/index.php\/wp-json\/wp\/v2\/media?parent=50435"}],"wp:term":[{"taxonomy":"category","embeddable":true,"href":"http:\/\/hoycordobaweb.com\/index.php\/wp-json\/wp\/v2\/categories?post=50435"},{"taxonomy":"post_tag","embeddable":true,"href":"http:\/\/hoycordobaweb.com\/index.php\/wp-json\/wp\/v2\/tags?post=50435"}],"curies":[{"name":"wp","href":"https:\/\/api.w.org\/{rel}","templated":true}]}}