{"id":50431,"date":"2022-10-24T02:22:00","date_gmt":"2022-10-24T02:22:00","guid":{"rendered":"http:\/\/hoycordobaweb.com\/index.php\/2022\/10\/24\/masiva-concurrencia-a-las-actividades-del-cierre-de-temporada-en-tecnopolis\/"},"modified":"2022-10-24T02:22:00","modified_gmt":"2022-10-24T02:22:00","slug":"masiva-concurrencia-a-las-actividades-del-cierre-de-temporada-en-tecnopolis","status":"publish","type":"post","link":"http:\/\/hoycordobaweb.com\/index.php\/2022\/10\/24\/masiva-concurrencia-a-las-actividades-del-cierre-de-temporada-en-tecnopolis\/","title":{"rendered":"Masiva concurrencia a las actividades del cierre de temporada en Tecn\u00f3polis"},"content":{"rendered":"<p><img src=\"http:\/\/hoycordobaweb.com\/wp-content\/uploads\/2022\/10\/masiva-concurrencia-a-las-actividades-del-cierre-de-temporada-en-tecnopolis.jpg\"><\/p>\n<figure class=\"mb-3\"><img loading=\"lazy\" src=\"http:\/\/hoycordobaweb.com\/wp-content\/uploads\/2022\/10\/masiva-concurrencia-a-las-actividades-del-cierre-de-temporada-en-tecnopolis-2.jpg\" width=\"100%\" height=\"100%\" alt=\"Foto Lara Sartor\"><figcaption> (Foto: Lara Sartor). <\/figcaption><\/figure>\n<p>Miles de ni\u00f1os y adultos participaron este domingo de las actividades de cierre de la temporada 2022 de la mega muestra de Tecn\u00f3polis, el predio ubicado en la localidad bonaerense de Villa Martelli, que fue visitada este a\u00f1o por m\u00e1s de tres millones de espectadores.<\/p>\n<p>Los miles de visitantes aprovecharon la jornada soleada de domingo para visitar la muestra en el predio de la avenida Constituyentes, localidad de Villa Martelli, partido bonaerense de Vicente L\u00f3pez, con entrada libre y gratuita, sin reserva previa, organizada por el Ministerio de Cultura de la Naci\u00f3n.<\/p>\n<p><strong>La edici\u00f3n 2022 de Tecn\u00f3polis se desarroll\u00f3 durante 57 jornadas, desde el 17 de julio pasado, durante los cuales la megamuestra de arte, ciencia y tecnolog\u00eda m\u00e1s grande de Latinoam\u00e9rica recibi\u00f3 a m\u00e1s de 3 millones de visitantes de todo el pa\u00eds<\/strong>, se inform\u00f3 oficialmente.<\/p>\n<p><strong>\u00abM\u00e1s de 800 mil personas de todo el pa\u00eds disfrutaron del Parque en solo dos semanas. Desde agosto, volvieron los recorridos con escuelas, en los que participaron m\u00e1s de 300 mil chicas y chicos de 5 mil escuelas\u00bb,<\/strong> agreg\u00f3 un comunicado del Ministerio de Cultura.<\/p>\n<p>\u00abTecn\u00f3polis, el parque dedicado a la ciencia, la tecnolog\u00eda y el arte, fue concebido desde su nacimiento como un espacio de conocimiento, aprendizaje y disfrute para toda la familia. Un lugar para el entretenimiento pero tambi\u00e9n un posible encuentro con futuras vocaciones<strong>. Nos da una alegr\u00eda inmensa y un gran orgullo ver c\u00f3mo ese sue\u00f1o inicial hoy forma parte de la experiencia de m\u00e1s de 3 millones de visitantes que lo recorrieron y disfrutaron en esta \u00faltima edici\u00f3n\u00bb,<\/strong> se\u00f1al\u00f3 el ministro de Cultura, Trist\u00e1n Bauer.<\/p>\n<p>\u00abLlevar adelante este Parque, con la calidad y variedad de propuestas que tiene, implica un gran esfuerzo y compromiso. Vaya, entonces, un agradecimiento especial para todos aquellos que trabajan en \u00e9l, que lo cuidan, sostienen y abrazan cada d\u00eda. Tambi\u00e9n a los Ministerios, organismos, empresas p\u00fablicas y privadas y a la cooperaci\u00f3n internacional de los pa\u00edses que participaron este a\u00f1o. Todos y todas hacen de Tecn\u00f3polis una experiencia \u00fanica e inolvidable\u00bb, agreg\u00f3 el funcionario nacional.<\/p>\n<p>En esta oportunidad, uno de los espacios m\u00e1s concurridos fue la<strong> \u00abExperiencia Arrorr\u00f3\u00bb<\/strong>, un espacio sensorial para ni\u00f1os de hasta cuatro a\u00f1os, donde una gran cantidad de personas hac\u00edan fila para poder participar de esa muestra interactiva.<\/p>\n<figure class=\"mb-3\"><img loading=\"lazy\" src=\"http:\/\/hoycordobaweb.com\/wp-content\/uploads\/2022\/10\/masiva-concurrencia-a-las-actividades-del-cierre-de-temporada-en-tecnopolis-3.jpg\" width=\"100%\" height=\"100%\" alt=\"Foto Lara Sartor\"><figcaption> (Foto: Lara Sartor). <\/figcaption><\/figure>\n<p>Sonia Gonz\u00e1lez, vecina del barrio porte\u00f1o de Versalles y madre de Valentina, de tres a\u00f1os, se\u00f1al\u00f3 a T\u00e9lam que le gusta que haya \u00abun espacio de aprendizaje para los m\u00e1s chicos\u00bb y que siempre es \u00abnecesario que haya m\u00e1s espacios como estos\u00bb.<\/p>\n<p><strong>Otro de los espacios m\u00e1s visitados fue el Azul, la muestra interactiva que se desarrolla en el polo rojo de Innovaci\u00f3n, que revela las curiosidades de la vida mar\u00edtima en el Mar Argentino.<\/strong><\/p>\n<figure class=\"mb-3\"><img loading=\"lazy\" src=\"http:\/\/hoycordobaweb.com\/wp-content\/uploads\/2022\/10\/masiva-concurrencia-a-las-actividades-del-cierre-de-temporada-en-tecnopolis-4.jpg\" width=\"100%\" height=\"100%\" alt=\"Foto Lara Sartor\"><figcaption> (Foto: Lara Sartor). <\/figcaption><\/figure>\n<p>Aurelio, divulgador cient\u00edfico de la secci\u00f3n, dijo sentirse \u00aborgulloso de que muchas personas se acerquen al stand y hagan preguntas sobre nuestra fauna marina y sobre los perjuicios que pueden provocar el desperdicio de desechos a nuestros mares\u00bb.<\/p>\n<p>En esta misma l\u00ednea, una gran cantidad de personas hac\u00edan fila para escalar en la palestra, un muro de 8 metros de altura y puntos de apoyo que definen los caminos de la escalada.<\/p>\n<p>Mayra, una joven de 15 a\u00f1os, afirm\u00f3 que \u00absubir a la palestra genera una sensaci\u00f3n de v\u00e9rtigo y adrenalina, que es muy dif\u00edcil de lograr con otras actividades\u00bb.<\/p>\n<p>En esta misma l\u00ednea, dentro del Pabell\u00f3n 2, <strong>una de las muestras m\u00e1s concurridas de la jornada era \u00abAm\u00e9rica Viva\u00bb y, en especial, la secci\u00f3n de las obras que representan la historia de los mitos y leyendas de los pueblos originarios de nuestro pa\u00eds.<\/strong><\/p>\n<p>Andrea, vecina del municipio de Lomas de Zamora, afirm\u00f3 que \u00abla secci\u00f3n es muy interesante para aprender sobre la cultura de nuestros pueblos originarios que no es muy visibilizada\u00bb.<\/p>\n<figure class=\"mb-3\"><img loading=\"lazy\" src=\"http:\/\/hoycordobaweb.com\/wp-content\/uploads\/2022\/10\/masiva-concurrencia-a-las-actividades-del-cierre-de-temporada-en-tecnopolis-5.jpg\" width=\"100%\" height=\"100%\" alt=\"Foto Lara Sartor\"><figcaption> (Foto: Lara Sartor). <\/figcaption><\/figure>\n<p><strong>Otra de las \u00e1reas con mayor afluencia de personas fue el sector de Zamba, un espacio interactivo donde, a trav\u00e9s de ayuda de los personajes de la serie infantil, se permite a los ni\u00f1os conocer sobre la historia del pa\u00eds.<\/strong><\/p>\n<p>Enzo, un nene de 8 a\u00f1os oriundo de la localidad formose\u00f1a de Clorinda, que llevaba una camiseta de Zamba, se\u00f1al\u00f3 que \u00abes la primera vez\u00bb que visit\u00f3 Tecn\u00f3polis y que lo que m\u00e1s le gust\u00f3 fue \u00abvisitar la zona de la ballena gigante\u00bb.<\/p>\n<p>En el pabell\u00f3n del Ministerio de Educaci\u00f3n, los visitantes participaron de los diferentes puestos como los dedicados al programa conectar igualdad, el \u00e1rea de lectura infanto juvenil y el puesto dedicado al Instituto Nacional de Educaci\u00f3n Tecnol\u00f3gica, en donde los visitantes pod\u00edan utilizar el simulador de autom\u00f3vil, una experiencia interactiva que imita la experiencia de conducir.<\/p>\n<p>Mateo, un joven de 11 a\u00f1os oriundo de Boulogne, que estaba en la fila del simulador, consider\u00f3 que \u00abtoda la muestra es muy buena y puede ser entretenida tanto para ni\u00f1os y no tan ni\u00f1os\u00bb.<\/p>\n<figure class=\"mb-3\"><img loading=\"lazy\" src=\"http:\/\/hoycordobaweb.com\/wp-content\/uploads\/2022\/10\/masiva-concurrencia-a-las-actividades-del-cierre-de-temporada-en-tecnopolis-6.jpg\" width=\"100%\" height=\"100%\" alt=\"Foto Lara Sartor\"><figcaption> (Foto: Lara Sartor). <\/figcaption><\/figure>\n<p><strong>Otro de los espacios m\u00e1s visitados fue Plaza Siquier, en donde se dictaron talleres de malabares y Equilibrio, y ni\u00f1os y adultos aprendieron a realizar malabares junto a payasos y acr\u00f3batas.<\/strong><\/p>\n<p>Llenos de brillo y maquillajes, los participantes intentaban realizar malabares con pelotas multicolores.<\/p>\n<p>Guido, un joven de 16 a\u00f1os de Berazategui, indic\u00f3 que \u00aba simple vista es f\u00e1cil hacer malabares, pero la verdad es muy complicada. Tienes que tener coordinaci\u00f3n y una gran rapidez en la mano. Despu\u00e9s de 40 minutos pude aprender a realizar malabares con tres pelotas, pero me cuesta mucho\u00bb.<\/p>\n<p>A las 16, en el escenario Juana Azurduy, ni\u00f1os y ni\u00f1as participaron del gran baile de Zamba y Ni\u00f1a, en donde pudieron jugar y cantar junto a los personajes.<\/p>\n<figure class=\"mb-3\"><img loading=\"lazy\" src=\"http:\/\/hoycordobaweb.com\/wp-content\/uploads\/2022\/10\/masiva-concurrencia-a-las-actividades-del-cierre-de-temporada-en-tecnopolis-7.jpg\" width=\"100%\" height=\"100%\" alt=\"Foto Lara Sartor\"><figcaption> (Foto: Lara Sartor). <\/figcaption><\/figure>\n<p>Luego, en el mismo escenario se presentaron \u00abLos Rockan\u00bb, una banda que propone un recorrido rockero de las canciones m\u00e1s emblem\u00e1ticas de Mar\u00eda Elena Walsh, en un espect\u00e1culo intergeneracional, que moviliz\u00f3 a ni\u00f1os y grandes con sus acordes.<\/p>\n<p>A las 17, en Auditorio Cultura, Mart\u00edn Rechimuzzi y Pedro Rosenblat realizaron su programa en streaming con p\u00fablico en vivo.<\/p>\n<p>Mientras que a las 18, cerca del cierre, en el Patio Federal, la banda Kapanga moviliz\u00f3 al p\u00fablico con su fusi\u00f3n de cuarteto, rock y ska.<\/p>\n<p>La directora de Tecn\u00f3polis, Mar\u00eda Rosenfeldt, anticip\u00f3 que <strong>la pr\u00f3xima edici\u00f3n de la muestra arrancar\u00e1 en febrero de 2023, para la cual trabajar\u00e1n \u201ccon mucho entusiasmo y muchas ideas para renovar y para seguir poniendo en valor este espacio, esta pol\u00edtica p\u00fablica, cultural y educativa\u00bb.<\/strong> <\/p>\n","protected":false},"excerpt":{"rendered":"<p>(Foto: Lara Sartor). Miles de ni\u00f1os y adultos participaron este domingo de las actividades de cierre de la temporada 2022 de la mega muestra de Tecn\u00f3polis, el predio ubicado en la localidad bonaerense de Villa Martelli, que fue visitada este a\u00f1o por m\u00e1s de tres millones de espectadores. Los miles de visitantes aprovecharon la jornada [&hellip;]<\/p>\n","protected":false},"author":1,"featured_media":50432,"comment_status":"open","ping_status":"closed","sticky":false,"template":"","format":"standard","meta":[],"categories":[19],"tags":[],"_links":{"self":[{"href":"http:\/\/hoycordobaweb.com\/index.php\/wp-json\/wp\/v2\/posts\/50431"}],"collection":[{"href":"http:\/\/hoycordobaweb.com\/index.php\/wp-json\/wp\/v2\/posts"}],"about":[{"href":"http:\/\/hoycordobaweb.com\/index.php\/wp-json\/wp\/v2\/types\/post"}],"author":[{"embeddable":true,"href":"http:\/\/hoycordobaweb.com\/index.php\/wp-json\/wp\/v2\/users\/1"}],"replies":[{"embeddable":true,"href":"http:\/\/hoycordobaweb.com\/index.php\/wp-json\/wp\/v2\/comments?post=50431"}],"version-history":[{"count":0,"href":"http:\/\/hoycordobaweb.com\/index.php\/wp-json\/wp\/v2\/posts\/50431\/revisions"}],"wp:featuredmedia":[{"embeddable":true,"href":"http:\/\/hoycordobaweb.com\/index.php\/wp-json\/wp\/v2\/media\/50432"}],"wp:attachment":[{"href":"http:\/\/hoycordobaweb.com\/index.php\/wp-json\/wp\/v2\/media?parent=50431"}],"wp:term":[{"taxonomy":"category","embeddable":true,"href":"http:\/\/hoycordobaweb.com\/index.php\/wp-json\/wp\/v2\/categories?post=50431"},{"taxonomy":"post_tag","embeddable":true,"href":"http:\/\/hoycordobaweb.com\/index.php\/wp-json\/wp\/v2\/tags?post=50431"}],"curies":[{"name":"wp","href":"https:\/\/api.w.org\/{rel}","templated":true}]}}