{"id":50417,"date":"2022-10-23T15:26:05","date_gmt":"2022-10-23T15:26:05","guid":{"rendered":"https:\/\/www.ole.com.ar\/futbol-internacional\/idolo-mexico-mundial-mensaje_0_VJ3oAuSkVI.html"},"modified":"2022-10-23T15:26:05","modified_gmt":"2022-10-23T15:26:05","slug":"el-mensaje-de-un-idolo-mexicano-sobre-el-mundial-que-se-pongan-las-pilas","status":"publish","type":"post","link":"http:\/\/hoycordobaweb.com\/index.php\/2022\/10\/23\/el-mensaje-de-un-idolo-mexicano-sobre-el-mundial-que-se-pongan-las-pilas\/","title":{"rendered":"El mensaje de un \u00eddolo mexicano sobre el Mundial: \u00abQue se pongan las pilas\u00bb"},"content":{"rendered":"<p><img src=\"http:\/\/hoycordobaweb.com\/wp-content\/uploads\/2022\/10\/el-mensaje-de-un-idolo-mexicano-sobre-el-mundial-que-se-pongan-las-pilas.jpg\"><\/p>\n<p>Contin\u00faa la cuenta regresiva de cara a <strong><a alt=\"mundial-qatar-2022\" class=\"slug\" href=\"https:\/\/www.ole.com.ar\/tema\/mundial-qatar-2022.html\" target=\"_blank\" title=\"mundial-qatar-2022\" rel=\"noopener noreferrer\">Qatar 2022<\/a><\/strong>. Falta menos de un mes para el comienzo de la Copa del Mundo y en <strong><a alt=\"seleccion-de-mexico\" class=\"slug\" href=\"https:\/\/www.ole.com.ar\/tema\/seleccion-de-mexico.html\" target=\"_blank\" title=\"seleccion-de-mexico\" rel=\"noopener noreferrer\">M\u00e9xico<\/a><\/strong> no ven la hora de ver a su Selecci\u00f3n. As\u00ed lo vive tambi\u00e9n una leyenda de la Tricolor, que envi\u00f3 un mensaje a los dirigidos por el Tata Martino.<\/p>\n<div class=\"sp__SM\">\n<div class=\"content-new \">\n<span class=\"tit-mobile\">Mir\u00e1 tambi\u00e9n<\/span><\/p>\n<div class=\"mg\">\n<div class=\"wrap-figure\">\n<picture>\n<a href=\"https:\/\/www.ole.com.ar\/futbol-internacional\/memes-eliminacion-america-mexico_0_0r4OL2uqsR.html\" target=\"_self\" rel=\"noopener noreferrer\"><br \/>\n<img class=\"img-responsive\" alt=\"En M\u00e9xico tampoco se salvan: los memes por la eliminaci\u00f3n del Am\u00e9rica\" src=\"http:\/\/hoycordobaweb.com\/wp-content\/uploads\/2022\/10\/el-mensaje-de-un-idolo-mexicano-sobre-el-mundial-que-se-pongan-las-pilas-2.jpg\" loading=\"lazy\"><br \/>\n<\/a>\n<\/picture>\n<\/div>\n<\/div><\/div>\n<\/div>\n<p>Se trata de <strong>Cuauht\u00e9moc Blanco<\/strong>, ex delantero del <strong><a alt=\"america-de-mexico\" class=\"slug\" href=\"https:\/\/www.ole.com.ar\/tema\/america-de-mexico.html\" target=\"_blank\" title=\"america-de-mexico\" rel=\"noopener noreferrer\">Am\u00e9rica<\/a><\/strong> que estuvo en los Mundiales de 1998, 2002 y 2010 y que supo consagrarse en la Copa Confederaciones 1999 con el seleccionado azteca.<strong> El ex futbolista les pidi\u00f3 a sus compatriotas \u00abque se pongan las pilas\u00bb<\/strong>.<\/p>\n<p>\u00ab<strong>Siempre hay que tener fe.&nbsp;\u00bfA&nbsp;qu\u00e9 vamos al Mundial?&nbsp;A&nbsp;luchar, a donde lleguemos. As\u00ed que se pongan las pilas. Al f\u00fatbol se juega con pantalones<\/strong>\u00ab, sostuvo Blanco, en una entrevista con la cadena TUDN. Adem\u00e1s, no tuvo dudas a la hora de elegir su candidato.<\/p>\n<div class=\"sp__SM\">\n<div class=\"content-new \">\n<span class=\"tit-mobile\">Mir\u00e1 tambi\u00e9n<\/span><\/p>\n<div class=\"mg\">\n<div class=\"wrap-figure\">\n<picture>\n<a href=\"https:\/\/www.ole.com.ar\/futbol-internacional\/toluca-elimino-america-tano-ortiz_0_yeOAOuL6qX.html\" target=\"_self\" rel=\"noopener noreferrer\"><br \/>\n<img class=\"img-responsive\" alt=\"Sorpresa en M\u00e9xico: Toluca elimin\u00f3 al Am\u00e9rica del Tano Ortiz\" src=\"http:\/\/hoycordobaweb.com\/wp-content\/uploads\/2022\/10\/el-mensaje-de-un-idolo-mexicano-sobre-el-mundial-que-se-pongan-las-pilas-3.jpg\" loading=\"lazy\"><br \/>\n<\/a>\n<\/picture>\n<\/div>\n<\/div><\/div>\n<\/div>\n<p><strong>\u00abEl favorito para salir campe\u00f3n es Brasil\u00bb<\/strong>, afirm\u00f3 el atacante. Mientras tanto, M\u00e9xico compartir\u00e1 el grupo C en Qatar con la <strong><a alt=\"seleccion-argentina\" class=\"slug\" href=\"https:\/\/www.ole.com.ar\/tema\/seleccion-argentina.html\" target=\"_blank\" title=\"seleccion-argentina\" rel=\"noopener noreferrer\">Selecci\u00f3n Argentina<\/a><\/strong>, Polonia y Arabia Saudita.<\/p>\n<div class=\"sp__Normal\">\n<div class=\"image-embeb image-trigger\" readability=\"6.5\">\n<picture><source media=\"(min-width: 720px)\" srcset=\"http:\/\/hoycordobaweb.com\/wp-content\/uploads\/2022\/10\/el-mensaje-de-un-idolo-mexicano-sobre-el-mundial-que-se-pongan-las-pilas-4.jpg\"><img itemprop=\"image\" src=\"http:\/\/hoycordobaweb.com\/wp-content\/uploads\/2022\/10\/el-mensaje-de-un-idolo-mexicano-sobre-el-mundial-que-se-pongan-las-pilas-4.jpg\" loading=\"lazy\" alt=\"Blanco, con la Selecci\u00f3n de M\u00e9xico.\">\n<\/picture><figcaption readability=\"3\">\n<p>Blanco, con la Selecci\u00f3n de M\u00e9xico.\n<\/p>\n<\/figcaption><\/div>\n<\/div>\n<p>Por su parte, el actual Gobernador del Estado de Morelos, se refiri\u00f3 al f\u00fatbol mexicano y pidi\u00f3 que le den m\u00e1s chances a futbolistas locales. \u00ab<strong>Es bien dif\u00edcil, por eso siempre he peleado porque se quiten todas las plazas de extranjeros y que den oportunidades a jugadores mexicanos<\/strong>.&nbsp;Siempre est\u00e1n luchando y los&nbsp;mandan a otro equipo.&nbsp;A&nbsp;m\u00ed tambi\u00e9n me lo hicieron\u00bb, cerr\u00f3.<\/p>\n<div class=\"entry-tags\">\n<h2>TEMAS QUE APARECEN EN ESTA NOTA<\/h2>\n<\/p><\/div>\n","protected":false},"excerpt":{"rendered":"<p>Contin\u00faa la cuenta regresiva de cara a Qatar 2022. Falta menos de un mes para el comienzo de la Copa del Mundo y en M\u00e9xico no ven la hora de ver a su Selecci\u00f3n. As\u00ed lo vive tambi\u00e9n una leyenda de la Tricolor, que envi\u00f3 un mensaje a los dirigidos por el Tata Martino. Mir\u00e1 [&hellip;]<\/p>\n","protected":false},"author":1,"featured_media":50418,"comment_status":"open","ping_status":"closed","sticky":false,"template":"","format":"standard","meta":[],"categories":[16],"tags":[],"_links":{"self":[{"href":"http:\/\/hoycordobaweb.com\/index.php\/wp-json\/wp\/v2\/posts\/50417"}],"collection":[{"href":"http:\/\/hoycordobaweb.com\/index.php\/wp-json\/wp\/v2\/posts"}],"about":[{"href":"http:\/\/hoycordobaweb.com\/index.php\/wp-json\/wp\/v2\/types\/post"}],"author":[{"embeddable":true,"href":"http:\/\/hoycordobaweb.com\/index.php\/wp-json\/wp\/v2\/users\/1"}],"replies":[{"embeddable":true,"href":"http:\/\/hoycordobaweb.com\/index.php\/wp-json\/wp\/v2\/comments?post=50417"}],"version-history":[{"count":0,"href":"http:\/\/hoycordobaweb.com\/index.php\/wp-json\/wp\/v2\/posts\/50417\/revisions"}],"wp:featuredmedia":[{"embeddable":true,"href":"http:\/\/hoycordobaweb.com\/index.php\/wp-json\/wp\/v2\/media\/50418"}],"wp:attachment":[{"href":"http:\/\/hoycordobaweb.com\/index.php\/wp-json\/wp\/v2\/media?parent=50417"}],"wp:term":[{"taxonomy":"category","embeddable":true,"href":"http:\/\/hoycordobaweb.com\/index.php\/wp-json\/wp\/v2\/categories?post=50417"},{"taxonomy":"post_tag","embeddable":true,"href":"http:\/\/hoycordobaweb.com\/index.php\/wp-json\/wp\/v2\/tags?post=50417"}],"curies":[{"name":"wp","href":"https:\/\/api.w.org\/{rel}","templated":true}]}}