{"id":50415,"date":"2022-10-23T16:51:33","date_gmt":"2022-10-23T16:51:33","guid":{"rendered":"https:\/\/www.ole.com.ar\/futbol-internacional\/telefono-papu-gomez-falta-valverde_0_4NiChk1GaM.html"},"modified":"2022-10-23T16:51:33","modified_gmt":"2022-10-23T16:51:33","slug":"publicaron-el-telefono-del-papu-gomez","status":"publish","type":"post","link":"http:\/\/hoycordobaweb.com\/index.php\/2022\/10\/23\/publicaron-el-telefono-del-papu-gomez\/","title":{"rendered":"Publicaron el tel\u00e9fono del Papu G\u00f3mez"},"content":{"rendered":"<p><img src=\"http:\/\/hoycordobaweb.com\/wp-content\/uploads\/2022\/10\/publicaron-el-telefono-del-papu-gomez.jpg\"><\/p>\n<p>Fue un partido picante por donde se lo mire. <strong><a alt=\"real-madrid\" class=\"slug\" href=\"https:\/\/www.ole.com.ar\/tema\/real-madrid.html\" target=\"_blank\" title=\"real-madrid\" rel=\"noopener noreferrer\">Real Madrid<\/a><\/strong> <strong>derrot\u00f3 3 a 1 a<\/strong> <strong><a alt=\"sevilla\" class=\"slug\" href=\"https:\/\/www.ole.com.ar\/tema\/sevilla.html\" target=\"_blank\" title=\"sevilla\" rel=\"noopener noreferrer\">Sevilla<\/a><\/strong> y sigue siendo el \u00fanico puntero de <strong><a alt=\"la-liga\" class=\"slug\" href=\"https:\/\/www.ole.com.ar\/tema\/la-liga.html\" target=\"_blank\" title=\"la-liga\" rel=\"noopener noreferrer\">La Liga<\/a><\/strong>. Sin embargo, a pesar que hubo golazos, la imagen que m\u00e1s trascendi\u00f3 del encuentro fue una falta.<\/p>\n<div class=\"sp__Normal\">\n<div class=\"image-embeb image-trigger\" readability=\"6.5\">\n<picture><source media=\"(min-width: 720px)\" srcset=\"http:\/\/hoycordobaweb.com\/wp-content\/uploads\/2022\/10\/publicaron-el-telefono-del-papu-gomez-2.jpg\"><img itemprop=\"image\" src=\"http:\/\/hoycordobaweb.com\/wp-content\/uploads\/2022\/10\/publicaron-el-telefono-del-papu-gomez-2.jpg\" loading=\"lazy\" alt=\"Papu, protagonista de la pol\u00e9mica en el Real-Sevilla.\">\n<\/picture><figcaption readability=\"3\">\n<p>Papu, protagonista de la pol\u00e9mica en el Real-Sevilla.\n<\/p>\n<\/figcaption><\/div>\n<\/div>\n<div class=\"sp__SM\">\n<div class=\"content-new \">\n<span class=\"tit-mobile\">Mir\u00e1 tambi\u00e9n<\/span><\/p>\n<div class=\"mg\">\n<div class=\"wrap-figure\">\n<picture>\n<a href=\"https:\/\/www.ole.com.ar\/futbol-internacional\/inglaterra\/premier-league-vivo-arsenal-aston-villa_0_JaYjJyT7Vx.html\" target=\"_self\" rel=\"noopener noreferrer\"><br \/>\n<img class=\"img-responsive\" alt=\"Premier League: el Dibu con arco en cero y freno al l\u00edder\" src=\"http:\/\/hoycordobaweb.com\/wp-content\/uploads\/2022\/10\/publicaron-el-telefono-del-papu-gomez-3.jpg\" loading=\"lazy\"><br \/>\n<\/a>\n<\/picture>\n<\/div>\n<\/div><\/div>\n<\/div>\n<p>Corr\u00edan los 94 minutos, cerca del pitazo final, <strong><a alt=\"federico-valverde\" class=\"slug\" href=\"https:\/\/www.ole.com.ar\/tema\/federico-valverde.html\" target=\"_blank\" title=\"federico-valverde\" rel=\"noopener noreferrer\">Federico Valverde<\/a><\/strong> se trasladaba con la pelota por el centro del campo y <strong>recib\u00eda un duro rodillazo por parte de Alejandro G\u00f3mez<\/strong>. El Papu vio s\u00f3lo la tarjeta amarilla, pero el uruguayo qued\u00f3 muy sentido, y a esta hora aseguran en Europa que no podr\u00e1 jugar el cruce de <strong><a alt=\"champions-league\" class=\"slug\" href=\"https:\/\/www.ole.com.ar\/tema\/champions-league.html\" target=\"_blank\" title=\"champions-league\" rel=\"noopener noreferrer\">Champions League<\/a><\/strong> contra Leipzig.<\/p>\n<div class=\"sp__SM\">\n<div class=\"content-new \">\n<span class=\"tit-mobile\">Mir\u00e1 tambi\u00e9n<\/span><\/p>\n<div class=\"mg\">\n<div class=\"wrap-figure\">\n<picture>\n<a href=\"https:\/\/www.ole.com.ar\/futbol-internacional\/espana\/betis-atletico-madrid-liga-champions_0_bbQWI9FGz2.html\" target=\"_self\" rel=\"noopener noreferrer\"><br \/>\n<img class=\"img-responsive\" alt=\"El Atl\u00e9tico gan\u00f3 y qued\u00f3 tercero\" src=\"http:\/\/hoycordobaweb.com\/wp-content\/uploads\/2022\/10\/publicaron-el-telefono-del-papu-gomez-4.jpg\" loading=\"lazy\"><br \/>\n<\/a>\n<\/picture>\n<\/div>\n<\/div><\/div>\n<\/div>\n<p>La bronca de los madridistas y rioplatenses <strong>no tard\u00f3 en trasladarse a las redes sociales, donde atacaron furiosamente al mediocampista argentino, y hasta difundieron su n\u00famero de tel\u00e9fono<\/strong>. \u00ab<strong>Es un carnicero<\/strong>\u00ab, afirm\u00f3 uno de los usuarios, molesto con el jugador.<\/p>\n<p>Mientras tanto, el Sevilla no levanta cabeza. Tras la salida de Julen Lopetegui, el conjunto andaluz esperaba recuperar un buen presente de la mano de Jorge Sampaoli. Sin embargo, <strong>desde el regreso del DT de Casilda s\u00f3lo han ganado un partido de cinco disputados<\/strong>, est\u00e1n en la 14\u00b0 posici\u00f3n en La Liga y al borde de la eliminaci\u00f3n en la Champions League.<\/p>\n<div class=\"sp__SM\">\n<div class=\"content-new \">\n<span class=\"tit-mobile\">Mir\u00e1 tambi\u00e9n<\/span><\/p>\n<div class=\"mg\">\n<div class=\"wrap-figure\">\n<picture>\n<a href=\"https:\/\/www.ole.com.ar\/seleccion\/scaloni-lista-mundial-lesiones-seleccion_0_3qtgh2Cnge.html\" target=\"_self\" rel=\"noopener noreferrer\"><br \/>\n<img class=\"img-responsive\" alt=\"Scaloni y las ocho preocupaciones de cara a la lista final\" src=\"http:\/\/hoycordobaweb.com\/wp-content\/uploads\/2022\/10\/publicaron-el-telefono-del-papu-gomez-5.jpg\" loading=\"lazy\"><br \/>\n<\/a>\n<\/picture>\n<\/div>\n<\/div><\/div>\n<\/div>\n<div class=\"entry-tags\">\n<h2>TEMAS QUE APARECEN EN ESTA NOTA<\/h2>\n<\/p><\/div>\n","protected":false},"excerpt":{"rendered":"<p>Fue un partido picante por donde se lo mire. Real Madrid derrot\u00f3 3 a 1 a Sevilla y sigue siendo el \u00fanico puntero de La Liga. Sin embargo, a pesar que hubo golazos, la imagen que m\u00e1s trascendi\u00f3 del encuentro fue una falta. Papu, protagonista de la pol\u00e9mica en el Real-Sevilla. Mir\u00e1 tambi\u00e9n Corr\u00edan los [&hellip;]<\/p>\n","protected":false},"author":1,"featured_media":50416,"comment_status":"open","ping_status":"closed","sticky":false,"template":"","format":"standard","meta":[],"categories":[16],"tags":[],"_links":{"self":[{"href":"http:\/\/hoycordobaweb.com\/index.php\/wp-json\/wp\/v2\/posts\/50415"}],"collection":[{"href":"http:\/\/hoycordobaweb.com\/index.php\/wp-json\/wp\/v2\/posts"}],"about":[{"href":"http:\/\/hoycordobaweb.com\/index.php\/wp-json\/wp\/v2\/types\/post"}],"author":[{"embeddable":true,"href":"http:\/\/hoycordobaweb.com\/index.php\/wp-json\/wp\/v2\/users\/1"}],"replies":[{"embeddable":true,"href":"http:\/\/hoycordobaweb.com\/index.php\/wp-json\/wp\/v2\/comments?post=50415"}],"version-history":[{"count":0,"href":"http:\/\/hoycordobaweb.com\/index.php\/wp-json\/wp\/v2\/posts\/50415\/revisions"}],"wp:featuredmedia":[{"embeddable":true,"href":"http:\/\/hoycordobaweb.com\/index.php\/wp-json\/wp\/v2\/media\/50416"}],"wp:attachment":[{"href":"http:\/\/hoycordobaweb.com\/index.php\/wp-json\/wp\/v2\/media?parent=50415"}],"wp:term":[{"taxonomy":"category","embeddable":true,"href":"http:\/\/hoycordobaweb.com\/index.php\/wp-json\/wp\/v2\/categories?post=50415"},{"taxonomy":"post_tag","embeddable":true,"href":"http:\/\/hoycordobaweb.com\/index.php\/wp-json\/wp\/v2\/tags?post=50415"}],"curies":[{"name":"wp","href":"https:\/\/api.w.org\/{rel}","templated":true}]}}