{"id":50409,"date":"2022-10-24T02:22:03","date_gmt":"2022-10-24T02:22:03","guid":{"rendered":"https:\/\/www.ole.com.ar\/seleccion\/romero-lesion-tottenham_0_Ev5XQRLhS3.html"},"modified":"2022-10-24T02:22:03","modified_gmt":"2022-10-24T02:22:03","slug":"cuti-romero-otro-averiado-para-scaloni","status":"publish","type":"post","link":"http:\/\/hoycordobaweb.com\/index.php\/2022\/10\/24\/cuti-romero-otro-averiado-para-scaloni\/","title":{"rendered":"Cuti Romero, otro averiado para Scaloni"},"content":{"rendered":"<p><img src=\"http:\/\/hoycordobaweb.com\/wp-content\/uploads\/2022\/10\/cuti-romero-otro-averiado-para-scaloni.jpg\"><\/p>\n<p> El que puso el partido del Tottenham ante Newcastle para ver en acci\u00f3n a Cristian Romero habr\u00e1 quedado sorprendido cuando el argentino no apareci\u00f3 entre los titulares. Y ni hablar cuando tampoco se vio su carita entre los suplentes. <mark><strong>\u00bfQu\u00e9 pas\u00f3 con el defensor que brill\u00f3 por su ausencia?<\/strong><\/mark> No fue una decisi\u00f3n t\u00e1ctica del entrenador italiano, sino que tuvo que dejar afuera al Cuti en el choque ante el Newcastle <mark><strong>porque el jugador arrastra molestias musculares.<\/strong><\/mark><\/p>\n<div class=\"sp__SM\">\n<div class=\"content-new \">\n<span class=\"tit-mobile\">Mir\u00e1 tambi\u00e9n<\/span><\/p>\n<div class=\"mg\">\n<div class=\"wrap-figure\">\n<picture>\n<a href=\"https:\/\/www.ole.com.ar\/futbol-internacional\/estrellas-duda-selecciones-mundial_0_80JTr5ivwi.html\" target=\"_self\" rel=\"noopener noreferrer\"><br \/>\n<img class=\"img-responsive\" alt=\"Alerta Mundial: bajas confirmadas y muchos que est\u00e1n en riesgo\" src=\"http:\/\/hoycordobaweb.com\/wp-content\/uploads\/2022\/10\/cuti-romero-otro-averiado-para-scaloni-2.jpg\" loading=\"lazy\"><br \/>\n<\/a>\n<\/picture>\n<\/div>\n<\/div><\/div>\n<\/div>\n<div class=\"sp__Normal\">\n<div class=\"image-embeb image-trigger\" readability=\"6\">\n<picture><source media=\"(min-width: 720px)\" srcset=\"http:\/\/hoycordobaweb.com\/wp-content\/uploads\/2022\/10\/cuti-romero-otro-averiado-para-scaloni-3.jpg\"><img itemprop=\"image\" src=\"http:\/\/hoycordobaweb.com\/wp-content\/uploads\/2022\/10\/cuti-romero-otro-averiado-para-scaloni-3.jpg\" loading=\"lazy\" alt=\"Cuti Romero lleva 11 partidos en la temporada.\">\n<\/picture><figcaption readability=\"2\">\n<p>Cuti Romero lleva 11 partidos en la temporada.\n<\/p>\n<\/figcaption><\/div>\n<\/div>\n<p>Por ahora todas son especulaciones, ya que desde el club<strong> no precisaron qu\u00e9 tipo de lesi\u00f3n sufri\u00f3 el ex Belgrano de C\u00f3rdoba ni el grado<\/strong>. De todos modos, los medios de Inglaterra hablan de que tendr\u00eda que estar parado al menos dos semanas. Sin dudas, otro motivo de preocupaci\u00f3n para Lionel Scaloni. Porque a 27 d\u00edas del inicio del Mundial de Qatar, cualquier imponderable es un dolor de cabeza. Sobre todo porque el Cuti es uno de los pilares indiscutidos en el armado de la defensa.<\/p>\n<div class=\"sp__SM\">\n<div class=\"content-new \">\n<span class=\"tit-mobile\">Mir\u00e1 tambi\u00e9n<\/span><\/p>\n<div class=\"mg\">\n<div class=\"wrap-figure\">\n<picture>\n<a href=\"https:\/\/www.ole.com.ar\/futbol-internacional\/italia\/nico-gonzalez-lesion-fiorentina-mundial_0_VHhUMPAUbT.html\" target=\"_self\" rel=\"noopener noreferrer\"><br \/>\n<img class=\"img-responsive\" alt=\"Alerta Selecci\u00f3n: se lesion\u00f3 Nico Gonz\u00e1lez\" src=\"http:\/\/hoycordobaweb.com\/wp-content\/uploads\/2022\/10\/cuti-romero-otro-averiado-para-scaloni-4.jpg\" loading=\"lazy\"><br \/>\n<\/a>\n<\/picture>\n<\/div>\n<\/div><\/div>\n<\/div>\n<p>Luego de desembarcar en la Premier League en la temporada pasada, una serie de lesiones tuvieron a Romero bastante tiempo fuera de las canchas. Pero luego de la pretemporada, el cordob\u00e9s arranc\u00f3 m\u00e1s firme que nunca en los Spurs.<mark><strong> De hecho, lleva 11 partidos jugados entre el torneo y la Champions. <\/strong><\/mark>Lo cierto es que el Tottenham extra\u00f1\u00f3 al Cuti: el equipo de Conte cay\u00f3 1-2 ante el Newcastle, segunda derrota al hilo luego de perder contra el Manchester United y, aunque sigue tercero, qued\u00f3 a cinco puntos del l\u00edder Arsenal, que tiene un partido menos&#8230;<\/p>\n<div class=\"sp__SM\">\n<div class=\"content-new \">\n<span class=\"tit-mobile\">Mir\u00e1 tambi\u00e9n<\/span><\/p>\n<div class=\"mg\">\n<div class=\"wrap-figure\">\n<picture>\n<a href=\"https:\/\/www.ole.com.ar\/futbol-internacional\/inglaterra\/lesion-raphael-varane-defensor-francia_0_sPcNRXZqjJ.html\" target=\"_self\" rel=\"noopener noreferrer\"><br \/>\n<img class=\"img-responsive\" alt=\"Video: la preocupante lesi\u00f3n de Varane a menos de un mes del Mundial\" src=\"http:\/\/hoycordobaweb.com\/wp-content\/uploads\/2022\/10\/cuti-romero-otro-averiado-para-scaloni-5.jpg\" loading=\"lazy\"><br \/>\n<\/a>\n<\/picture>\n<\/div>\n<\/div><\/div>\n<\/div>\n<p>Sin dudas fue un fin de semana bastante complejo para el entrenador de la Selecci\u00f3n Argentina. <strong>El s\u00e1bado perdi\u00f3 a Leandro Paredes,<a data-cke-saved-href=\"https:\/\/www.ole.com.ar\/seleccion\/lesion-leandro-paredes-seleccion-argentina_0_2rDntGn0LT.html\" target=\"_blank\" href=\"https:\/\/www.ole.com.ar\/seleccion\/lesion-leandro-paredes-seleccion-argentina_0_2rDntGn0LT.html\" rel=\"noopener noreferrer\"> que estar\u00e1 unos 12 d\u00edas parado por una lesi\u00f3n muscular.<\/a> <\/strong>La fecha de Italia tambi\u00e9n<mark><strong> dej\u00f3 la luz roja encendida con Nicol\u00e1s Gonz\u00e1lez, que apenas dur\u00f3 siete minutos en cancha ante el Inter. Por c\u00f3mo se fren\u00f3 y pidi\u00f3 el cambio, <a data-cke-saved-href=\"https:\/\/www.ole.com.ar\/futbol-internacional\/italia\/nico-gonzalez-lesion-fiorentina-mundial_0_VHhUMPAUbT.html\" target=\"_blank\" href=\"https:\/\/www.ole.com.ar\/futbol-internacional\/italia\/nico-gonzalez-lesion-fiorentina-mundial_0_VHhUMPAUbT.html\" rel=\"noopener noreferrer\">es probable que el ex Argentinos Juniors haya sufrido un desgarro<\/a>.<\/strong><\/mark> Hay que esperar los estudios que le har\u00e1n en las pr\u00f3ximas horas&#8230;<\/p>\n<div class=\"sp__Normal\">\n<div class=\"image-embeb image-trigger\" readability=\"6\">\n<picture><source media=\"(min-width: 720px)\" srcset=\"http:\/\/hoycordobaweb.com\/wp-content\/uploads\/2022\/10\/cuti-romero-otro-averiado-para-scaloni-6.jpg\"><img itemprop=\"image\" src=\"http:\/\/hoycordobaweb.com\/wp-content\/uploads\/2022\/10\/cuti-romero-otro-averiado-para-scaloni-6.jpg\" loading=\"lazy\" alt=\"Es titular indiscutido para Argentina (REUTER).\">\n<\/picture><figcaption readability=\"2\">\n<p>Es titular indiscutido para Argentina (REUTER).\n<\/p>\n<\/figcaption><\/div>\n<\/div>\n<div class=\"sp__SM\">\n<div class=\"content-new \">\n<span class=\"tit-mobile\">Mir\u00e1 tambi\u00e9n<\/span><\/p>\n<div class=\"mg\">\n<div class=\"wrap-figure\">\n<picture>\n<a href=\"https:\/\/www.ole.com.ar\/futbol-internacional\/inglaterra\/chelsea-vs-manchester-united-lisandro-martinez-titular_0_0z8xDQwqdL.html\" target=\"_self\" rel=\"noopener noreferrer\"><br \/>\n<img class=\"img-responsive\" alt=\"Ag\u00f3nico empate del United y gran actuaci\u00f3n de Lisandro Mart\u00ednez\" src=\"http:\/\/hoycordobaweb.com\/wp-content\/uploads\/2022\/10\/cuti-romero-otro-averiado-para-scaloni-7.jpg\" loading=\"lazy\"><br \/>\n<\/a>\n<\/picture>\n<\/div>\n<\/div><\/div>\n<\/div>\n<p><strong>\u201cEs una preocupaci\u00f3n porque es un Mundial diferente, y estamos tan cerquita que cualquier m\u00ednima cosa que te pueda pasar te puede dejar afuera\u201d<\/strong>, explic\u00f3 hace unos d\u00edas el mism\u00edsimo Messi. Ya son ocho los tocados. Que se corte.<\/p>\n<div class=\"sp__SM\">\n<div class=\"content-new \">\n<span class=\"tit-mobile\">Mir\u00e1 tambi\u00e9n<\/span><\/p>\n<div class=\"mg\">\n<div class=\"wrap-figure\">\n<picture>\n<a href=\"https:\/\/www.ole.com.ar\/seleccion\/lesion-leandro-paredes-seleccion-argentina_0_2rDntGn0LT.html\" target=\"_self\" rel=\"noopener noreferrer\"><br \/>\n<img class=\"img-responsive\" alt=\"Atenci\u00f3n Scaloni: lesi\u00f3n de Paredes a menos de un mes del Mundial\" src=\"http:\/\/hoycordobaweb.com\/wp-content\/uploads\/2022\/10\/cuti-romero-otro-averiado-para-scaloni-8.jpg\" loading=\"lazy\"><br \/>\n<\/a>\n<\/picture>\n<\/div>\n<\/div><\/div>\n<\/div>\n<div class=\"entry-tags\">\n<h2>TEMAS QUE APARECEN EN ESTA NOTA<\/h2>\n<\/p><\/div>\n","protected":false},"excerpt":{"rendered":"<p>El que puso el partido del Tottenham ante Newcastle para ver en acci\u00f3n a Cristian Romero habr\u00e1 quedado sorprendido cuando el argentino no apareci\u00f3 entre los titulares. Y ni hablar cuando tampoco se vio su carita entre los suplentes. \u00bfQu\u00e9 pas\u00f3 con el defensor que brill\u00f3 por su ausencia? No fue una decisi\u00f3n t\u00e1ctica del [&hellip;]<\/p>\n","protected":false},"author":1,"featured_media":50410,"comment_status":"open","ping_status":"closed","sticky":false,"template":"","format":"standard","meta":[],"categories":[16],"tags":[],"_links":{"self":[{"href":"http:\/\/hoycordobaweb.com\/index.php\/wp-json\/wp\/v2\/posts\/50409"}],"collection":[{"href":"http:\/\/hoycordobaweb.com\/index.php\/wp-json\/wp\/v2\/posts"}],"about":[{"href":"http:\/\/hoycordobaweb.com\/index.php\/wp-json\/wp\/v2\/types\/post"}],"author":[{"embeddable":true,"href":"http:\/\/hoycordobaweb.com\/index.php\/wp-json\/wp\/v2\/users\/1"}],"replies":[{"embeddable":true,"href":"http:\/\/hoycordobaweb.com\/index.php\/wp-json\/wp\/v2\/comments?post=50409"}],"version-history":[{"count":0,"href":"http:\/\/hoycordobaweb.com\/index.php\/wp-json\/wp\/v2\/posts\/50409\/revisions"}],"wp:featuredmedia":[{"embeddable":true,"href":"http:\/\/hoycordobaweb.com\/index.php\/wp-json\/wp\/v2\/media\/50410"}],"wp:attachment":[{"href":"http:\/\/hoycordobaweb.com\/index.php\/wp-json\/wp\/v2\/media?parent=50409"}],"wp:term":[{"taxonomy":"category","embeddable":true,"href":"http:\/\/hoycordobaweb.com\/index.php\/wp-json\/wp\/v2\/categories?post=50409"},{"taxonomy":"post_tag","embeddable":true,"href":"http:\/\/hoycordobaweb.com\/index.php\/wp-json\/wp\/v2\/tags?post=50409"}],"curies":[{"name":"wp","href":"https:\/\/api.w.org\/{rel}","templated":true}]}}