{"id":50375,"date":"2022-10-22T12:19:28","date_gmt":"2022-10-22T12:19:28","guid":{"rendered":"https:\/\/www.mujerhoy.com\/moda\/no-te-pierdas\/look-barato-comodo-otono-gabardina-el-corte-ingles-falda-midi-hym-rejuvenece-a-los-50-20221022141831-nt.html"},"modified":"2022-10-22T12:19:28","modified_gmt":"2022-10-22T12:19:28","slug":"gabardina-de-el-corte-ingles-y-falda-midi-de-hm-el-look-comodo-y-estiloso-que-rejuvenece-a-los-50","status":"publish","type":"post","link":"http:\/\/hoycordobaweb.com\/index.php\/2022\/10\/22\/gabardina-de-el-corte-ingles-y-falda-midi-de-hm-el-look-comodo-y-estiloso-que-rejuvenece-a-los-50\/","title":{"rendered":"Gabardina de El Corte Ingl\u00e9s y falda midi de H&amp;M: el look c\u00f3modo y estiloso que rejuvenece a los 50"},"content":{"rendered":"<p><!-- AUTHOR --><!-- COMPONENTS --><\/p>\n<p class=\"voc-paragraph\">\u00bfBuscando inspiraci\u00f3n para estos primeros d\u00edas del <strong>oto\u00f1o<\/strong>? \u00bfNo sabes qu\u00e9 ponerte en estos d\u00edas de temperaturas tan cambiantes? Echa un vistazo al <strong>perfil de Instagram de Carmen Gimeno<\/strong>. Y es que la influencer ha propuesto un look con gabardina -igual de bonita que <a data-voc-vtm-id=\"in-text-traffic\" href=\"https:\/\/www.mujerhoy.com\/moda\/tendencias\/gabardina-favorita-influencers-comoda-atemporal-pega-con-todo-ponible-20221015132311-nt.html\">la favorita de las influencers<\/a>&#8211; que merece mucho la pena.\n<\/p>\n<p class=\"voc-paragraph\">La influencer ha compartido con sus seguidores una propuesta de look que es perfecta para estos d\u00edas en los que al inicio hace fr\u00edo y en las horas centrales suben las temperaturas y hace mucho m\u00e1s calor. Y es una f\u00f3rmula apta para todas las edades y lo mejor de todo es que est\u00e1 formado por <strong>prendas low cost<\/strong>.\n<\/p>\n<p class=\"voc-paragraph\">Ya sabes que Carmen Gimeno siempre publica estilismos en los que Zara suele ser la marca protagonista. Es, sin ninguna duda, su favorita. Sin embargo, en ocasiones, va un poco m\u00e1s all\u00e1 de el gigante de Inditex y ense\u00f1a otras opciones que tambi\u00e9n merecen la pena.\n<\/p>\n<p class=\"voc-paragraph\">Es el caso del \u00faltimo estilismo que ha ense\u00f1ado en su perfil. Y se trata de un look protagonizado por una <strong>gabardina<\/strong>, la chaqueta de entretiempo favorita de las que m\u00e1s saben de moda. Y ella ha escogido un dise\u00f1o mucho m\u00e1s original y diferente al cl\u00e1sico beige o camel que tienen todas.\n<\/p>\n<p class=\"voc-paragraph\">Se trata de <strong>un trench en color rosa<\/strong>. S\u00ed, has le\u00eddo bien, rosa. Y pensar\u00e1s que es un color poco ponible que solo podr\u00e1s ponerte con b\u00e1sicos, pero est\u00e1s muy equivocada. Es un tono empolvado muy claro que hace que te lo puedas poner con casi todo porque combina muy bien.\n<\/p>\n<p class=\"voc-paragraph\">El modelo de Carmen es del<br \/>\n<strong> El Corte Ingl\u00e9s<\/strong>, como ella misma ha confirmado en su cuenta, y se trata de un dise\u00f1o de largo por la rodilla y con doble abotonadura en color negro. \u00bfLa mala noticia? Que se trata de un trench de la temporada pasada y que ya no se encuentra disponible.\n<\/p>\n<div class=\"voc-detail-photo-zoom\"><picture data-toggle=\"modal\" data-target=\"#photoZoomModal-437\" target=\"modal\">\n<div class=\"voc-img-icon-link\"><img loading=\"lazy\" data-original=\"\/\/static2.mujerhoy.com\/www\/multimedia\/202210\/18\/media\/cortadas\/massimo-dutti-gabardina-kbEF--460x637@MujerHoy.png\" class=\"lazy\" alt=\"La gabardina rosa de Massimo Dutti.\"><noscript><img src=\"http:\/\/hoycordobaweb.com\/wp-content\/uploads\/2022\/10\/gabardina-de-el-corte-ingles-y-falda-midi-de-hm-el-look-comodo-y-estiloso-que-rejuvenece-a-los-50.png\" alt=\"La gabardina rosa de Massimo Dutti.\"><\/noscript><i class=\"voc-icons zoom voc-multimedia-box voc-ico-l\"><\/i><\/div><figcaption class=\"figure-caption\">La gabardina rosa de Massimo Dutti.<\/figcaption><\/picture><\/div>\n<div id=\"photoZoomModal-437\" class=\"voc-lightbox modal fade voc-lightbox--photo-zoom\" role=\"dialog\" data-voc-photozoom-lightbox>\n<div class=\"voc-lightbox__dialog\" role=\"document\">\n<div class=\"voc-lightbox__content\"><!-- Modal header --><!-- Modal content --><\/p>\n<div class=\"voc-lightbox__photo-container\"><picture class><img loading=\"lazy\" data-original=\"\/\/static2.mujerhoy.com\/www\/multimedia\/202210\/18\/media\/cortadas\/massimo-dutti-gabardina-kbEF--460x637@MujerHoy.png\" alt=\"La gabardina rosa de Massimo Dutti.\" class=\"lazy\"><noscript><img src=\"http:\/\/hoycordobaweb.com\/wp-content\/uploads\/2022\/10\/gabardina-de-el-corte-ingles-y-falda-midi-de-hm-el-look-comodo-y-estiloso-que-rejuvenece-a-los-50.png\" alt=\"La gabardina rosa de Massimo Dutti.\"><\/noscript><\/picture><\/div>\n<\/div>\n<\/div>\n<\/div>\n<p class=\"voc-paragraph\">Sin embargo, tenemos una buena noticia. Y es que hemos encontrado un dise\u00f1o muy parecido en <strong>Massimo Dutti<\/strong>, por no decir id\u00e9ntico. Es un modelo confeccionado en tejido 100% algod\u00f3n en Portugal, que lleva cintur\u00f3n con hebilla y que cuesta <strong>169 euros<\/strong>.\n<\/p>\n<p class=\"voc-paragraph\">Es ideal y con \u00e9l puedes conseguir looks tan favorecedores y estilosos como el de Carmen. Ella lo combin\u00f3 con prendas del mismo tono obtuvo, de esta forma, un estilismo monocolor muy c\u00f3modo ideal para el d\u00eda a d\u00eda. \u00bfQue de d\u00f3nde es la <strong>falda<\/strong>? De <strong>H&amp;M<\/strong>.\n<\/p>\n<div class=\"voc-detail-photo-zoom\"><picture data-toggle=\"modal\" data-target=\"#photoZoomModal-631\" target=\"modal\">\n<div class=\"voc-img-icon-link\"><img loading=\"lazy\" data-original=\"\/\/static1.mujerhoy.com\/www\/multimedia\/202210\/18\/media\/cortadas\/falda-midi-hym-kbEF--460x637@MujerHoy.jpg\" class=\"lazy\" alt=\"La falda de H&amp;M.\"><noscript><img src=\"http:\/\/hoycordobaweb.com\/wp-content\/uploads\/2022\/10\/gabardina-de-el-corte-ingles-y-falda-midi-de-hm-el-look-comodo-y-estiloso-que-rejuvenece-a-los-50.jpg\" alt=\"La falda de H&amp;M.\"><\/noscript><i class=\"voc-icons zoom voc-multimedia-box voc-ico-l\"><\/i><\/div><figcaption class=\"figure-caption\">La falda de H&amp;M.<\/figcaption><\/picture><\/div>\n<div id=\"photoZoomModal-631\" class=\"voc-lightbox modal fade voc-lightbox--photo-zoom\" role=\"dialog\" data-voc-photozoom-lightbox>\n<div class=\"voc-lightbox__dialog\" role=\"document\">\n<div class=\"voc-lightbox__content\"><!-- Modal header --><!-- Modal content --><\/p>\n<div class=\"voc-lightbox__photo-container\"><picture class><img loading=\"lazy\" data-original=\"\/\/static1.mujerhoy.com\/www\/multimedia\/202210\/18\/media\/cortadas\/falda-midi-hym-kbEF--460x637@MujerHoy.jpg\" alt=\"La falda de H&amp;M.\" class=\"lazy\"><noscript><img src=\"http:\/\/hoycordobaweb.com\/wp-content\/uploads\/2022\/10\/gabardina-de-el-corte-ingles-y-falda-midi-de-hm-el-look-comodo-y-estiloso-que-rejuvenece-a-los-50.jpg\" alt=\"La falda de H&amp;M.\"><\/noscript><\/picture><\/div>\n<\/div>\n<\/div>\n<\/div>\n<p class=\"voc-paragraph\">Se trata de un dise\u00f1o de largo midi y l\u00ednea evas\u00e9 que est\u00e1 confeccionado en un tejido satinado, en concreto sarga de viscosa con brillo. Es rosa palo y lo mejor de todo es que cuesta <strong>24,99 euros<\/strong> y que tambi\u00e9n est\u00e1 disponible en animal print en blanco y negro. Carmen complet\u00f3 el look con <strong>zapatillas de Zara<\/strong> y un <strong>jersey <\/strong>y s\u00ed, tenemos que reconocer que est\u00e1 ideal.\n<\/p>\n<p><!-- TOPICS --><\/p>\n","protected":false},"excerpt":{"rendered":"<p>\u00bfBuscando inspiraci\u00f3n para estos primeros d\u00edas del oto\u00f1o? \u00bfNo sabes qu\u00e9 ponerte en estos d\u00edas de temperaturas tan cambiantes? Echa un vistazo al perfil de Instagram de Carmen Gimeno. Y es que la influencer ha propuesto un look con gabardina -igual de bonita que la favorita de las influencers&#8211; que merece mucho la pena. La [&hellip;]<\/p>\n","protected":false},"author":1,"featured_media":50376,"comment_status":"closed","ping_status":"closed","sticky":false,"template":"","format":"standard","meta":[],"categories":[1],"tags":[],"_links":{"self":[{"href":"http:\/\/hoycordobaweb.com\/index.php\/wp-json\/wp\/v2\/posts\/50375"}],"collection":[{"href":"http:\/\/hoycordobaweb.com\/index.php\/wp-json\/wp\/v2\/posts"}],"about":[{"href":"http:\/\/hoycordobaweb.com\/index.php\/wp-json\/wp\/v2\/types\/post"}],"author":[{"embeddable":true,"href":"http:\/\/hoycordobaweb.com\/index.php\/wp-json\/wp\/v2\/users\/1"}],"replies":[{"embeddable":true,"href":"http:\/\/hoycordobaweb.com\/index.php\/wp-json\/wp\/v2\/comments?post=50375"}],"version-history":[{"count":0,"href":"http:\/\/hoycordobaweb.com\/index.php\/wp-json\/wp\/v2\/posts\/50375\/revisions"}],"wp:featuredmedia":[{"embeddable":true,"href":"http:\/\/hoycordobaweb.com\/index.php\/wp-json\/wp\/v2\/media\/50376"}],"wp:attachment":[{"href":"http:\/\/hoycordobaweb.com\/index.php\/wp-json\/wp\/v2\/media?parent=50375"}],"wp:term":[{"taxonomy":"category","embeddable":true,"href":"http:\/\/hoycordobaweb.com\/index.php\/wp-json\/wp\/v2\/categories?post=50375"},{"taxonomy":"post_tag","embeddable":true,"href":"http:\/\/hoycordobaweb.com\/index.php\/wp-json\/wp\/v2\/tags?post=50375"}],"curies":[{"name":"wp","href":"https:\/\/api.w.org\/{rel}","templated":true}]}}