{"id":50327,"date":"2022-10-21T10:41:54","date_gmt":"2022-10-21T10:41:54","guid":{"rendered":"https:\/\/www.mujerhoy.com\/vivir\/decoracion\/terraza-invierno-decoracion-muebles-madera-aprovechar-espacio-gastar-poco-dinero-20221021123910-nt.html"},"modified":"2022-10-21T10:41:54","modified_gmt":"2022-10-21T10:41:54","slug":"terrazas-de-invierno-como-sacarle-el-maximo-partido-a-este-espacio-sin-gastarte-mucho-dinero","status":"publish","type":"post","link":"http:\/\/hoycordobaweb.com\/index.php\/2022\/10\/21\/terrazas-de-invierno-como-sacarle-el-maximo-partido-a-este-espacio-sin-gastarte-mucho-dinero\/","title":{"rendered":"Terrazas de invierno: c\u00f3mo sacarle el m\u00e1ximo partido a este espacio sin gastarte mucho dinero"},"content":{"rendered":"<p><!-- AUTHOR --><!-- COMPONENTS --><\/p>\n<p class=\"voc-paragraph\">Una de las estancias que m\u00e1s revalorizan tu casa es, sin duda, la <a data-voc-vtm-id=\"in-text-traffic\" href=\"https:\/\/www.mujerhoy.com\/vivir\/ocio\/terrazas-invierno-restaurantes-espanaestan-moda-bonitas-20220226102223-nt.html\">terraza<\/a>. Relegada al descanso y disfrute, este \u00e1rea es escenario de momentos inolvidables, por eso es una pena que su aprovechamiento se relegue solo al verano. Te proponemos las mejores opciones para que este invierno puedas <strong>sacar el m\u00e1ximo partido <\/strong>a tu terraza y seguir creando recuerdos en ella sin que las bajas temperaturas te lo impidan.\n<\/p>\n<p class=\"voc-paragraph\">En primer lugar, aseg\u00farate de <strong>orientar los muebles<\/strong> de forma que puedas aprovechar las mayores horas de sol posible. Lo mejor de las terrazas en invierno es gozar de los rayos que tanto reconfortan en los d\u00edas fr\u00edos. Por eso, antes de empezar a decorar, aseg\u00farate de pensar una distribuci\u00f3n que te ayude a disfrutar al m\u00e1ximo de este espacio.\n<\/p>\n<p><h3 class=\"voc-detail__title\"> Las claves para decorar tu terraza en invierno<br \/>\n<\/h3>\n<\/p>\n<p class=\"voc-paragraph\">Otro factor a tener en cuenta es el <strong>material de los muebles<\/strong>. Al estar expuesto al sol, el viento o la lluvia pueden sufrir consecuencias que lleguen incluso a estropearlos. Por eso, ten presente a la hora de amueblar tu terraza la resistencia del material que escojas ante los distintos fen\u00f3menos meteorol\u00f3gicos.\n<\/p>\n<p class=\"voc-paragraph\">Sin embargo, como sabemos que buena parte del encanto de las terrazas radica en su decoraci\u00f3n, el material que une est\u00e9tica y resistencia es la <strong>madera<\/strong>. En invierno aportar\u00e1 ese toque r\u00fastico que refuerza el encanto propio de los escenarios invernales m\u00e1s acogedores, y dar\u00e1 ese aura de calidez y naturaleza al espacio. Adem\u00e1s, si dejamos que se haga hacer por el paso del tiempo, conseguir\u00e1s ese aire de madera envejecida que llenar\u00e1 de encanto tu terraza.\n<\/p>\n<p class=\"voc-paragraph\">Con los muebles ya escogidos y orientados, el siguiente paso fundamental es <strong>vestir la terraza para la ocasi\u00f3n<\/strong>. Hazte con prendas de tejidos fuertes y abrigados como puede ser una manta de lana o fundas de pelo para los sof\u00e1s. Los cojines de algod\u00f3n, tan agradables al tacto, son tambi\u00e9n una excelente opci\u00f3n de decoraci\u00f3n que ayudan tambi\u00e9n a conservar el calor.\n<\/p>\n<div class=\"voc-detail-photo-zoom\"><picture data-toggle=\"modal\" data-target=\"#photoZoomModal-472\" target=\"modal\">\n<div class=\"voc-img-icon-link\"><img loading=\"lazy\" data-original=\"\/\/static3.mujerhoy.com\/www\/multimedia\/202210\/17\/media\/cortadas\/terraza-invierno-pexels-kRpF--460x637@MujerHoy.jpg\" class=\"lazy\" alt=\"Los muebles de madera son los m\u00e1s favorecedores para las terrazas de inviernos\/PEXELS\"><noscript><img src=\"http:\/\/hoycordobaweb.com\/wp-content\/uploads\/2022\/10\/terrazas-de-invierno-como-sacarle-el-maximo-partido-a-este-espacio-sin-gastarte-mucho-dinero.jpg\" alt=\"Los muebles de madera son los m\u00e1s favorecedores para las terrazas de inviernos\/PEXELS\"><\/noscript><i class=\"voc-icons zoom voc-multimedia-box voc-ico-l\"><\/i><\/div><figcaption class=\"figure-caption\">Los muebles de madera son los m\u00e1s favorecedores para las terrazas de inviernos\/PEXELS<\/figcaption><\/picture><\/div>\n<div id=\"photoZoomModal-472\" class=\"voc-lightbox modal fade voc-lightbox--photo-zoom\" role=\"dialog\" data-voc-photozoom-lightbox>\n<div class=\"voc-lightbox__dialog\" role=\"document\">\n<div class=\"voc-lightbox__content\"><!-- Modal header --><!-- Modal content --><\/p>\n<div class=\"voc-lightbox__photo-container\"><picture class><img loading=\"lazy\" data-original=\"\/\/static3.mujerhoy.com\/www\/multimedia\/202210\/17\/media\/cortadas\/terraza-invierno-pexels-kRpF--460x637@MujerHoy.jpg\" alt=\"Los muebles de madera son los m\u00e1s favorecedores para las terrazas de inviernos\/PEXELS\" class=\"lazy\"><noscript><img src=\"http:\/\/hoycordobaweb.com\/wp-content\/uploads\/2022\/10\/terrazas-de-invierno-como-sacarle-el-maximo-partido-a-este-espacio-sin-gastarte-mucho-dinero.jpg\" alt=\"Los muebles de madera son los m\u00e1s favorecedores para las terrazas de inviernos\/PEXELS\"><\/noscript><\/picture><\/div>\n<\/div>\n<\/div>\n<\/div>\n<p class=\"voc-paragraph\">Lo \u00fanico que estas prendas van a requerir es un <strong>m\u00ednimo de atenci\u00f3n<\/strong>. Si reciben el agua de la lluvia pueden estropearse y dejar de cumplir su funci\u00f3n, por lo que tendr\u00e1s que estar pendiente si el cielo se pone gris y amenaza con mojar tu terraza para recogerlas y guardarlas hasta que est\u00e9n fuera de peligro.\n<\/p>\n<p><h3 class=\"voc-detail__title\"> Mant\u00e9n el calor en tu terraza<br \/>\n<\/h3>\n<\/p>\n<p class=\"voc-paragraph\">Aunque esta est\u00e9tica natural como si nuestra terraza estuviese ubicada en mitad de la m\u00e1s bella monta\u00f1a nevada da mucho puntos, lo cierto es que una terraza se disfruta mucho m\u00e1s en invierno si tenemos una <strong>estufa <\/strong>cerca. Por precauci\u00f3n, es mejor que estas fuentes de calor se ubiquen en espacios abiertos y protegidos para evitar accidentes.\n<\/p>\n<p class=\"voc-paragraph\">Las <a data-voc-vtm-id=\"in-text-traffic\" href=\"https:\/\/www.mujerhoy.com\/vivir\/decoracion\/202005\/08\/velas-aromaticas-para-relajarte-zara-home-rituals-20200508124656.html\">velas <\/a>o las <strong>barbacoas <\/strong>tambi\u00e9n pueden considerarse fuentes de calor que contribuyen a reforzar esa sensaci\u00f3n de recogimiento. Las primeras, garantizan el toque decorativo que pondr\u00e1n en tu terraza la guinda del pastel. Las segundas, ser\u00e1n la excusa perfecta para organizar veladas con amigos y disfrutar al m\u00e1ximo de tu terraza.\n<\/p>\n<p class=\"voc-paragraph\">Para beneficiarte de la vitamina del sol de invierno puedes aprovechar las <strong>horas de la comida <\/strong>para salir a la terraza, sola o en compa\u00f1\u00eda, y comer all\u00ed. Para ello, hazte con una mesa y unas sillas que combinen con la est\u00e9tica del espacio y que cumplan su objetivo: poder reunirse alrededor de ellas.\n<\/p>\n<div class=\"voc-detail-photo-zoom\"><picture data-toggle=\"modal\" data-target=\"#photoZoomModal-206\" target=\"modal\">\n<div class=\"voc-img-icon-link\"><img loading=\"lazy\" data-original=\"\/\/static1.mujerhoy.com\/www\/multimedia\/202210\/17\/media\/cortadas\/terraza-invierno2-pexels-kRpF--460x637@MujerHoy.jpg\" class=\"lazy\" alt=\"Benef\u00edciate de los rayos de sol de invierno en tu terraza\/PEXELS\"><noscript><img src=\"http:\/\/hoycordobaweb.com\/wp-content\/uploads\/2022\/10\/terrazas-de-invierno-como-sacarle-el-maximo-partido-a-este-espacio-sin-gastarte-mucho-dinero-1.jpg\" alt=\"Benef\u00edciate de los rayos de sol de invierno en tu terraza\/PEXELS\"><\/noscript><i class=\"voc-icons zoom voc-multimedia-box voc-ico-l\"><\/i><\/div><figcaption class=\"figure-caption\">Benef\u00edciate de los rayos de sol de invierno en tu terraza\/PEXELS<\/figcaption><\/picture><\/div>\n<div id=\"photoZoomModal-206\" class=\"voc-lightbox modal fade voc-lightbox--photo-zoom\" role=\"dialog\" data-voc-photozoom-lightbox>\n<div class=\"voc-lightbox__dialog\" role=\"document\">\n<div class=\"voc-lightbox__content\"><!-- Modal header --><!-- Modal content --><\/p>\n<div class=\"voc-lightbox__photo-container\"><picture class><img loading=\"lazy\" data-original=\"\/\/static1.mujerhoy.com\/www\/multimedia\/202210\/17\/media\/cortadas\/terraza-invierno2-pexels-kRpF--460x637@MujerHoy.jpg\" alt=\"Benef\u00edciate de los rayos de sol de invierno en tu terraza\/PEXELS\" class=\"lazy\"><noscript><img src=\"http:\/\/hoycordobaweb.com\/wp-content\/uploads\/2022\/10\/terrazas-de-invierno-como-sacarle-el-maximo-partido-a-este-espacio-sin-gastarte-mucho-dinero-1.jpg\" alt=\"Benef\u00edciate de los rayos de sol de invierno en tu terraza\/PEXELS\"><\/noscript><\/picture><\/div>\n<\/div>\n<\/div>\n<\/div>\n<p class=\"voc-paragraph\">Si trasladas tu comedor a la terraza podr\u00e1s disfrutar a\u00fan m\u00e1s de ella y crear el escenario perfecto para las comidas y celebraciones de estas fechas. Crea un ambiente propio de tu comedia rom\u00e1ntica navide\u00f1a favorita disfrutando en esta zona de los <strong>platos t\u00edpicos<\/strong> de esta fecha m\u00e1s sabrosos.\n<\/p>\n<p class=\"voc-paragraph\">Culmina el espacio con tus <strong>elementos ornamentales <\/strong>favoritos. Plantas, velas o peque\u00f1os accesorios pondr\u00e1s ese toque personal a tu terraza y terminar\u00e1n de hacer de este lugar la estancia perfecta para crear los mejores recuerdos del invierno.\n<\/p>\n<p><!-- TOPICS --><\/p>\n","protected":false},"excerpt":{"rendered":"<p>Una de las estancias que m\u00e1s revalorizan tu casa es, sin duda, la terraza. Relegada al descanso y disfrute, este \u00e1rea es escenario de momentos inolvidables, por eso es una pena que su aprovechamiento se relegue solo al verano. Te proponemos las mejores opciones para que este invierno puedas sacar el m\u00e1ximo partido a tu [&hellip;]<\/p>\n","protected":false},"author":1,"featured_media":50328,"comment_status":"closed","ping_status":"closed","sticky":false,"template":"","format":"standard","meta":[],"categories":[1],"tags":[],"_links":{"self":[{"href":"http:\/\/hoycordobaweb.com\/index.php\/wp-json\/wp\/v2\/posts\/50327"}],"collection":[{"href":"http:\/\/hoycordobaweb.com\/index.php\/wp-json\/wp\/v2\/posts"}],"about":[{"href":"http:\/\/hoycordobaweb.com\/index.php\/wp-json\/wp\/v2\/types\/post"}],"author":[{"embeddable":true,"href":"http:\/\/hoycordobaweb.com\/index.php\/wp-json\/wp\/v2\/users\/1"}],"replies":[{"embeddable":true,"href":"http:\/\/hoycordobaweb.com\/index.php\/wp-json\/wp\/v2\/comments?post=50327"}],"version-history":[{"count":0,"href":"http:\/\/hoycordobaweb.com\/index.php\/wp-json\/wp\/v2\/posts\/50327\/revisions"}],"wp:featuredmedia":[{"embeddable":true,"href":"http:\/\/hoycordobaweb.com\/index.php\/wp-json\/wp\/v2\/media\/50328"}],"wp:attachment":[{"href":"http:\/\/hoycordobaweb.com\/index.php\/wp-json\/wp\/v2\/media?parent=50327"}],"wp:term":[{"taxonomy":"category","embeddable":true,"href":"http:\/\/hoycordobaweb.com\/index.php\/wp-json\/wp\/v2\/categories?post=50327"},{"taxonomy":"post_tag","embeddable":true,"href":"http:\/\/hoycordobaweb.com\/index.php\/wp-json\/wp\/v2\/tags?post=50327"}],"curies":[{"name":"wp","href":"https:\/\/api.w.org\/{rel}","templated":true}]}}