{"id":50307,"date":"2022-10-22T01:50:35","date_gmt":"2022-10-22T01:50:35","guid":{"rendered":"https:\/\/www.ole.com.ar\/futbol-internacional\/llaneza-villarreal-argentinos_0_wCSiQtAQjI.html"},"modified":"2022-10-22T01:50:35","modified_gmt":"2022-10-22T01:50:35","slug":"murio-llaneza-el-dirigente-que-llevo-varios-argentinos-al-villarreal","status":"publish","type":"post","link":"http:\/\/hoycordobaweb.com\/index.php\/2022\/10\/22\/murio-llaneza-el-dirigente-que-llevo-varios-argentinos-al-villarreal\/","title":{"rendered":"Muri\u00f3 Llaneza, el dirigente que llev\u00f3 varios argentinos al Villarreal"},"content":{"rendered":"<p><img src=\"http:\/\/hoycordobaweb.com\/wp-content\/uploads\/2022\/10\/murio-llaneza-el-dirigente-que-llevo-varios-argentinos-al-villarreal.jpg\"><\/p>\n<p><strong>Jos\u00e9 Manuel Llaneza, el dirigente que fue condujo al Villarreal durante gran parte de este siglo, falleci\u00f3 en Espa\u00f1a a los 74 a\u00f1os<\/strong>, a causa de una leucemia. Fue consejero delegado y hombre de plena confianza del presidente Fernando Roig.<\/p>\n<p>Fue la persona determinante de la contrataci\u00f3n de varios argentinos en el equipo: <strong>Mart\u00edn Palermo<\/strong>, el primer gran fichaje,&nbsp;Juan Rom\u00e1n Riquelme, Rodolfo Arruabarrena, Juan Pablo Sorin, Fabricio Fuentes, Gonzalo Rodr\u00edguez, Diego Cagna, Walter Gait\u00e1n, Fernando Cavenaghi, Fabricio Coloccini, Juan Antoni Pizzi, Mateo Musacchio, Ariel Ibagaza, Luciano Vietto, Santiago C\u00e1seres y Ramiro Funes Mori. Tambi\u00e9n, apost\u00f3 por el chileno Manuel Pellegrini de entrenador, DT con el que el equipo lleg\u00f3 hasta la semi de la Champions League en la temporada 05\/06.<\/p>\n<div class=\"sp__Normal\">\n<div class=\"image-embeb image-trigger\" readability=\"6.5\">\n<picture><source media=\"(min-width: 720px)\" srcset=\"http:\/\/hoycordobaweb.com\/wp-content\/uploads\/2022\/10\/murio-llaneza-el-dirigente-que-llevo-varios-argentinos-al-villarreal-2.jpg\"><img itemprop=\"image\" src=\"http:\/\/hoycordobaweb.com\/wp-content\/uploads\/2022\/10\/murio-llaneza-el-dirigente-que-llevo-varios-argentinos-al-villarreal-2.jpg\" loading=\"lazy\" alt=\"Llaneza con Mart\u00edn Palermo, a quien llev\u00f3 en 2001.\">\n<\/picture><figcaption readability=\"3\">\n<p>Llaneza con Mart\u00edn Palermo, a quien llev\u00f3 en 2001.\n<\/p>\n<\/figcaption><\/div>\n<\/div>\n<div class=\"sp__SM\">\n<div class=\"content-new \">\n<span class=\"tit-mobile\">Mir\u00e1 tambi\u00e9n<\/span><\/p>\n<div class=\"mg\">\n<div class=\"wrap-figure\">\n<picture>\n<a href=\"https:\/\/www.ole.com.ar\/futbol-internacional\/libertadores\/arturo-vidal-lesion-vs-corinthians-final-copa-libertadores-athletico-paranaense_0_LSEWG5xmzQ.html\" target=\"_self\" rel=\"noopener noreferrer\"><br \/>\n<img class=\"img-responsive\" alt=\"Peligra la presencia de Vidal en la final de la Libertadores\" src=\"http:\/\/hoycordobaweb.com\/wp-content\/uploads\/2022\/10\/murio-llaneza-el-dirigente-que-llevo-varios-argentinos-al-villarreal-3.jpg\" loading=\"lazy\"><br \/>\n<\/a>\n<\/picture>\n<\/div>\n<\/div><\/div>\n<\/div>\n<div class=\"sp__SM\">\n<div class=\"content-new \">\n<span class=\"tit-mobile\">Mir\u00e1 tambi\u00e9n<\/span><\/p>\n<div class=\"mg\">\n<div class=\"wrap-figure\">\n<picture>\n<a href=\"https:\/\/www.ole.com.ar\/futbol-internacional\/inglaterra\/pochettino-aston-villa-rechazo_0_brCUe1tMQJ.html\" target=\"_self\" rel=\"noopener noreferrer\"><br \/>\n<img class=\"img-responsive\" alt=\"Pochettino le habr\u00eda dicho no al Aston Villa\" src=\"http:\/\/hoycordobaweb.com\/wp-content\/uploads\/2022\/10\/murio-llaneza-el-dirigente-que-llevo-varios-argentinos-al-villarreal-4.jpg\" loading=\"lazy\"><br \/>\n<\/a>\n<\/picture>\n<\/div>\n<\/div><\/div>\n<\/div>\n<p>Todo el plantel del Villarreal estuvo en la despedida en una iglesia de Castell\u00f3n y hubo mensajes de condolencias de parte de todos los clubes de Primera Divisi\u00f3n. \u00abFue el gran art\u00edfice del Submarino de la \u00e9poca moderna\u00bb, lo defini\u00f3 el periodista Jos\u00e9 Luis Lizarraga en El Peri\u00f3dico Mediterr\u00e1neo.<\/p>\n<div class=\"entry-tags\">\n<h2>TEMAS QUE APARECEN EN ESTA NOTA<\/h2>\n<\/p><\/div>\n","protected":false},"excerpt":{"rendered":"<p>Jos\u00e9 Manuel Llaneza, el dirigente que fue condujo al Villarreal durante gran parte de este siglo, falleci\u00f3 en Espa\u00f1a a los 74 a\u00f1os, a causa de una leucemia. Fue consejero delegado y hombre de plena confianza del presidente Fernando Roig. Fue la persona determinante de la contrataci\u00f3n de varios argentinos en el equipo: Mart\u00edn Palermo, [&hellip;]<\/p>\n","protected":false},"author":1,"featured_media":50308,"comment_status":"open","ping_status":"closed","sticky":false,"template":"","format":"standard","meta":[],"categories":[16],"tags":[],"_links":{"self":[{"href":"http:\/\/hoycordobaweb.com\/index.php\/wp-json\/wp\/v2\/posts\/50307"}],"collection":[{"href":"http:\/\/hoycordobaweb.com\/index.php\/wp-json\/wp\/v2\/posts"}],"about":[{"href":"http:\/\/hoycordobaweb.com\/index.php\/wp-json\/wp\/v2\/types\/post"}],"author":[{"embeddable":true,"href":"http:\/\/hoycordobaweb.com\/index.php\/wp-json\/wp\/v2\/users\/1"}],"replies":[{"embeddable":true,"href":"http:\/\/hoycordobaweb.com\/index.php\/wp-json\/wp\/v2\/comments?post=50307"}],"version-history":[{"count":0,"href":"http:\/\/hoycordobaweb.com\/index.php\/wp-json\/wp\/v2\/posts\/50307\/revisions"}],"wp:featuredmedia":[{"embeddable":true,"href":"http:\/\/hoycordobaweb.com\/index.php\/wp-json\/wp\/v2\/media\/50308"}],"wp:attachment":[{"href":"http:\/\/hoycordobaweb.com\/index.php\/wp-json\/wp\/v2\/media?parent=50307"}],"wp:term":[{"taxonomy":"category","embeddable":true,"href":"http:\/\/hoycordobaweb.com\/index.php\/wp-json\/wp\/v2\/categories?post=50307"},{"taxonomy":"post_tag","embeddable":true,"href":"http:\/\/hoycordobaweb.com\/index.php\/wp-json\/wp\/v2\/tags?post=50307"}],"curies":[{"name":"wp","href":"https:\/\/api.w.org\/{rel}","templated":true}]}}