{"id":50305,"date":"2022-10-22T01:51:10","date_gmt":"2022-10-22T01:51:10","guid":{"rendered":"https:\/\/www.ole.com.ar\/futbol-ascenso\/ascenso-primera-c-laferrere-_0_gb1UMi1Qmt.html"},"modified":"2022-10-22T01:51:10","modified_gmt":"2022-10-22T01:51:10","slug":"lafe-dio-el-gran-golpe-en-el-bajo","status":"publish","type":"post","link":"http:\/\/hoycordobaweb.com\/index.php\/2022\/10\/22\/lafe-dio-el-gran-golpe-en-el-bajo\/","title":{"rendered":"\u00a1Lafe dio el gran golpe en el Bajo!"},"content":{"rendered":"<p><img src=\"http:\/\/hoycordobaweb.com\/wp-content\/uploads\/2022\/10\/lafe-dio-el-gran-golpe-en-el-bajo.jpg\"><\/p>\n<p><mark><strong><a data-cke-saved-href=\"https:\/\/www.ole.com.ar\/tema\/laferrerre.html\" target=\"_blank\" href=\"https:\/\/www.ole.com.ar\/tema\/laferrerre.html\" rel=\"noopener noreferrer\">Laferrere <\/a>derrot\u00f3 a domicilio 2-1 a <a data-cke-saved-href=\"https:\/\/www.ole.com.ar\/tema\/excursionistas.html\" target=\"_blank\" href=\"https:\/\/www.ole.com.ar\/tema\/excursionistas.html\" rel=\"noopener noreferrer\">Excursionistas<\/a>, dio el gran golpe y se meti\u00f3 en los cuartos del Reducido por el ascenso.<\/strong><\/mark> Ariel Siliman y Javier Rossi anotaron para la visita, Franco Ben\u00edtez, de penal, hab\u00eda marcado la igualdad transitoria para el due\u00f1o de casa.<\/p>\n<div class=\"sp__SM\">\n<div class=\"content-new \">\n<span class=\"tit-mobile\">Mir\u00e1 tambi\u00e9n<\/span><\/p>\n<div class=\"mg\">\n<div class=\"wrap-figure\">\n<picture>\n<a href=\"https:\/\/www.ole.com.ar\/futbol-ascenso\/ascenso-independiente-gimnasia-_0_QJ076v78FN.html\" target=\"_self\" rel=\"noopener noreferrer\"><br \/>\n<img class=\"img-responsive\" alt=\"Alerta en Mendoza: ata\u00fades y amenazas por el cl\u00e1sico\" src=\"http:\/\/hoycordobaweb.com\/wp-content\/uploads\/2022\/10\/lafe-dio-el-gran-golpe-en-el-bajo-2.jpg\" loading=\"lazy\"><br \/>\n<\/a>\n<\/picture>\n<\/div>\n<\/div><\/div>\n<\/div>\n<p>El primer tiempo lo tuvo a Excursio como claro dominador, ejerciendo el control de la pelota y generando las situaciones m\u00e1s claras. <strong>Cuando el local era mucho m\u00e1s, Lafe encontr\u00f3 agua en el desierto tras un gol de cabeza de Siliman, que puso el 1-0 parcial.<\/strong><\/p>\n<div class=\"sp__SM\">\n<div class=\"content-new \">\n<span class=\"tit-mobile\">Mir\u00e1 tambi\u00e9n<\/span><\/p>\n<div class=\"mg\">\n<div class=\"wrap-figure\">\n<picture>\n<a href=\"https:\/\/www.ole.com.ar\/futbol-ascenso\/ascenso-b-nacional-_0_9VyLkuGLdO.html\" target=\"_self\" rel=\"noopener noreferrer\"><br \/>\n<img class=\"img-responsive\" alt=\"\u00a1Se vienen las semis del Torneo Complemento!\" src=\"http:\/\/hoycordobaweb.com\/wp-content\/uploads\/2022\/10\/lafe-dio-el-gran-golpe-en-el-bajo-3.jpg\" loading=\"lazy\"><br \/>\n<\/a>\n<\/picture>\n<\/div>\n<\/div><\/div>\n<\/div>\n<p>A partir de ah\u00ed, Excursio entr\u00f3 en desesperaci\u00f3n, perdi\u00f3 claridad y no encontr\u00f3 los caminos para llegar al empate. <strong>El final del primer tiempo le cay\u00f3 como anillo al dedo al Villero, que aprovech\u00f3 el descanso para renovar ideas.<\/strong><\/p>\n<div class=\"sp__SM\">\n<div class=\"content-new \">\n<span class=\"tit-mobile\">Mir\u00e1 tambi\u00e9n<\/span><\/p>\n<div class=\"mg\">\n<div class=\"wrap-figure\">\n<picture>\n<a href=\"https:\/\/www.ole.com.ar\/futbol-ascenso\/ascenso-primera-b-uai-urquiza-_0_UoFzbc1xWD.html\" target=\"_self\" rel=\"noopener noreferrer\"><br \/>\n<img class=\"img-responsive\" alt=\"La UAI Urquiza comienza a reestructurar su plantel\" src=\"http:\/\/hoycordobaweb.com\/wp-content\/uploads\/2022\/10\/lafe-dio-el-gran-golpe-en-el-bajo-4.jpg\" loading=\"lazy\"><br \/>\n<\/a>\n<\/picture>\n<\/div>\n<\/div><\/div>\n<\/div>\n<p><mark><strong>El segundo tiempo perdi\u00f3 ritmo e intensidad. Laferrere se sinti\u00f3 muy c\u00f3modo jugando con el resultado a su favor,<\/strong><\/mark> observando como Excursionistas, carente de precisi\u00f3n, no hallaba la manera de acercarse al arco defendido por Carlos Morel.<\/p>\n<p>Y cuando nada pasaba, <mark><strong>la gran pol\u00e9mica: el \u00e1rbitro Jonathan de Oto sancion\u00f3 un penal que no fue y le facilit\u00f3 el tr\u00e1mite a un Excursio sin ideas.<\/strong><\/mark> Ben\u00edtez tom\u00f3 la pelota, la mand\u00f3 a guardar y estableci\u00f3 una igualdad, a esa altura, inmerecida.<\/p>\n<div class=\"sp__SM\">\n<div class=\"content-new \">\n<span class=\"tit-mobile\">Mir\u00e1 tambi\u00e9n<\/span><\/p>\n<div class=\"mg\">\n<div class=\"wrap-figure\">\n<picture>\n<a href=\"https:\/\/www.ole.com.ar\/futbol-ascenso\/ascenso-primera-b-reducido-_0_G2JKzWEpJS.html\" target=\"_self\" rel=\"noopener noreferrer\"><br \/>\n<img class=\"img-responsive\" alt=\"Armenio quiere extender su buen momento y llegar a la final\" src=\"http:\/\/hoycordobaweb.com\/wp-content\/uploads\/2022\/10\/lafe-dio-el-gran-golpe-en-el-bajo-5.jpg\" loading=\"lazy\"><br \/>\n<\/a>\n<\/picture>\n<\/div>\n<\/div><\/div>\n<\/div>\n<h2><strong>Protestas tras la pol\u00e9mica<\/strong><\/h2>\n<p><mark><strong>Hubo disturbios y revuelos generados por todo el plantel de la visita, que de nada sirvieron porque el empate parcial ya se hab\u00eda consumado.<\/strong><\/mark><\/p>\n<p><strong>Pero claro, luego del gol, Excursio se planch\u00f3 y no aprovech\u00f3 el envi\u00f3n an\u00edmico. El que s\u00ed capitaliz\u00f3 fue Rossi, que durmi\u00f3 a toda la defensa local y defini\u00f3 dentro del \u00e1rea para desatar una aut\u00e9ntica locura y poner el 2-1<\/strong> final para Laferrere.<\/p>\n<div class=\"sp__SM\">\n<div class=\"content-new \">\n<span class=\"tit-mobile\">Mir\u00e1 tambi\u00e9n<\/span><\/p>\n<div class=\"mg\">\n<div class=\"wrap-figure\">\n<picture>\n<a href=\"https:\/\/www.ole.com.ar\/-\/ascenso-b-nacional-_0_zADyOHmBPM.html\" target=\"_self\" rel=\"noopener noreferrer\"><br \/>\n<img class=\"img-responsive\" alt=\"Instituto pierde un futbolista clave para la semifinales\" src=\"http:\/\/hoycordobaweb.com\/wp-content\/uploads\/2022\/10\/lafe-dio-el-gran-golpe-en-el-bajo-6.jpg\" loading=\"lazy\"><br \/>\n<\/a>\n<\/picture> <\/div>\n<\/div><\/div>\n<\/div>\n<p><mark><strong>El conjunto de Carlos Moreno dio una enorme muestra de personalidad, sac\u00f3 a uno de los principales candidatos al ascenso<\/strong><\/mark> y, ahora, que nadie se atreva a quitarle la ilusi\u00f3n. \u00a1Festeja todo el pueblo de Lafe!<\/p>\n<div class=\"entry-tags\">\n<h2>TEMAS QUE APARECEN EN ESTA NOTA<\/h2>\n<\/p><\/div>\n","protected":false},"excerpt":{"rendered":"<p>Laferrere derrot\u00f3 a domicilio 2-1 a Excursionistas, dio el gran golpe y se meti\u00f3 en los cuartos del Reducido por el ascenso. Ariel Siliman y Javier Rossi anotaron para la visita, Franco Ben\u00edtez, de penal, hab\u00eda marcado la igualdad transitoria para el due\u00f1o de casa. Mir\u00e1 tambi\u00e9n El primer tiempo lo tuvo a Excursio como [&hellip;]<\/p>\n","protected":false},"author":1,"featured_media":50306,"comment_status":"open","ping_status":"closed","sticky":false,"template":"","format":"standard","meta":[],"categories":[16],"tags":[],"_links":{"self":[{"href":"http:\/\/hoycordobaweb.com\/index.php\/wp-json\/wp\/v2\/posts\/50305"}],"collection":[{"href":"http:\/\/hoycordobaweb.com\/index.php\/wp-json\/wp\/v2\/posts"}],"about":[{"href":"http:\/\/hoycordobaweb.com\/index.php\/wp-json\/wp\/v2\/types\/post"}],"author":[{"embeddable":true,"href":"http:\/\/hoycordobaweb.com\/index.php\/wp-json\/wp\/v2\/users\/1"}],"replies":[{"embeddable":true,"href":"http:\/\/hoycordobaweb.com\/index.php\/wp-json\/wp\/v2\/comments?post=50305"}],"version-history":[{"count":0,"href":"http:\/\/hoycordobaweb.com\/index.php\/wp-json\/wp\/v2\/posts\/50305\/revisions"}],"wp:featuredmedia":[{"embeddable":true,"href":"http:\/\/hoycordobaweb.com\/index.php\/wp-json\/wp\/v2\/media\/50306"}],"wp:attachment":[{"href":"http:\/\/hoycordobaweb.com\/index.php\/wp-json\/wp\/v2\/media?parent=50305"}],"wp:term":[{"taxonomy":"category","embeddable":true,"href":"http:\/\/hoycordobaweb.com\/index.php\/wp-json\/wp\/v2\/categories?post=50305"},{"taxonomy":"post_tag","embeddable":true,"href":"http:\/\/hoycordobaweb.com\/index.php\/wp-json\/wp\/v2\/tags?post=50305"}],"curies":[{"name":"wp","href":"https:\/\/api.w.org\/{rel}","templated":true}]}}