{"id":50303,"date":"2022-10-21T20:11:34","date_gmt":"2022-10-21T20:11:34","guid":{"rendered":"https:\/\/ladecimaweb.com\/?p=14812"},"modified":"2022-10-21T20:11:34","modified_gmt":"2022-10-21T20:11:34","slug":"schiaretti-mientras-al-peronismo-lo-tenga-preso-el-kirchnerismo-es-dificil-que-pueda-plantear-cosas-racionales","status":"publish","type":"post","link":"http:\/\/hoycordobaweb.com\/index.php\/2022\/10\/21\/schiaretti-mientras-al-peronismo-lo-tenga-preso-el-kirchnerismo-es-dificil-que-pueda-plantear-cosas-racionales\/","title":{"rendered":"Schiaretti: \u201cMientras al peronismo lo tenga preso el kirchnerismo es dif\u00edcil que pueda plantear cosas racionales\u201d"},"content":{"rendered":"<div class=\"boldgrid-section\">\n<div class=\"container\">\n<div class=\"row\">\n<div class=\"col-md-12 col-xs-12 col-sm-12\">\n<p><em>(NA)<\/em> El gobernador de C\u00f3rdoba,<span>&nbsp;<\/span><a href=\"https:\/\/noticiasargentinas.com\/index.php?option=com_k2&amp;view=item&amp;id=154372:para-luis-juez-el-kirchnerismo-y-schiaretti-podrian-ir-juntos-en-las-elecciones-del-2023&amp;Itemid=252\" target=\"_blank\" rel=\"noopener noreferrer\"><strong>Juan Schiaretti<\/strong><\/a>, afirm\u00f3 hoy que &#8220;mientras al peronismo lo tenga preso el kirchnerismo<span>&nbsp;<\/span><strong>es dif\u00edcil que pueda plantear cosas racionales&#8221;.<\/strong><\/p>\n<p>&#8220;Mientras<span>&nbsp;<\/span><strong>al peronismo lo tenga preso el kirchnerismo<\/strong>, como pasa hace 20 a\u00f1os, es dif\u00edcil que pueda<span>&nbsp;<\/span><strong>plantear cosas racionales por fuera de la grieta<\/strong>&#8220;, apunt\u00f3 Schiaretti durante una actividad en la Facultad de Ciencias Econ\u00f3micas de la Universidad de Buenos Aires.<\/p>\n<p>En ese marco, el mandatario provincial calific\u00f3 al kirchnerismo como un<span>&nbsp;<\/span><strong>espacio &#8220;feudal&#8221;,<\/strong><span>&nbsp;<\/span>dado que<span>&nbsp;<\/span><strong>&#8220;gobiernan para ganar una elecci\u00f3n y tener el control absoluto de la plata, de la legislatura y de la Justicia&#8221;<\/strong>.<\/p>\n<p class=\"\">Para Schiaretti,<strong><span>&nbsp;<\/span>el peronismo &#8220;no es autoritarismo, no es feudalismo, no es apriete&#8221;,<\/strong><span>&nbsp;<\/span>sino que &#8220;es producci\u00f3n y trabajo, es apertura hacia toda la sociedad&#8221;.<\/p>\n<p class=\"\">&#8220;Nosotros nunca tuvimos nada que ver con el kirchnerismo ni vamos a ir a una elecci\u00f3n, ni siquiera para unas PASO con el kirchnerismo. En la medida en que todos nos animemos a decir esto va a ser todo m\u00e1s f\u00e1cil&#8221;, subray\u00f3.<\/p>\n<p>En esa l\u00ednea, el gobernador cordob\u00e9s retruc\u00f3: &#8220;<strong>No tengo problemas en decir, en nombre del peronismo de C\u00f3rdoba<\/strong>, que<span>&nbsp;<\/span><strong>no tenemos nada que ver con el kirchnerismo<\/strong>. Nosotros somos otra cosa y no vamos a ir con ellos a las elecciones&#8221;.<\/p>\n<p class=\"\">&#8220;No puedo decidir qu\u00e9 van a hacer otros compa\u00f1eros peronistas que piensan lo mismo que nosotros, ni muchos dirigentes radicales que tambi\u00e9n piensan como nosotros. No soy yo el que opinar\u00e1 qu\u00e9 dir\u00e1n, cu\u00e1ndo lo dir\u00e1n y c\u00f3mo lo dir\u00e1n&#8221;, sentenci\u00f3.<\/p>\n<p class=\"\">&nbsp;<\/p>\n<p class=\"\">\n<div class=\"ubm_banner\"><a href=\"https:\/\/www.cba.gov.ar\" target=\"_blank\" rel=\"dofollow noopener noreferrer\"><img src=\"http:\/\/hoycordobaweb.com\/wp-content\/uploads\/2022\/10\/schiaretti-mientras-al-peronismo-lo-tenga-preso-el-kirchnerismo-es-dificil-que-pueda-plantear-cosas-racionales.gif\" alt=\"\"><\/a><\/div>\n<\/div>\n<\/div>\n<\/div>\n<\/div>\n<p>La entrada <a rel=\"nofollow\" href=\"https:\/\/ladecimaweb.com\/schiaretti-mientras-al-peronismo-lo-tenga-preso-el-kirchnerismo-es-dificil-que-pueda-plantear-cosas-racionales\/\">Schiaretti: &#8220;Mientras al peronismo lo tenga preso el kirchnerismo es dif\u00edcil que pueda plantear cosas racionales&#8221;<\/a> se public\u00f3 primero en <a rel=\"nofollow\" href=\"https:\/\/ladecimaweb.com\">LaDecima<\/a>.<\/p>\n","protected":false},"excerpt":{"rendered":"<p>(NA) El gobernador de C\u00f3rdoba,&nbsp;Juan Schiaretti, afirm\u00f3 hoy que &#8220;mientras al peronismo lo tenga preso el kirchnerismo&nbsp;es dif\u00edcil que pueda plantear cosas racionales&#8221;. &#8220;Mientras&nbsp;al peronismo lo tenga preso el kirchnerismo, como pasa hace 20 a\u00f1os, es dif\u00edcil que pueda&nbsp;plantear cosas racionales por fuera de la grieta&#8220;, apunt\u00f3 Schiaretti durante una actividad en la Facultad de [&hellip;]<\/p>\n","protected":false},"author":1,"featured_media":50304,"comment_status":"closed","ping_status":"closed","sticky":false,"template":"","format":"standard","meta":[],"categories":[19],"tags":[],"_links":{"self":[{"href":"http:\/\/hoycordobaweb.com\/index.php\/wp-json\/wp\/v2\/posts\/50303"}],"collection":[{"href":"http:\/\/hoycordobaweb.com\/index.php\/wp-json\/wp\/v2\/posts"}],"about":[{"href":"http:\/\/hoycordobaweb.com\/index.php\/wp-json\/wp\/v2\/types\/post"}],"author":[{"embeddable":true,"href":"http:\/\/hoycordobaweb.com\/index.php\/wp-json\/wp\/v2\/users\/1"}],"replies":[{"embeddable":true,"href":"http:\/\/hoycordobaweb.com\/index.php\/wp-json\/wp\/v2\/comments?post=50303"}],"version-history":[{"count":0,"href":"http:\/\/hoycordobaweb.com\/index.php\/wp-json\/wp\/v2\/posts\/50303\/revisions"}],"wp:featuredmedia":[{"embeddable":true,"href":"http:\/\/hoycordobaweb.com\/index.php\/wp-json\/wp\/v2\/media\/50304"}],"wp:attachment":[{"href":"http:\/\/hoycordobaweb.com\/index.php\/wp-json\/wp\/v2\/media?parent=50303"}],"wp:term":[{"taxonomy":"category","embeddable":true,"href":"http:\/\/hoycordobaweb.com\/index.php\/wp-json\/wp\/v2\/categories?post=50303"},{"taxonomy":"post_tag","embeddable":true,"href":"http:\/\/hoycordobaweb.com\/index.php\/wp-json\/wp\/v2\/tags?post=50303"}],"curies":[{"name":"wp","href":"https:\/\/api.w.org\/{rel}","templated":true}]}}