{"id":50261,"date":"2022-10-21T01:51:18","date_gmt":"2022-10-21T01:51:18","guid":{"rendered":"https:\/\/www.ole.com.ar\/boca-juniors\/riquelme-villa-varela-langoni-boca_0_KmVysB4j0Z.html"},"modified":"2022-10-21T01:51:18","modified_gmt":"2022-10-21T01:51:18","slug":"el-uno-x-uno-de-roman-villa-el-mejor-varela-maravilloso-langoni-y-mas","status":"publish","type":"post","link":"http:\/\/hoycordobaweb.com\/index.php\/2022\/10\/21\/el-uno-x-uno-de-roman-villa-el-mejor-varela-maravilloso-langoni-y-mas\/","title":{"rendered":"El uno x uno de Rom\u00e1n: Villa \u00abel mejor\u00bb, Varela \u00abmaravilloso\u00bb, Langoni y m\u00e1s"},"content":{"rendered":"<p><img src=\"http:\/\/hoycordobaweb.com\/wp-content\/uploads\/2022\/10\/el-uno-x-uno-de-roman-villa-el-mejor-varela-maravilloso-langoni-y-mas.jpg\"><\/p>\n<p>Riquelme tom\u00f3 la palabra luego del <a href=\"https:\/\/www.ole.com.ar\/futbol-primera\/boca-gimnasia-titulo-campeonato_0_C0qvDtmxap.html\" target=\"_blank\" rel=\"noopener noreferrer\">triunfazo de Boca en La Plata,<\/a> 2-1 sobre Gimnasia, que deja al equipo del Negro Ibarra como \u00fanico l\u00edder del campeonato: depende de s\u00ed mismo para consagrarse el domingo ante Independiente. Durante su charla con ESPN, <strong><a alt=\"roman-riquelme\" class=\"slug\" href=\"https:\/\/www.ole.com.ar\/tema\/roman-riquelme.html\" target=\"_blank\" title=\"roman-riquelme\" rel=\"noopener noreferrer\">Rom\u00e1n <\/a>se refiri\u00f3 a varios nombres propios del plantel, incluido su t\u00e9cnico, y reparti\u00f3 elogios.<\/strong><\/p>\n<h2><strong>El uno x uno de Riquelme<\/strong><\/h2>\n<p><strong><a alt=\"sebastian-villa\" class=\"slug\" href=\"https:\/\/www.ole.com.ar\/tema\/sebastian-villa.html\" target=\"_blank\" title=\"sebastian-villa\" rel=\"noopener noreferrer\">Sebasti\u00e1n Villa<\/a>:<\/strong> \u00abEs el mejor jugador del f\u00fatbol argentino por lejos. Hoy nos hizo ganar de nuevo. Hubiese sido maravilloso que llegue bien al partido con Gimnasia. No tenemos m\u00e1s que palabras de agradecimiento. No la ha pasado bien y a pesar de que tuvo grandes problemas siempre defendi\u00f3 los colores de la mejor manera y nos ayud\u00f3 a competir al m\u00e1ximo. Ojal\u00e1 podamos tenerlo por muchos a\u00f1os\u00bb.<\/p>\n<div class=\"sp__SM\">\n<div class=\"content-new \">\n<span class=\"tit-mobile\">Mir\u00e1 tambi\u00e9n<\/span><\/p>\n<div class=\"mg\">\n<div class=\"wrap-figure\">\n<picture>\n<a href=\"https:\/\/www.ole.com.ar\/boca-juniors\/riquelme-boca-puntero-gimnasia_0_3QAFpyM0Lv.html\" target=\"_self\" rel=\"noopener noreferrer\"><br \/>\n<img class=\"img-responsive\" alt=\"Riquelme: por qu\u00e9 Racing era favorito y los elogios a los pibes\" src=\"http:\/\/hoycordobaweb.com\/wp-content\/uploads\/2022\/10\/el-uno-x-uno-de-roman-villa-el-mejor-varela-maravilloso-langoni-y-mas-2.jpg\" loading=\"lazy\"><br \/>\n<\/a>\n<\/picture>\n<\/div>\n<\/div><\/div>\n<\/div>\n<p><strong><a alt=\"luca-langoni\" class=\"slug\" href=\"https:\/\/www.ole.com.ar\/tema\/luca-langoni.html\" target=\"_blank\" title=\"luca-langoni\" rel=\"noopener noreferrer\">Luca Langoni<\/a>: <\/strong>\u00abPara jugar en Primera necesit\u00e1s un poco de suerte en el buen sentido, tuvo la chance despu\u00e9s de la lesi\u00f3n de Zeballos. Pas\u00f3 m\u00e1s de un a\u00f1o en Reserva, tuvo la suerte de que el entrenador lo conoce muy bien, sabe qu\u00e9 le puede dar. En el plantel se est\u00e1 dando que hay muchos chicos de Inferiores, que se conocen desde hace muchos a\u00f1os y la pasan muy bien. Los grandes hacen que se sientan c\u00f3modos, contentos, les piden que disfruten de jugar en la Primera de Boca, que las responsabilidades son de ellos. Est\u00e1 ayudando mucho al equipo con goles importante, es un jugador muy r\u00e1pido, muy veloz pero que tiene gol y tener gol es un mont\u00f3n\u00bb.<\/p>\n<p> <strong>Frank Fabra: <\/strong>\u00abNosotros tenemos la suerte de disfrutarlo cada d\u00eda, es parte de la historia de nuestro club, no es f\u00e1cil jugar tantos a\u00f1os al primer nivel en este club y \u00e9l sigue disfrutando, compitiendo, y nosotros estamos muy agradecidos de poder tenerlo cada d\u00eda. \u00c9l est\u00e1 muy contento, eso es lo m\u00e1s importante\u00bb.<\/p>\n<p><strong>Alan Varela:<\/strong> \u00abTenemos un 5 que lo que mejor hace es pasarla de maravilla, que tiene demasiada clase para ser un 5 en nuestro pa\u00eds, y despu\u00e9s tenemos jugadores que nos ayudan a competir. Lo hace de manera maravillosa.<\/p>\n<p><strong>Por Fern\u00e1ndez: <\/strong>\u00abEl segundo gol es un rechazo de Figal, Langoni la peina, Villa marca diferencias y Pol casi mete el gol de rebote, corre 70 metros, a veces se lo valora menos de lo que vale. Se cri\u00f3 en el club, es culpable de mucho de lo que pasa hoy\u00bb.<\/p>\n<div class=\"sp__SM\">\n<div class=\"content-new \">\n<span class=\"tit-mobile\">Mir\u00e1 tambi\u00e9n<\/span><\/p>\n<div class=\"mg\">\n<div class=\"wrap-figure\">\n<picture>\n<a href=\"https:\/\/www.ole.com.ar\/futbol-primera\/riquelme-agustin-rossi-renovacion-boca_0_sGLj4Lf32a.html\" target=\"_self\" rel=\"noopener noreferrer\"><br \/>\n<img class=\"img-responsive\" alt=\"Riquelme sobre Rossi: &quot;El lunes vamos a volver a hablar&quot;\" src=\"http:\/\/hoycordobaweb.com\/wp-content\/uploads\/2022\/10\/el-uno-x-uno-de-roman-villa-el-mejor-varela-maravilloso-langoni-y-mas-3.jpg\" loading=\"lazy\"><br \/>\n<\/a>\n<\/picture>\n<\/div>\n<\/div><\/div>\n<\/div>\n<p><strong>Agust\u00edn Rossi: <\/strong>\u00abLe hicimos una oferta gigante para renovar el contrato. Amamos nuestro club y queremos que se quede muchos a\u00f1os. Nos volvimos a reunir y ofrecimos m\u00e1s del doble. \u00c9l repite que se quiere quedar, que entiende que no podemos fundir al club. A partir del lunes vamos a llamar a su representante para ver qu\u00e9 posibilidades tenemos de ponernos de acuerdo\u00bb.<\/p>\n<p><strong>Luis V\u00e1zquez:<\/strong> \u00abNo pod\u00eda jugar hoy por la suspensi\u00f3n y \u00e9l pidi\u00f3 jugar en la Reserva y eso nos da mucho orgullo. Sienten pertenencia.&nbsp;Sab\u00edamos que hoy Benedetto iba a estar un poco molesto por un dolor en la espalda y al final decidieron que no juegue en Reserva&nbsp;porque lo necesitamos el domingo\u00bb.<\/p>\n<div class=\"sp__SM\">\n<div class=\"content-new \">\n<span class=\"tit-mobile\">Mir\u00e1 tambi\u00e9n<\/span><\/p>\n<div class=\"mg\">\n<div class=\"wrap-figure\">\n<picture>\n<a href=\"https:\/\/www.ole.com.ar\/futbol-primera\/riquelme-boca-gallardo-river-salida_0_Yyc1m8SEhS.html\" target=\"_self\" rel=\"noopener noreferrer\"><br \/>\n<img class=\"img-responsive\" alt=\"\u00bfQu\u00e9 dijo Riquelme de la salida de Gallardo en River?\" src=\"http:\/\/hoycordobaweb.com\/wp-content\/uploads\/2022\/10\/el-uno-x-uno-de-roman-villa-el-mejor-varela-maravilloso-langoni-y-mas-4.jpg\" loading=\"lazy\"><br \/>\n<\/a>\n<\/picture>\n<\/div>\n<\/div><\/div>\n<\/div>\n<p><strong>Hugo Ibarra<\/strong>:&nbsp;\u00abEst\u00e1 contento, est\u00e1 en su casa, conoce el club, es una persona tranquila. No es f\u00e1cil dirigir a este equipo, se habla todos los d\u00edas de lo bueno y lo malo, cuando hay algo chiquito parece grande. Cuando vas primero es lo normal, no se habla tanto. \u00c9l lo sabe, lo vivi\u00f3 como jugador y ahora como entrenador. Me hace feliz verlo dirigiendo. Es un sue\u00f1o para nosotros\u00bb.<\/p>\n<div class=\"entry-tags\">\n<h2>TEMAS QUE APARECEN EN ESTA NOTA<\/h2>\n<\/p><\/div>\n","protected":false},"excerpt":{"rendered":"<p>Riquelme tom\u00f3 la palabra luego del triunfazo de Boca en La Plata, 2-1 sobre Gimnasia, que deja al equipo del Negro Ibarra como \u00fanico l\u00edder del campeonato: depende de s\u00ed mismo para consagrarse el domingo ante Independiente. Durante su charla con ESPN, Rom\u00e1n se refiri\u00f3 a varios nombres propios del plantel, incluido su t\u00e9cnico, y [&hellip;]<\/p>\n","protected":false},"author":1,"featured_media":50262,"comment_status":"open","ping_status":"closed","sticky":false,"template":"","format":"standard","meta":[],"categories":[16],"tags":[],"_links":{"self":[{"href":"http:\/\/hoycordobaweb.com\/index.php\/wp-json\/wp\/v2\/posts\/50261"}],"collection":[{"href":"http:\/\/hoycordobaweb.com\/index.php\/wp-json\/wp\/v2\/posts"}],"about":[{"href":"http:\/\/hoycordobaweb.com\/index.php\/wp-json\/wp\/v2\/types\/post"}],"author":[{"embeddable":true,"href":"http:\/\/hoycordobaweb.com\/index.php\/wp-json\/wp\/v2\/users\/1"}],"replies":[{"embeddable":true,"href":"http:\/\/hoycordobaweb.com\/index.php\/wp-json\/wp\/v2\/comments?post=50261"}],"version-history":[{"count":0,"href":"http:\/\/hoycordobaweb.com\/index.php\/wp-json\/wp\/v2\/posts\/50261\/revisions"}],"wp:featuredmedia":[{"embeddable":true,"href":"http:\/\/hoycordobaweb.com\/index.php\/wp-json\/wp\/v2\/media\/50262"}],"wp:attachment":[{"href":"http:\/\/hoycordobaweb.com\/index.php\/wp-json\/wp\/v2\/media?parent=50261"}],"wp:term":[{"taxonomy":"category","embeddable":true,"href":"http:\/\/hoycordobaweb.com\/index.php\/wp-json\/wp\/v2\/categories?post=50261"},{"taxonomy":"post_tag","embeddable":true,"href":"http:\/\/hoycordobaweb.com\/index.php\/wp-json\/wp\/v2\/tags?post=50261"}],"curies":[{"name":"wp","href":"https:\/\/api.w.org\/{rel}","templated":true}]}}