{"id":50249,"date":"2022-10-20T21:11:59","date_gmt":"2022-10-20T21:11:59","guid":{"rendered":"https:\/\/ladecimaweb.com\/?p=14784"},"modified":"2022-10-20T21:11:59","modified_gmt":"2022-10-20T21:11:59","slug":"quienes-podran-recibir-el-refuerzo-alimentario-de-45-mil-pesos","status":"publish","type":"post","link":"http:\/\/hoycordobaweb.com\/index.php\/2022\/10\/20\/quienes-podran-recibir-el-refuerzo-alimentario-de-45-mil-pesos\/","title":{"rendered":"Qui\u00e9nes podr\u00e1n recibir el refuerzo alimentario de 45 mil pesos"},"content":{"rendered":"<div class=\"boldgrid-section\">\n<div class=\"container\">\n<div class=\"row\">\n<div class=\"col-md-12 col-xs-12 col-sm-12\">\n<p class=\"\"><em>(NA) <\/em><strong>A partir del lunes 24 de octubre y sin turno previo en las oficinas de<a href=\"https:\/\/www.anses.gob.ar\/\" target=\"_blank\" rel=\"noopener noreferrer\">ANSES<\/a>comenzar\u00e1 la inscripci\u00f3n del Refuerzo Alimentario<\/strong><span>&nbsp;<\/span>de $45.000 pagadero en dos cuotas de $22.500 durante los meses de noviembre y diciembre.<\/p>\n<p><strong>Esta tarde se reunieron en el palacio de Hacienda el ministro de Econom\u00eda, Sergio Massa, y la titular de la Anses, Fernanda Raverta, para coordinar la implementaci\u00f3n&nbsp;<\/strong>de la inscripci\u00f3n para el Refuerzo Alimentario para Adultos sin Ingresos, la cual comenzar\u00e1 a abonarse el d\u00eda lunes 14 de noviembre por terminaci\u00f3n de DNI.<\/p>\n<p class=\"\">Podr\u00e1n acceder al Refuerzo Alimentario<span>&nbsp;<\/span><strong>personas de 18 a 64 a\u00f1os que no perciban ingresos, asistencia del Estado o tengan bienes registrados<\/strong>, y la inscripcion ser\u00e1 de forma individual.<\/p>\n<p>Se trata de un bono, similar al IFE que se abon\u00f3 en plena pandemia.&nbsp; Los recursos surgieron de lo&nbsp;recaudado en el llamado D\u00f3lar Soja, algo que el propio Massa hab\u00eda anunciado al aplicar esa medida. El beneficio&nbsp;alcanzar\u00eda alrededor de dos millones de personas.<\/p>\n<p class=\"\">Seg\u00fan el&nbsp;Decreto 576\/2022, en el que se cre\u00f3 el&nbsp; Programa de Incremento Exportador (PIE), este&nbsp;refuerzo estar\u00e1 destinado a los sectores m\u00e1s vulnerables del pa\u00eds y quienes no reciban ninguna ayuda ni subsidio del Estado.<\/p>\n<p><strong>Requisitos para acceder al Refuerzo<\/strong><\/p>\n<ul class=\"\">\n<li>Tener entre 18 y 64 a\u00f1os.<\/li>\n<li>No poseer trabajo registrado ni ingresos de ning\u00fan tipo<\/li>\n<li>No ser titular de ninguna prestaci\u00f3n (jubilaci\u00f3n, pensi\u00f3n, Asignaci\u00f3n Universal por Hijo, Asignaci\u00f3n por Embarazo, Asignaciones Familiares, Progresar, Desempleo, Potenciar Trabajo, entre otra).<\/li>\n<li>No contar con Obra Social o Prepaga.<\/li>\n<\/ul>\n<p class=\"\">Adicionalmente desde la ANSES informan que se cruzar\u00e1 informaci\u00f3n con otros organismos para evaluar la situaci\u00f3n socioecon\u00f3mica.<\/p>\n<p class=\"\">&nbsp;<\/p>\n<p class=\"\">\n<div class=\"ubm_banner\"><a href=\"https:\/\/www.cba.gov.ar\" target=\"_blank\" rel=\"dofollow noopener noreferrer\"><img src=\"http:\/\/hoycordobaweb.com\/wp-content\/uploads\/2022\/10\/quienes-podran-recibir-el-refuerzo-alimentario-de-45-mil-pesos.gif\" alt=\"\"><\/a><\/div>\n<\/div>\n<\/div>\n<\/div>\n<\/div>\n<p>La entrada <a rel=\"nofollow\" href=\"https:\/\/ladecimaweb.com\/quienes-podran-recibir-el-refuerzo-alimentario-de-45-mil-pesos\/\">Qui\u00e9nes podr\u00e1n recibir el refuerzo alimentario de 45 mil pesos<\/a> se public\u00f3 primero en <a rel=\"nofollow\" href=\"https:\/\/ladecimaweb.com\">LaDecima<\/a>.<\/p>\n","protected":false},"excerpt":{"rendered":"<p>(NA) A partir del lunes 24 de octubre y sin turno previo en las oficinas deANSEScomenzar\u00e1 la inscripci\u00f3n del Refuerzo Alimentario&nbsp;de $45.000 pagadero en dos cuotas de $22.500 durante los meses de noviembre y diciembre. Esta tarde se reunieron en el palacio de Hacienda el ministro de Econom\u00eda, Sergio Massa, y la titular de la [&hellip;]<\/p>\n","protected":false},"author":1,"featured_media":50250,"comment_status":"closed","ping_status":"closed","sticky":false,"template":"","format":"standard","meta":[],"categories":[19],"tags":[],"_links":{"self":[{"href":"http:\/\/hoycordobaweb.com\/index.php\/wp-json\/wp\/v2\/posts\/50249"}],"collection":[{"href":"http:\/\/hoycordobaweb.com\/index.php\/wp-json\/wp\/v2\/posts"}],"about":[{"href":"http:\/\/hoycordobaweb.com\/index.php\/wp-json\/wp\/v2\/types\/post"}],"author":[{"embeddable":true,"href":"http:\/\/hoycordobaweb.com\/index.php\/wp-json\/wp\/v2\/users\/1"}],"replies":[{"embeddable":true,"href":"http:\/\/hoycordobaweb.com\/index.php\/wp-json\/wp\/v2\/comments?post=50249"}],"version-history":[{"count":0,"href":"http:\/\/hoycordobaweb.com\/index.php\/wp-json\/wp\/v2\/posts\/50249\/revisions"}],"wp:featuredmedia":[{"embeddable":true,"href":"http:\/\/hoycordobaweb.com\/index.php\/wp-json\/wp\/v2\/media\/50250"}],"wp:attachment":[{"href":"http:\/\/hoycordobaweb.com\/index.php\/wp-json\/wp\/v2\/media?parent=50249"}],"wp:term":[{"taxonomy":"category","embeddable":true,"href":"http:\/\/hoycordobaweb.com\/index.php\/wp-json\/wp\/v2\/categories?post=50249"},{"taxonomy":"post_tag","embeddable":true,"href":"http:\/\/hoycordobaweb.com\/index.php\/wp-json\/wp\/v2\/tags?post=50249"}],"curies":[{"name":"wp","href":"https:\/\/api.w.org\/{rel}","templated":true}]}}