{"id":50237,"date":"2022-10-20T14:17:35","date_gmt":"2022-10-20T14:17:35","guid":{"rendered":"https:\/\/fono.fcm.unc.edu.ar\/?p=9825"},"modified":"2022-10-20T14:17:35","modified_gmt":"2022-10-20T14:17:35","slug":"relevamiento-para-comision-de-trabajo-final-intensiva-de-febrero-marzo-2023","status":"publish","type":"post","link":"http:\/\/hoycordobaweb.com\/index.php\/2022\/10\/20\/relevamiento-para-comision-de-trabajo-final-intensiva-de-febrero-marzo-2023\/","title":{"rendered":"Relevamiento para Comisi\u00f3n de Trabajo Final intensiva de Febrero\/Marzo 2023"},"content":{"rendered":"<h2 class=\"fusion-post-title\">Relevamiento para Comisi\u00f3n de Trabajo Final intensiva de Febrero\/Marzo 2023<\/h2>\n<div class=\"post-content\" readability=\"43.334341906203\">\n<p><img loading=\"lazy\" class=\"alignright size-fusion-400 wp-image-9834\" src=\"https:\/\/fono.fcm.unc.edu.ar\/wp-content\/uploads\/sites\/14\/2022\/10\/INFO-ACADEMICA-1-400x400.png\" alt width=\"400\" height=\"400\" srcset=\"https:\/\/fono.fcm.unc.edu.ar\/wp-content\/uploads\/sites\/14\/2022\/10\/INFO-ACADEMICA-1-66x66.png 66w, https:\/\/fono.fcm.unc.edu.ar\/wp-content\/uploads\/sites\/14\/2022\/10\/INFO-ACADEMICA-1-150x150.png 150w, https:\/\/fono.fcm.unc.edu.ar\/wp-content\/uploads\/sites\/14\/2022\/10\/INFO-ACADEMICA-1-200x200.png 200w, https:\/\/fono.fcm.unc.edu.ar\/wp-content\/uploads\/sites\/14\/2022\/10\/INFO-ACADEMICA-1-300x300.png 300w, https:\/\/fono.fcm.unc.edu.ar\/wp-content\/uploads\/sites\/14\/2022\/10\/INFO-ACADEMICA-1-400x400.png 400w, https:\/\/fono.fcm.unc.edu.ar\/wp-content\/uploads\/sites\/14\/2022\/10\/INFO-ACADEMICA-1-600x600.png 600w, https:\/\/fono.fcm.unc.edu.ar\/wp-content\/uploads\/sites\/14\/2022\/10\/INFO-ACADEMICA-1-768x768.png 768w, https:\/\/fono.fcm.unc.edu.ar\/wp-content\/uploads\/sites\/14\/2022\/10\/INFO-ACADEMICA-1-800x800.png 800w, https:\/\/fono.fcm.unc.edu.ar\/wp-content\/uploads\/sites\/14\/2022\/10\/INFO-ACADEMICA-1-1024x1024.png 1024w, https:\/\/fono.fcm.unc.edu.ar\/wp-content\/uploads\/sites\/14\/2022\/10\/INFO-ACADEMICA-1.png 1080w\" sizes=\"(max-width: 400px) 100vw, 400px\">Relevamiento de estudiantes que est\u00e1n en etapa de desarrollo de Trabajo Final y que no han sido admitidos hasta el llamado de octubre y tienen tema, director\/a y avances notables o perdieron la condici\u00f3n de regular por no lograr el progreso de Informe final requerido o haber desaprobado y obtenido la condici\u00f3n de libre.<\/p>\n<p>Se considerar\u00e1 una Comisi\u00f3n de Trabajo Final especial e intensiva con amplia disponibilidad horaria en el per\u00edodo de Febrero\/Marzo 2023.<\/p>\n<p>Los trabajos que se desarrollen bajo esta modalidad deben contar para esa fecha con la aprobaci\u00f3n del Comit\u00e9 de \u00c9tica en el caso que sea requerido.<\/p>\n<p>Interesadxs completar el siguiente <a href=\"https:\/\/forms.gle\/nZnGFgQDzAcMmVJ27\" target=\"_blank\" rel=\"noopener noreferrer\">Formulario<\/a><\/p>\n<\/p><\/div>\n","protected":false},"excerpt":{"rendered":"<p>Relevamiento para Comisi\u00f3n de Trabajo Final intensiva de Febrero\/Marzo 2023 Relevamiento de estudiantes que est\u00e1n en etapa de desarrollo de Trabajo Final y que no han sido admitidos hasta el llamado de octubre y tienen tema, director\/a y avances notables o perdieron la condici\u00f3n de regular por no lograr el progreso de Informe final requerido [&hellip;]<\/p>\n","protected":false},"author":1,"featured_media":0,"comment_status":"closed","ping_status":"closed","sticky":false,"template":"","format":"standard","meta":[],"categories":[1],"tags":[],"_links":{"self":[{"href":"http:\/\/hoycordobaweb.com\/index.php\/wp-json\/wp\/v2\/posts\/50237"}],"collection":[{"href":"http:\/\/hoycordobaweb.com\/index.php\/wp-json\/wp\/v2\/posts"}],"about":[{"href":"http:\/\/hoycordobaweb.com\/index.php\/wp-json\/wp\/v2\/types\/post"}],"author":[{"embeddable":true,"href":"http:\/\/hoycordobaweb.com\/index.php\/wp-json\/wp\/v2\/users\/1"}],"replies":[{"embeddable":true,"href":"http:\/\/hoycordobaweb.com\/index.php\/wp-json\/wp\/v2\/comments?post=50237"}],"version-history":[{"count":0,"href":"http:\/\/hoycordobaweb.com\/index.php\/wp-json\/wp\/v2\/posts\/50237\/revisions"}],"wp:attachment":[{"href":"http:\/\/hoycordobaweb.com\/index.php\/wp-json\/wp\/v2\/media?parent=50237"}],"wp:term":[{"taxonomy":"category","embeddable":true,"href":"http:\/\/hoycordobaweb.com\/index.php\/wp-json\/wp\/v2\/categories?post=50237"},{"taxonomy":"post_tag","embeddable":true,"href":"http:\/\/hoycordobaweb.com\/index.php\/wp-json\/wp\/v2\/tags?post=50237"}],"curies":[{"name":"wp","href":"https:\/\/api.w.org\/{rel}","templated":true}]}}