{"id":50213,"date":"2022-10-20T01:46:00","date_gmt":"2022-10-20T01:46:00","guid":{"rendered":"https:\/\/www.ole.com.ar\/futbol-primera\/torneo-formato-liga-descensos-tapia_0_rDQmHzO8iu.html"},"modified":"2022-10-20T01:46:00","modified_gmt":"2022-10-20T01:46:00","slug":"rosca-en-la-afa-los-tres-posibles-torneos-en-2023","status":"publish","type":"post","link":"http:\/\/hoycordobaweb.com\/index.php\/2022\/10\/20\/rosca-en-la-afa-los-tres-posibles-torneos-en-2023\/","title":{"rendered":"Rosca en la AFA: los tres posibles torneos en 2023"},"content":{"rendered":"<p><img src=\"http:\/\/hoycordobaweb.com\/wp-content\/uploads\/2022\/10\/rosca-en-la-afa-los-tres-posibles-torneos-en-2023.jpg\"><\/p>\n<p>El Comit\u00e9 Ejecutivo de la <a alt=\"liga-profesional-de-futbol\" class=\"slug\" href=\"https:\/\/www.ole.com.ar\/tema\/liga-profesional-de-futbol.html\" target=\"_blank\" title=\"liga-profesional-de-futbol\" rel=\"noopener noreferrer\">Liga Profesional de F\u00fatbol<\/a> se reuni\u00f3 este mi\u00e9rcoles en el predio de la AFA en Ezeiza para tratar varios temas relevantes. Del c\u00f3nclave participaron <a alt=\"claudio-tapia\" class=\"slug\" href=\"https:\/\/www.ole.com.ar\/tema\/claudio-tapia.html\" target=\"_blank\" title=\"claudio-tapia\" rel=\"noopener noreferrer\">Claudio Tapia<\/a> y Francisco Duarte, CEO de la Liga.<\/p>\n<p>En primer t\u00e9rmino se<strong><a href=\"https:\/\/www.ole.com.ar\/futbol-primera\/trofeo-campeones-boca-racing-river_0_CnezvxhZlv.html\" target=\"_blank\" rel=\"noopener noreferrer\">&nbsp;aprob\u00f3 que el Trofeo de Campeones de 2022, en el que Boca ya tiene un lugar asegurado, se disputar\u00e1 el 6 de noviembre. Y el 1\u00b0 de marzo&nbsp;de 2023 se jugar\u00e1 la edici\u00f3n 2020<\/a><\/strong> de esa misma competencia entre Boca y el ganador de una semifinal que River y Banfield deber\u00e1n disputar el 22 de febrero, en sede a definir.<strong> Tambi\u00e9n se debati\u00f3 un tema crucial: c\u00f3mo ser\u00e1 la Liga el a\u00f1o que viene. Son tres los posibles formatos que est\u00e1n en pugna, pero hay uno que tiene m\u00e1s adhesiones.<\/strong><\/p>\n<div class=\"sp__SM\">\n<div class=\"content-new \">\n<span class=\"tit-mobile\">Mir\u00e1 tambi\u00e9n<\/span><\/p>\n<div class=\"mg\">\n<div class=\"wrap-figure\">\n<picture>\n<a href=\"https:\/\/www.ole.com.ar\/futbol-primera\/trofeo-campeones-boca-racing-river_0_CnezvxhZlv.html\" target=\"_self\" rel=\"noopener noreferrer\"><br \/>\n<img class=\"img-responsive\" alt=\"Hay fecha para las dos finales de Boca, \u00bfuna vs. River?\" src=\"http:\/\/hoycordobaweb.com\/wp-content\/uploads\/2022\/10\/rosca-en-la-afa-los-tres-posibles-torneos-en-2023-2.jpg\" loading=\"lazy\"><br \/>\n<\/a>\n<\/picture>\n<\/div>\n<\/div><\/div>\n<\/div>\n<p>\u200b<strong>Seg\u00fan lo estipulado, en 2023&nbsp;deber\u00eda haber cuatro descensos, aunque existen muchas posibilidades de que el n\u00famero sea modificado.<\/strong><strong> <\/strong>Si bien hay algunos clubes que tienen la intenci\u00f3n de suprimir los descensos de categor\u00eda -hasta para la temporada que termina el domingo-,<strong> la postura del presidente de la AFA es mantener los dos&nbsp;para este 2022 y definir en las pr\u00f3ximas reuniones cu\u00e1ntos&nbsp;ser\u00e1n en el 2023.<\/strong><\/p>\n<p>De los tres formatos para el nuevo campeonato, <strong>existe uno que re\u00fane m\u00e1s consenso<\/strong> entre los directivos. \u00bfC\u00f3mo ser\u00eda? En principio, <strong>la idea es que, al igual que en 2022, en el primer semestre se juegue&nbsp;una Copa de la Liga y luego un Torneo de la Liga Profesional. En ese caso, habr\u00eda tres descensos: dos por promedios y otro por puntos obtenidos en la tabla general. En 2023 ser\u00edan dos por puntos y uno por promedios. Y en 2024 podr\u00edan eliminarse los promedios de forma definitiva para que todo se defina por puntos.\u200b <\/strong>La idea que parece tener&nbsp;m\u00e1s respaldo es apelar a cambios estructurales graduales.<\/p>\n<div class=\"sp__SM\">\n<div class=\"content-new \">\n<span class=\"tit-mobile\">Mir\u00e1 tambi\u00e9n<\/span><\/p>\n<div class=\"mg\">\n<div class=\"wrap-figure\">\n<picture>\n<a href=\"https:\/\/www.ole.com.ar\/futbol-primera\/arbitros-liga-profesional-fecha-27_0_buZM9ZIlcx.html\" target=\"_self\" rel=\"noopener noreferrer\"><br \/>\n<img class=\"img-responsive\" alt=\"Los \u00e1rbitros de la \u00faltima fecha de la Liga Profesional\" src=\"http:\/\/hoycordobaweb.com\/wp-content\/uploads\/2022\/10\/rosca-en-la-afa-los-tres-posibles-torneos-en-2023-3.jpg\" loading=\"lazy\"><br \/>\n<\/a>\n<\/picture>\n<\/div>\n<\/div><\/div>\n<\/div>\n<div class=\"sp__Normal\">\n<div class=\"image-embeb image-trigger\" readability=\"6.5\">\n<picture><source media=\"(min-width: 720px)\" srcset=\"http:\/\/hoycordobaweb.com\/wp-content\/uploads\/2022\/10\/rosca-en-la-afa-los-tres-posibles-torneos-en-2023-4.jpg\"><img itemprop=\"image\" src=\"http:\/\/hoycordobaweb.com\/wp-content\/uploads\/2022\/10\/rosca-en-la-afa-los-tres-posibles-torneos-en-2023-4.jpg\" loading=\"lazy\" alt=\"Claudio Tapia, en Ezeiza.\">\n<\/picture><figcaption readability=\"3\">\n<p>Claudio Tapia, en Ezeiza.\n<\/p>\n<\/figcaption><\/div>\n<\/div>\n<h2><strong>\u200bLos otros formatos<\/strong><br \/><\/h2>\n<p><strong>\u200bEl segundo formato<\/strong> que est\u00e1 en estudio es jugar la Copa de la Liga en el primer semestre y que los diez mejores equipos de cada zona de 14 se clasifiquen a un torneo de 20 equipos para la segunda mitad del a\u00f1o. En ese caso, los cuatro peores de cada lado&nbsp;tendr\u00edan que jugar un certamen reclasificatorio con equipos de la Primera B Nacional.<\/p>\n<p><strong>La tercera opci\u00f3n<\/strong>, que parece correr muy de atr\u00e1s ya que no tiene mucho apoyo, es jugar dos torneos id\u00e9nticos en cada semestre, con un formato similar al de la Copa de la Liga.<\/p>\n<div class=\"sp__SM\">\n<div class=\"content-new no-img\">\n<span class=\"tit-mobile\">Mir\u00e1 tambi\u00e9n<\/span> <\/div>\n<\/div>\n<div class=\"sp__SM\">\n<div class=\"content-new \">\n<span class=\"tit-mobile\">Mir\u00e1 tambi\u00e9n<\/span><\/p>\n<div class=\"mg\">\n<div class=\"wrap-figure\">\n<picture>\n<a href=\"https:\/\/www.ole.com.ar\/-\/infantino-ole-sports-summit-maradona-qatar_0_u5uVp1wMNU.html\" target=\"_self\" rel=\"noopener noreferrer\"><br \/>\n<img class=\"img-responsive\" alt=\"Infantino: &quot;Eterna gratitud a Maradona&quot;, el recuerdo del 78 y &quot;todos bienvenidos a Qatar&quot;\" src=\"http:\/\/hoycordobaweb.com\/wp-content\/uploads\/2022\/10\/rosca-en-la-afa-los-tres-posibles-torneos-en-2023-5.jpg\" loading=\"lazy\"><br \/>\n<\/a>\n<\/picture>\n<\/div>\n<\/div><\/div>\n<\/div>\n<p>Por lo pronto, se decidi\u00f3 que en la pr\u00f3xima reuni\u00f3n de Comit\u00e9 Ejecutivo de la Liga Profesional de F\u00fatbol se definir\u00e1n la fecha de inicio y tambi\u00e9n la estructura de campeonato que se establecer\u00e1 para la temporada 2023. <strong>Si finalmente se impone el primer proyecto, que hoy es el que tiene m\u00e1s apoyo, los cambios deber\u00e1n ser refrendados en la Asamblea del 21 de diciembre, ya que en ese caso se estar\u00edan modificando las reglas de lo establecido el a\u00f1o pasado.<\/strong><\/p>\n<div class=\"sp__SM\">\n<div class=\"content-new \">\n<span class=\"tit-mobile\">Mir\u00e1 tambi\u00e9n<\/span><\/p>\n<div class=\"mg\">\n<div class=\"wrap-figure\">\n<picture>\n<a href=\"https:\/\/www.ole.com.ar\/informacion-general\/justicia-ordeno-liberacion-cirigliano_0_OHhKOhAbXx.html\" target=\"_self\" rel=\"noopener noreferrer\"><br \/>\n<img class=\"img-responsive\" alt=\"La Justicia orden\u00f3 la liberaci\u00f3n de Cirigliano: &quot;Ya est\u00e1 en casa&quot;\" src=\"http:\/\/hoycordobaweb.com\/wp-content\/uploads\/2022\/10\/rosca-en-la-afa-los-tres-posibles-torneos-en-2023-6.jpg\" loading=\"lazy\"><br \/>\n<\/a>\n<\/picture>\n<\/div>\n<\/div><\/div>\n<\/div>\n<p><strong><\/strong>La rosca por el formato y la cantidad de&nbsp;descensos sigue. Sin embargo, de a poco parece comenzar a haber m\u00e1s certezas en cuanto a la posible reestructuraci\u00f3n del f\u00fatbol argentino.<strong>\u200b<\/strong><\/p>\n<div class=\"sp__Normal\">\n<div class=\"image-embeb image-trigger\" readability=\"6\">\n<picture><source media=\"(min-width: 720px)\" srcset=\"http:\/\/hoycordobaweb.com\/wp-content\/uploads\/2022\/10\/rosca-en-la-afa-los-tres-posibles-torneos-en-2023-7.jpg\"><img itemprop=\"image\" src=\"http:\/\/hoycordobaweb.com\/wp-content\/uploads\/2022\/10\/rosca-en-la-afa-los-tres-posibles-torneos-en-2023-7.jpg\" loading=\"lazy\" alt=\"Los dirigentes presentes en el predio de la AFA.\">\n<\/picture><figcaption readability=\"2\">\n<p>Los dirigentes presentes en el predio de la AFA.\n<\/p>\n<\/figcaption><\/div>\n<\/div>\n<div class=\"sp__Normal\">\n<div class=\"image-embeb image-trigger\" readability=\"7\">\n<picture><source media=\"(min-width: 720px)\" srcset=\"http:\/\/hoycordobaweb.com\/wp-content\/uploads\/2022\/10\/rosca-en-la-afa-los-tres-posibles-torneos-en-2023-8.jpg\"><img itemprop=\"image\" src=\"http:\/\/hoycordobaweb.com\/wp-content\/uploads\/2022\/10\/rosca-en-la-afa-los-tres-posibles-torneos-en-2023-8.jpg\" loading=\"lazy\" alt=\"Claudio Tapia condujo la reuni\u00f3n de trabajo de la Liga Profesional de F\u00fatbol de la AFA, que se realiz\u00f3 en el predio de Ezeiza. (Foto: Twitter @LigaAFA)\">\n<\/picture><figcaption readability=\"4\">\n<p>Claudio Tapia condujo la reuni\u00f3n de trabajo de la Liga Profesional de F\u00fatbol de la AFA, que se realiz\u00f3 en el predio de Ezeiza. (Foto: Twitter @LigaAFA)\n<\/p>\n<\/figcaption><\/div>\n<\/div>\n<div class=\"entry-tags\">\n<h2>TEMAS QUE APARECEN EN ESTA NOTA<\/h2>\n<\/p><\/div>\n","protected":false},"excerpt":{"rendered":"<p>El Comit\u00e9 Ejecutivo de la Liga Profesional de F\u00fatbol se reuni\u00f3 este mi\u00e9rcoles en el predio de la AFA en Ezeiza para tratar varios temas relevantes. Del c\u00f3nclave participaron Claudio Tapia y Francisco Duarte, CEO de la Liga. En primer t\u00e9rmino se&nbsp;aprob\u00f3 que el Trofeo de Campeones de 2022, en el que Boca ya tiene [&hellip;]<\/p>\n","protected":false},"author":1,"featured_media":50214,"comment_status":"open","ping_status":"closed","sticky":false,"template":"","format":"standard","meta":[],"categories":[16],"tags":[],"_links":{"self":[{"href":"http:\/\/hoycordobaweb.com\/index.php\/wp-json\/wp\/v2\/posts\/50213"}],"collection":[{"href":"http:\/\/hoycordobaweb.com\/index.php\/wp-json\/wp\/v2\/posts"}],"about":[{"href":"http:\/\/hoycordobaweb.com\/index.php\/wp-json\/wp\/v2\/types\/post"}],"author":[{"embeddable":true,"href":"http:\/\/hoycordobaweb.com\/index.php\/wp-json\/wp\/v2\/users\/1"}],"replies":[{"embeddable":true,"href":"http:\/\/hoycordobaweb.com\/index.php\/wp-json\/wp\/v2\/comments?post=50213"}],"version-history":[{"count":0,"href":"http:\/\/hoycordobaweb.com\/index.php\/wp-json\/wp\/v2\/posts\/50213\/revisions"}],"wp:featuredmedia":[{"embeddable":true,"href":"http:\/\/hoycordobaweb.com\/index.php\/wp-json\/wp\/v2\/media\/50214"}],"wp:attachment":[{"href":"http:\/\/hoycordobaweb.com\/index.php\/wp-json\/wp\/v2\/media?parent=50213"}],"wp:term":[{"taxonomy":"category","embeddable":true,"href":"http:\/\/hoycordobaweb.com\/index.php\/wp-json\/wp\/v2\/categories?post=50213"},{"taxonomy":"post_tag","embeddable":true,"href":"http:\/\/hoycordobaweb.com\/index.php\/wp-json\/wp\/v2\/tags?post=50213"}],"curies":[{"name":"wp","href":"https:\/\/api.w.org\/{rel}","templated":true}]}}