{"id":50207,"date":"2022-10-20T02:46:08","date_gmt":"2022-10-20T02:46:08","guid":{"rendered":"https:\/\/www.ole.com.ar\/futbol-internacional\/mes-mundial-qatar-figuras-messi_0_OALxYLZh7F.html"},"modified":"2022-10-20T02:46:08","modified_gmt":"2022-10-20T02:46:08","slug":"a-un-mes-del-mundial-asi-llegan-las-grandes-figuras","status":"publish","type":"post","link":"http:\/\/hoycordobaweb.com\/index.php\/2022\/10\/20\/a-un-mes-del-mundial-asi-llegan-las-grandes-figuras\/","title":{"rendered":"A un mes del Mundial: as\u00ed llegan las grandes figuras"},"content":{"rendered":"<p><img src=\"http:\/\/hoycordobaweb.com\/wp-content\/uploads\/2022\/10\/a-un-mes-del-mundial-asi-llegan-las-grandes-figuras.jpg\"><\/p>\n<p>El almanaque cada vez tiene menos hojas para arrancar de este 2023, a\u00f1o que todo futbolero esper\u00f3 y que ahora apenas lo separan 31 d\u00edas del inicio de la cita m\u00e1xima: <strong>el <a alt=\"mundial-de-qatar\" class=\"slug\" href=\"https:\/\/www.ole.com.ar\/tema\/mundial-de-qatar.html\" target=\"_blank\" title=\"mundial-de-qatar\" rel=\"noopener noreferrer\">Mundial de Qatar<\/a><\/strong>. S\u00ed, estamos a apenas un mes de que la pelota ruede el 20 de noviembre en el partido inaugural entre Qatar y Ecuador, que dar\u00e1 inicio al sue\u00f1o de todos. Y por eso en <strong>Ol\u00e9<\/strong> te contamos c\u00f3mo llegan<a alt=\"lionel-messi\" class=\"slug\" href=\"https:\/\/www.ole.com.ar\/tema\/lionel-messi.html\" target=\"_blank\" title=\"lionel-messi\" rel=\"noopener noreferrer\"> Lionel Messi<\/a>, el mejor jugador del mundo, y las dem\u00e1s figuras de selecciones que intentar\u00e1n levantar la Copa con sus pa\u00edses.<\/p>\n<div class=\"sp__SM\">\n<div class=\"content-new \">\n<span class=\"tit-mobile\">Mir\u00e1 tambi\u00e9n<\/span><\/p>\n<div class=\"mg\">\n<div class=\"wrap-figure\">\n<picture>\n<a href=\"https:\/\/www.ole.com.ar\/mundial\/mundial-qatar-202\/qatar-2022-listas-buena-fe-fechas_0_fGnhcEK8FE.html\" target=\"_self\" rel=\"noopener noreferrer\"><br \/>\n<img class=\"img-responsive\" alt=\"Listas del Mundial 2022: cu\u00e1l es la fecha l\u00edmite de entrega\" src=\"http:\/\/hoycordobaweb.com\/wp-content\/uploads\/2022\/10\/a-un-mes-del-mundial-asi-llegan-las-grandes-figuras-2.jpg\" loading=\"lazy\"><br \/>\n<\/a>\n<\/picture>\n<\/div>\n<\/div><\/div>\n<\/div>\n<p>Qu\u00e9 decir de Leo, el capit\u00e1n de la Scaloneta y el hombre estrella de un equipo gal\u00e1ctico como lo es el PSG. El rosarino de 35 a\u00f1os est\u00e1 transitando una etapa feliz en la Selecci\u00f3n y que se traduce en rendimientos top tanto en la Albiceleste como en el elenco parisino, <strong>donde en este semestre disput\u00f3 14 partidos y marc\u00f3 8 goles<\/strong>. Pero no s\u00f3lo eso: tambi\u00e9n se transform\u00f3 en el jugador que m\u00e1s asistencias lleva en la Ligue 1 junto a su compa\u00f1ero y amigo Neymar: 7 cada uno.<\/p>\n<p>Ahora bien, a la hora de comparar c\u00f3mo fue el 2022 de cada una de las estrellas que estar\u00e1n en Qatar con sus respectivas selecciones, Messi los deja en rid\u00edculo. \u00bfPor qu\u00e9? <strong>Sucede que Leo llegar\u00e1 al Mundial siendo el futbolista que m\u00e1s goles marc\u00f3 en el a\u00f1o con su seleccionado entre las 32 que jugar\u00e1n la Copa del Mundo.<\/strong> El 10 anot\u00f3 10 tantos, <a data-cke-saved-href=\"https:\/\/www.ole.com.ar\/futbol-internacional\/lionel-messi-mundial-marca-argentina_0_n5NPoo1aWy.html\" target=\"_blank\" href=\"https:\/\/www.ole.com.ar\/futbol-internacional\/lionel-messi-mundial-marca-argentina_0_n5NPoo1aWy.html\" rel=\"noopener noreferrer\">cifra cinco veces mayor a la que tuvo Cristiano Ronaldo con Portugal, por ejemplo&#8230; <\/a>Como para no ilusionarse.<\/p>\n<div class=\"sp__Normal\">\n<div class=\"image-embeb image-trigger\" readability=\"6.5\">\n<picture><source media=\"(min-width: 720px)\" srcset=\"http:\/\/hoycordobaweb.com\/wp-content\/uploads\/2022\/10\/a-un-mes-del-mundial-asi-llegan-las-grandes-figuras-3.jpg\"><img itemprop=\"image\" src=\"http:\/\/hoycordobaweb.com\/wp-content\/uploads\/2022\/10\/a-un-mes-del-mundial-asi-llegan-las-grandes-figuras-3.jpg\" loading=\"lazy\" alt=\"Messi, top 3 entre los m\u00e1ximos goleadores de selecciones (AFP)\">\n<\/picture><figcaption readability=\"3\">\n<p>Messi, top 3 entre los m\u00e1ximos goleadores de selecciones (AFP)\n<\/p>\n<\/figcaption><\/div>\n<\/div>\n<p>Si no hay imprevistos, a <a alt=\"lionel-messi\" class=\"slug\" href=\"https:\/\/www.ole.com.ar\/tema\/lionel-messi.html\" target=\"_blank\" title=\"lionel-messi\" rel=\"noopener noreferrer\">Messi<\/a> le restar\u00e1n jugar seis partidos con el PSG antes de subirse al avi\u00f3n rumbo a Qatar, donde disputar\u00e1 su quinto Mundial e ir\u00e1 en busca del t\u00edtulo que m\u00e1s anhela, como todos los argentinos&#8230; Por lo pronto, llegar\u00e1 entonad\u00edsimo y sabiendo que ya es el <strong>3\u00b0 m\u00e1ximo artillero de selecciones a nivel mundial de la historia, por detr\u00e1s de Ali Daei, de Ir\u00e1n (109), y de Cristiano Ronaldo, el top con 117 tantos.<\/strong><\/p>\n<p>Otro de los jugadores que llegar\u00e1 con la flechita hacia arriba a Qatar. El crack brasile\u00f1o viene desandando una temporada espectacular en el Paris Saint Germain, siendo hoy el goleador de la Ligue 1 con 9 tantos -igual que David, del Lille- y liderando la tabla de asistidores junto a Messi (7).<\/p>\n<p>Sin lugar a dudas, el 10 de la Verdeamarela <strong>es la gran esperanza del equipo de Tite en Qatar, aunque no el \u00fanico<\/strong>: Brasil se transform\u00f3 en un equipo temible gracias a su recambio, a los j\u00f3venes que r\u00e1pidamente se adaptaron y a una idea que el DT supo inculcar. Por caso, <a alt=\"neymar\" class=\"slug\" href=\"https:\/\/www.ole.com.ar\/tema\/neymar.html\" target=\"_blank\" title=\"neymar\" rel=\"noopener noreferrer\">Neymar<\/a> <mark>convirti\u00f3 5 goles en este 2022 en su selecci\u00f3n, con la particularidad de que todos fueron v\u00eda penal&#8230;<\/mark><\/p>\n<p>Y como para dejar en claro que el surgido del Santos va por todo, en Qatar podr\u00eda igualar -o superar incluso- el r\u00e9cord absoluto que ostenta <strong>Pel\u00e9 <\/strong>como m\u00e1ximo goleador de la selecci\u00f3n de Brasil:<strong> est\u00e1 a tres de los 77 gritos que supo marcar el astro.<\/strong> Ni hablar si llega a consagrarse campe\u00f3n&#8230; <\/p>\n<div class=\"sp__SM\">\n<div class=\"content-new \">\n<span class=\"tit-mobile\">Mir\u00e1 tambi\u00e9n<\/span><\/p>\n<div class=\"mg\">\n<div class=\"wrap-figure\">\n<picture>\n<a href=\"https:\/\/www.ole.com.ar\/futbol-internacional\/benzema-lewandowski-relojes-comparacion_0_PXvr223axo.html\" target=\"_self\" rel=\"noopener noreferrer\"><br \/>\n<img class=\"img-responsive\" alt=\"Benzema, Lewandowski y la ins\u00f3lita comparaci\u00f3n de sus relojes\" src=\"http:\/\/hoycordobaweb.com\/wp-content\/uploads\/2022\/10\/a-un-mes-del-mundial-asi-llegan-las-grandes-figuras-4.jpg\" loading=\"lazy\"><br \/>\n<\/a>\n<\/picture>\n<\/div><\/div><\/div>\n<\/div>\n<p>Recientemente galardonado con el <strong>Bal\u00f3n de Oro<\/strong> al mejor jugador de la pasada temporada a nivel mundial, el delantero franc\u00e9s del Real Madrid es una verdadera m\u00e1quina. Con 34 a\u00f1os, llegar\u00e1 al Mundial luego de una temporada brillante en la que <strong>gan\u00f3 4 t\u00edtulos (Champions incluida) y siendo goleador de LaLiga (27) y de la Orejona (15) con el Merengue.<\/strong> \u00bfQu\u00e9 m\u00e1s, Karim?<\/p>\n<p>Siempre hay m\u00e1s para este centrodelantero sensacional. <strong>Porque si bien con Francia marc\u00f3 s\u00f3lo un gol en este 2022<\/strong>, la realidad es que su presente sigue siendo excepcional en el Real Madrid: en este semestre lleva 6 goles en 11 PJ.<\/p>\n<p>El m\u00e1ximo goleador de todos los tiempos a nivel selecciones (117) es el caso que m\u00e1s sorprende. Y no por datos positivos sino por una serie de situaciones que<strong> obligan a pensar en que Portugal no tendr\u00e1 a su m\u00e1xima figura en plenitud<\/strong>. Porque con 37 a\u00f1os, el delantero del <strong>Manchester United<\/strong> viene transitando un a\u00f1o repleto de complicaciones, altibajos y -sobre todo- muy poca participaci\u00f3n.<\/p>\n<div class=\"sp__SM\">\n<div class=\"content-new \">\n<span class=\"tit-mobile\">Mir\u00e1 tambi\u00e9n<\/span><\/p>\n<div class=\"mg\">\n<div class=\"wrap-figure\">\n<picture>\n<a href=\"https:\/\/www.ole.com.ar\/cristiano-ronaldo\/cristiano-ronaldo-united-ten-hag_0_xmMHeX3etf.html\" target=\"_self\" rel=\"noopener noreferrer\"><br \/>\n<img class=\"img-responsive\" alt=\"Cristiano no entr\u00f3, dej\u00f3 la cancha en pleno partido y el DT ver\u00e1 qu\u00e9 hace\" src=\"http:\/\/hoycordobaweb.com\/wp-content\/uploads\/2022\/10\/a-un-mes-del-mundial-asi-llegan-las-grandes-figuras-5.jpg\" loading=\"lazy\"><br \/>\n<\/a>\n<\/picture>\n<\/div>\n<\/div><\/div>\n<\/div>\n<p>Para ser precisos, CR7 apenas disput\u00f3 691&#8242; en este semestre en un total de 12 juegos en cancha, de los cuales s\u00f3lo en seis fue titular. <strong>\u00bfGoles en el Manchester United? Dos, misma cantidad que los que anot\u00f3 en Portugal en 2022, en el que qued\u00f3 eliminado de la UEFA Nations League en la fase de grupos&#8230;<\/strong> As\u00ed las cosas, <a href=\"https:\/\/www.ole.com.ar\/futbol-internacional\/estrellas-duda-selecciones-mundial_0_44gyYdeIcX.html\" target=\"_blank\" rel=\"noopener noreferrer\">y teniendo en cuenta que su pa\u00eds sufri\u00f3 varias bajas por lesiones para el Mundial<\/a>, pensar en que el astro portugu\u00e9s pueda cumplir su sue\u00f1o de ser camp\u00e9on del mundo parece demasiado complicado.<\/p>\n<p>Compa\u00f1ero de Messi y Neymar, el joven delantero es la gran esperanza de Francia en Qatar. Su nivel y presente en el PSG revalidan ese pensamiento:<strong> es el segundo m\u00e1ximo artillero del elenco parisino en esta Ligue 1 (8 tantos), y en el semestre acumula 12 goles en un total de 14 juegos<\/strong>. Brutal, como as\u00ed tambi\u00e9n anot\u00f3 4 en Francia en este a\u00f1o. Otro de los que ir\u00e1 por la gloria&#8230;<\/p>\n<p><strong>\u00a1Atento, Scaloni!<\/strong> La Selecci\u00f3n Argentina compartir\u00e1 el Grupo C del Mundial con la Polonia de este delantero incansable y temible. S\u00ed, Lewandowski ser\u00e1 rival de la Scaloneta (el 30\/11, cerrando la fase de grupos) y habr\u00e1 que estar muy firmes en la marca para intentar frenarlo. Porque desde que lleg\u00f3 al Barcelona a mediados de este 2023, <strong>el polaco ex Bayern Munich sigue demostrando que es una m\u00e1quina goleadora&#8230;<\/strong><\/p>\n<p>Porque mientras es -junto a Zielinski- el artillero de Polonia en este 2022 (dos goles), <strong>el centrodelantero de 34 a\u00f1os ya lleva anotados 14 goles \u00a1en 13 partidos! con el elenco Cul\u00e9<\/strong>. Una cifra top que le permiten mostrarse como el artillero de LaLiga (9) y de la Champions League, en la que comparte lideranza junto a Haaland y Salah (5).<strong> Que se desinfle antes de Qatar&#8230;<\/strong><\/p>\n<p>Con 29 a\u00f1os, el delantero ingl\u00e9s del Tottenham es una de las cartas goleadoras para el Mundial. Con 3 tantos en su seleccionado en lo que va del 2022 -todos fueron de penal-, <strong>el punta lleva anotados 11 goles en lo que va de esta temporada, en un total de 14 partidos jugados (todos de titular)<\/strong>. Sin dudas, otro de los que habr\u00e1 que seguir de cerca en Qatar&#8230;<\/p>\n<p>A punto de disputar su cuarto Mundial y tras haber sido campe\u00f3n en Brasil 2014, <strong>el hist\u00f3rico arquero y figura de Alemania es una de las inc\u00f3gnitas por estas horas&#8230;<\/strong> Sucede que el goleo del Bayern Munich arrastra una lesi\u00f3n en uno de sus hombros y no se sabe si podr\u00e1 llegar en plenitud a Qatar.<\/p>\n<p><mark>\u00abSin analg\u00e9sicos, no puede mover el hombro de una manera que le permita jugar. No tiene mucho sentido exigirlo para que siempre pueda jugar. Espero que pueda volver a jugar la pr\u00f3xima semana con Augsburgo. Es molesto, pero as\u00ed son las cosas&#8230;\u00bb<\/mark>, fue la cruda frase de&nbsp;Julian Nagelsmann, DT del Bayern, respecto de la situaci\u00f3n de <strong>Neuer<\/strong>. Ahora bien, tambi\u00e9n es real que si el arquero no llega, habr\u00e1 otro alem\u00e1n con chapa para cuidarle la espalda: se trata del tremendo <mark>Ter Stegen, del Barcelona, y que ataj\u00f3 los \u00faltimos encuentros del conjunto teut\u00f3n.<\/mark><\/p>\n<div class=\"sp__SM\">\n<div class=\"content-new \">\n<span class=\"tit-mobile\">Mir\u00e1 tambi\u00e9n<\/span><\/p>\n<div class=\"mg\">\n<div class=\"wrap-figure\">\n<picture>\n<a href=\"https:\/\/www.ole.com.ar\/futbol-internacional\/estrellas-duda-selecciones-mundial_0_44gyYdeIcX.html\" target=\"_self\" rel=\"noopener noreferrer\"><br \/>\n<img class=\"img-responsive\" alt=\"Mundial: las bajas confirmadas y las que est\u00e1n en riesgo\" src=\"http:\/\/hoycordobaweb.com\/wp-content\/uploads\/2022\/10\/a-un-mes-del-mundial-asi-llegan-las-grandes-figuras-6.jpg\" loading=\"lazy\"><br \/>\n<\/a>\n<\/picture>\n<\/div>\n<\/div><\/div>\n<\/div>\n<div class=\"entry-tags\">\n<h2>TEMAS QUE APARECEN EN ESTA NOTA<\/h2>\n<\/p><\/div>\n","protected":false},"excerpt":{"rendered":"<p>El almanaque cada vez tiene menos hojas para arrancar de este 2023, a\u00f1o que todo futbolero esper\u00f3 y que ahora apenas lo separan 31 d\u00edas del inicio de la cita m\u00e1xima: el Mundial de Qatar. S\u00ed, estamos a apenas un mes de que la pelota ruede el 20 de noviembre en el partido inaugural entre [&hellip;]<\/p>\n","protected":false},"author":1,"featured_media":50208,"comment_status":"open","ping_status":"closed","sticky":false,"template":"","format":"standard","meta":[],"categories":[16],"tags":[],"_links":{"self":[{"href":"http:\/\/hoycordobaweb.com\/index.php\/wp-json\/wp\/v2\/posts\/50207"}],"collection":[{"href":"http:\/\/hoycordobaweb.com\/index.php\/wp-json\/wp\/v2\/posts"}],"about":[{"href":"http:\/\/hoycordobaweb.com\/index.php\/wp-json\/wp\/v2\/types\/post"}],"author":[{"embeddable":true,"href":"http:\/\/hoycordobaweb.com\/index.php\/wp-json\/wp\/v2\/users\/1"}],"replies":[{"embeddable":true,"href":"http:\/\/hoycordobaweb.com\/index.php\/wp-json\/wp\/v2\/comments?post=50207"}],"version-history":[{"count":0,"href":"http:\/\/hoycordobaweb.com\/index.php\/wp-json\/wp\/v2\/posts\/50207\/revisions"}],"wp:featuredmedia":[{"embeddable":true,"href":"http:\/\/hoycordobaweb.com\/index.php\/wp-json\/wp\/v2\/media\/50208"}],"wp:attachment":[{"href":"http:\/\/hoycordobaweb.com\/index.php\/wp-json\/wp\/v2\/media?parent=50207"}],"wp:term":[{"taxonomy":"category","embeddable":true,"href":"http:\/\/hoycordobaweb.com\/index.php\/wp-json\/wp\/v2\/categories?post=50207"},{"taxonomy":"post_tag","embeddable":true,"href":"http:\/\/hoycordobaweb.com\/index.php\/wp-json\/wp\/v2\/tags?post=50207"}],"curies":[{"name":"wp","href":"https:\/\/api.w.org\/{rel}","templated":true}]}}