{"id":5020,"date":"2020-11-11T23:39:00","date_gmt":"2020-11-11T23:39:00","guid":{"rendered":"https:\/\/fm-comunicar.com.ar\/contenido\/16489\/el-documento-de-la-gremial-hospitalaria-tras-el-paro-de-los-trabajadores-de-la-s"},"modified":"2020-11-11T23:39:00","modified_gmt":"2020-11-11T23:39:00","slug":"el-documento-de-la-gremial-hospitalaria-tras-el-paro-de-los-trabajadores-de-la-salud","status":"publish","type":"post","link":"http:\/\/hoycordobaweb.com\/index.php\/2020\/11\/11\/el-documento-de-la-gremial-hospitalaria-tras-el-paro-de-los-trabajadores-de-la-salud\/","title":{"rendered":"El documento de la Gremial Hospitalaria tras el paro de los trabajadores de la salud"},"content":{"rendered":"<p>Al concretarse la medida de fuerza, los representantes del gremio en el Hospital Vicente Ag\u00fcero acusado de \u00abgenocida\u00bb a las autoridades provinciales por c\u00f3mo est\u00e1n actuando en la pandemia. Reclaman un b\u00e1sico inicial de 50 mil pesos.<img src=\"http:\/\/hoycordobaweb.com\/wp-content\/uploads\/2020\/11\/el-documento-de-la-gremial-hospitalaria-tras-el-paro-de-los-trabajadores-de-la-salud.jpg\"><\/p>\n","protected":false},"excerpt":{"rendered":"<p>Al concretarse la medida de fuerza, los representantes del gremio en el Hospital Vicente Ag\u00fcero acusado de \u00abgenocida\u00bb a las autoridades provinciales por c\u00f3mo est\u00e1n actuando en la pandemia. Reclaman un b\u00e1sico inicial de 50 mil pesos.<\/p>\n","protected":false},"author":1,"featured_media":5021,"comment_status":"closed","ping_status":"closed","sticky":false,"template":"","format":"standard","meta":[],"categories":[18],"tags":[],"_links":{"self":[{"href":"http:\/\/hoycordobaweb.com\/index.php\/wp-json\/wp\/v2\/posts\/5020"}],"collection":[{"href":"http:\/\/hoycordobaweb.com\/index.php\/wp-json\/wp\/v2\/posts"}],"about":[{"href":"http:\/\/hoycordobaweb.com\/index.php\/wp-json\/wp\/v2\/types\/post"}],"author":[{"embeddable":true,"href":"http:\/\/hoycordobaweb.com\/index.php\/wp-json\/wp\/v2\/users\/1"}],"replies":[{"embeddable":true,"href":"http:\/\/hoycordobaweb.com\/index.php\/wp-json\/wp\/v2\/comments?post=5020"}],"version-history":[{"count":0,"href":"http:\/\/hoycordobaweb.com\/index.php\/wp-json\/wp\/v2\/posts\/5020\/revisions"}],"wp:featuredmedia":[{"embeddable":true,"href":"http:\/\/hoycordobaweb.com\/index.php\/wp-json\/wp\/v2\/media\/5021"}],"wp:attachment":[{"href":"http:\/\/hoycordobaweb.com\/index.php\/wp-json\/wp\/v2\/media?parent=5020"}],"wp:term":[{"taxonomy":"category","embeddable":true,"href":"http:\/\/hoycordobaweb.com\/index.php\/wp-json\/wp\/v2\/categories?post=5020"},{"taxonomy":"post_tag","embeddable":true,"href":"http:\/\/hoycordobaweb.com\/index.php\/wp-json\/wp\/v2\/tags?post=5020"}],"curies":[{"name":"wp","href":"https:\/\/api.w.org\/{rel}","templated":true}]}}