{"id":50195,"date":"2022-10-20T00:08:48","date_gmt":"2022-10-20T00:08:48","guid":{"rendered":"http:\/\/hoycordobaweb.com\/index.php\/2022\/10\/20\/gianni-infantino-a-32-dias-del-mundial-el-desafio-de-qatar-2022-y-lo-que-le-preocupa-del\/"},"modified":"2022-10-20T00:08:48","modified_gmt":"2022-10-20T00:08:48","slug":"gianni-infantino-a-32-dias-del-mundial-el-desafio-de-qatar-2022-y-lo-que-le-preocupa-del","status":"publish","type":"post","link":"http:\/\/hoycordobaweb.com\/index.php\/2022\/10\/20\/gianni-infantino-a-32-dias-del-mundial-el-desafio-de-qatar-2022-y-lo-que-le-preocupa-del\/","title":{"rendered":"Gianni Infantino, a 32 d\u00edas del Mundial: el desaf\u00edo de Qatar 2022 y lo que le preocupa del &#8230;"},"content":{"rendered":"<p>&#8230; preocupa del <b>f\u00fatbol argentino<\/b> (REUTERS\/Hamad I Mohammed)Por: REUTERS &#8230; para el Mundial de Qatar: Argentina, en el s\u00e9ptimo lugar del ranking. <\/p>\n","protected":false},"excerpt":{"rendered":"<p>&#8230; preocupa del f\u00fatbol argentino (REUTERS\/Hamad I Mohammed)Por: REUTERS &#8230; para el Mundial de Qatar: Argentina, en el s\u00e9ptimo lugar del ranking.<\/p>\n","protected":false},"author":1,"featured_media":0,"comment_status":"closed","ping_status":"closed","sticky":false,"template":"","format":"standard","meta":[],"categories":[22],"tags":[],"_links":{"self":[{"href":"http:\/\/hoycordobaweb.com\/index.php\/wp-json\/wp\/v2\/posts\/50195"}],"collection":[{"href":"http:\/\/hoycordobaweb.com\/index.php\/wp-json\/wp\/v2\/posts"}],"about":[{"href":"http:\/\/hoycordobaweb.com\/index.php\/wp-json\/wp\/v2\/types\/post"}],"author":[{"embeddable":true,"href":"http:\/\/hoycordobaweb.com\/index.php\/wp-json\/wp\/v2\/users\/1"}],"replies":[{"embeddable":true,"href":"http:\/\/hoycordobaweb.com\/index.php\/wp-json\/wp\/v2\/comments?post=50195"}],"version-history":[{"count":0,"href":"http:\/\/hoycordobaweb.com\/index.php\/wp-json\/wp\/v2\/posts\/50195\/revisions"}],"wp:attachment":[{"href":"http:\/\/hoycordobaweb.com\/index.php\/wp-json\/wp\/v2\/media?parent=50195"}],"wp:term":[{"taxonomy":"category","embeddable":true,"href":"http:\/\/hoycordobaweb.com\/index.php\/wp-json\/wp\/v2\/categories?post=50195"},{"taxonomy":"post_tag","embeddable":true,"href":"http:\/\/hoycordobaweb.com\/index.php\/wp-json\/wp\/v2\/tags?post=50195"}],"curies":[{"name":"wp","href":"https:\/\/api.w.org\/{rel}","templated":true}]}}