{"id":50177,"date":"2022-10-18T18:19:34","date_gmt":"2022-10-18T18:19:34","guid":{"rendered":"https:\/\/www.trendencias.com\/vestidos\/tres-vestidos-punto-pedro-hierro-que-te-resolveran-todos-looks-este-otono-invierno"},"modified":"2022-10-18T18:19:34","modified_gmt":"2022-10-18T18:19:34","slug":"los-tres-vestidos-de-punto-de-pedro-del-hierro-que-te-resolveran-todos-los-looks-de-este-otono-invierno","status":"publish","type":"post","link":"http:\/\/hoycordobaweb.com\/index.php\/2022\/10\/18\/los-tres-vestidos-de-punto-de-pedro-del-hierro-que-te-resolveran-todos-los-looks-de-este-otono-invierno\/","title":{"rendered":"Los tres vestidos de punto de Pedro del Hierro que te resolver\u00e1n todos los looks de este Oto\u00f1o-Invierno"},"content":{"rendered":"<p><strong>El vestido de punto<\/strong> se ha convertido en la prenda m\u00e1s vers\u00e1til y c\u00f3moda del momento, un cl\u00e1sico s\u00ed, pero una prenda revoluci\u00f3n cada temporada porque se adapta a las tendencias del momento. Estamos ante una prenda tan cl\u00e1sica como sencilla, capaz de sacarnos de un apuro en cualquier ocasi\u00f3n porque <a href=\"https:\/\/www.trendencias.com\/street-style\/seis-formas-llevar-vestido-punto-que-te-aseguras-triunfar\">se puede llevar de diferentes formas.<\/a><\/p>\n<p><!-- BREAK 1 --><\/p>\n<p>C\u00f3modo, estiloso y sobre todo calentito, <a href=\"https:\/\/www.trendencias.com\/tag\/vestidos-de-punto\">los vestidos de punto<\/a> es una de las apuestas m\u00e1s acertadas para los d\u00edas todo terreno, ya que es perfecto para lucir de la ma\u00f1ana a la noche.<\/p>\n<p><!-- BREAK 2 --> <\/p>\n<div class=\"article-asset article-asset-normal article-asset-center\">\n<div class=\"desvio-container\">\n<div class=\"desvio\">\n<div class=\"desvio-figure js-desvio-figure\"> <a href=\"https:\/\/www.trendencias.com\/shopping\/vestido-punto-ideal-para-llevar-botas-altas-este-cortefiel-que-no-puede-ser-boho-esta-rebajado\"> <img alt=\"El vestido de punto ideal para llevar con botas altas es este de Cortefiel que no puede ser m\u00e1s boho (y adem\u00e1s est\u00e1 rebajado) \" src=\"http:\/\/hoycordobaweb.com\/wp-content\/uploads\/2022\/10\/los-tres-vestidos-de-punto-de-pedro-del-hierro-que-te-resolveran-todos-los-looks-de-este-otono-invierno.jpg\"> <\/a> <\/div><\/div><\/div>\n<\/div>\n<p><a href=\"https:\/\/www.trendencias.com\/tag\/pedro-del-hierro\">Pedro del Hierro<\/a> tiene una gran variedad de prendas de punto, pero nos vamos a centrar en los <strong>tres vestidos de punto<\/strong> elegantes e ideales para llevar en la oficina, en una comida de trabajo o en una cena con amigas. Tres modelos para lucir en diferentes ocasiones y para hacer frente a las bajas temperaturas invernales.<\/p>\n<p><!-- BREAK 3 --><\/p>\n<div class=\"article-asset-image article-asset-normal article-asset-center\">\n<div class=\"asset-content\">\n<div class=\"base-wrapper-image\"> <img class=\"sf-lazy centro_sinmarco\" data-sf-srcset=\"http:\/\/hoycordobaweb.com\/wp-content\/uploads\/2022\/10\/los-tres-vestidos-de-punto-de-pedro-del-hierro-que-te-resolveran-todos-los-looks-de-este-otono-invierno-1.jpg 450w, http:\/\/hoycordobaweb.com\/wp-content\/uploads\/2022\/10\/los-tres-vestidos-de-punto-de-pedro-del-hierro-que-te-resolveran-todos-los-looks-de-este-otono-invierno-8.jpg 681w,http:\/\/hoycordobaweb.com\/wp-content\/uploads\/2022\/10\/los-tres-vestidos-de-punto-de-pedro-del-hierro-que-te-resolveran-todos-los-looks-de-este-otono-invierno-9.jpg 1024w, http:\/\/hoycordobaweb.com\/wp-content\/uploads\/2022\/10\/los-tres-vestidos-de-punto-de-pedro-del-hierro-que-te-resolveran-todos-los-looks-de-este-otono-invierno-10.jpg 1366w,\" data-sf-src=\"http:\/\/hoycordobaweb.com\/wp-content\/uploads\/2022\/10\/los-tres-vestidos-de-punto-de-pedro-del-hierro-que-te-resolveran-todos-los-looks-de-este-otono-invierno-1.jpg\" alt=\"Cortefiel\"> <noscript><img alt=\"Cortefiel\" class=\"centro_sinmarco\" src=\"http:\/\/hoycordobaweb.com\/wp-content\/uploads\/2022\/10\/los-tres-vestidos-de-punto-de-pedro-del-hierro-que-te-resolveran-todos-los-looks-de-este-otono-invierno-1.jpg\"><\/noscript> <\/div><\/div>\n<\/div>\n<p>Vestido de punto escote en &#8216;v&#8217; con detalle de lagrima, manga larga con detalle de plumas negras y largo <em>midi. <\/em>Un sofisticado modelo perfecto para lucir de la ma\u00f1ana a la noche.<\/p>\n<p><!-- BREAK 4 --><!-- PIVOT START --><\/p>\n<div class=\"pivot-ecommerce-container\">\n<div class=\"pivot-ecommerce\" readability=\"3.4615384615385\">\n<div class=\"pivot-ecommerce-figure\"> <a href=\"https:\/\/www.trendencias.com\/redirect?url=https%3A%2F%2Fcortefiel.com%2Fes%2Fes%2Fmujer%2Fvestidos-y-monos%2Fvestido-de-punto-pico-con-detalle-de-lagrima%2F6194215.html&amp;category=vestidos&amp;pivot=1\"> <img alt=\"Vestido de punto pico con detalle de lagrima\" src=\"http:\/\/hoycordobaweb.com\/wp-content\/uploads\/2022\/10\/los-tres-vestidos-de-punto-de-pedro-del-hierro-que-te-resolveran-todos-los-looks-de-este-otono-invierno-2.jpg\"> <\/a> <\/div>\n<div class=\"pivot-ecommerce-summary\" readability=\"4.0384615384615\">\n<p class=\"pivot-ecommerce-desc\">Vestido de punto pico con detalle de lagrima<\/p>\n<\/p><\/div><\/div>\n<\/div>\n<p><!-- PIVOT END --><\/p>\n<div class=\"article-asset-image article-asset-normal article-asset-center\">\n<div class=\"asset-content\">\n<div class=\"base-wrapper-image\"> <img class=\"sf-lazy centro_sinmarco\" data-sf-srcset=\"http:\/\/hoycordobaweb.com\/wp-content\/uploads\/2022\/10\/los-tres-vestidos-de-punto-de-pedro-del-hierro-que-te-resolveran-todos-los-looks-de-este-otono-invierno-3.jpg 450w, http:\/\/hoycordobaweb.com\/wp-content\/uploads\/2022\/10\/los-tres-vestidos-de-punto-de-pedro-del-hierro-que-te-resolveran-todos-los-looks-de-este-otono-invierno-11.jpg 681w,http:\/\/hoycordobaweb.com\/wp-content\/uploads\/2022\/10\/los-tres-vestidos-de-punto-de-pedro-del-hierro-que-te-resolveran-todos-los-looks-de-este-otono-invierno-12.jpg 1024w, http:\/\/hoycordobaweb.com\/wp-content\/uploads\/2022\/10\/los-tres-vestidos-de-punto-de-pedro-del-hierro-que-te-resolveran-todos-los-looks-de-este-otono-invierno-13.jpg 1366w,\" data-sf-src=\"http:\/\/hoycordobaweb.com\/wp-content\/uploads\/2022\/10\/los-tres-vestidos-de-punto-de-pedro-del-hierro-que-te-resolveran-todos-los-looks-de-este-otono-invierno-3.jpg\" alt=\"Pdh\"> <noscript><img alt=\"Pdh\" class=\"centro_sinmarco\" src=\"http:\/\/hoycordobaweb.com\/wp-content\/uploads\/2022\/10\/los-tres-vestidos-de-punto-de-pedro-del-hierro-que-te-resolveran-todos-los-looks-de-este-otono-invierno-3.jpg\"><\/noscript> <\/div><\/div>\n<\/div>\n<p>Vestido de punto granate, de escote redondo, manga larga abullonada con frunces en la copa de la manga y falda evas\u00e9. Un dise\u00f1o muy vers\u00e1til y elegante, tambi\u00e9n disponible en negro.<\/p>\n<p><!-- BREAK 5 --><!-- PIVOT START --><\/p>\n<div class=\"pivot-ecommerce-container\">\n<div class=\"pivot-ecommerce\">\n<div class=\"pivot-ecommerce-figure\"> <a href=\"https:\/\/www.trendencias.com\/redirect?url=https%3A%2F%2Fpedrodelhierro.com%2Fes%2Fes%2Fmujer%2Fvestidos-y-monos%2Fvestido-de-punto-manga-abullonada%2F6194218.html&amp;category=vestidos&amp;pivot=1\"> <img alt=\"Vestido de punto granate\" src=\"http:\/\/hoycordobaweb.com\/wp-content\/uploads\/2022\/10\/los-tres-vestidos-de-punto-de-pedro-del-hierro-que-te-resolveran-todos-los-looks-de-este-otono-invierno-4.jpg\"> <\/a> <\/div>\n<div class=\"pivot-ecommerce-summary\">\n<p class=\"pivot-ecommerce-desc\">Vestido de punto granate<\/p>\n<\/p><\/div><\/div>\n<\/div>\n<p><!-- PIVOT END --><\/p>\n<div class=\"article-asset-image article-asset-normal article-asset-center\">\n<div class=\"asset-content\">\n<div class=\"base-wrapper-image\"> <img class=\"sf-lazy centro_sinmarco\" data-sf-srcset=\"http:\/\/hoycordobaweb.com\/wp-content\/uploads\/2022\/10\/los-tres-vestidos-de-punto-de-pedro-del-hierro-que-te-resolveran-todos-los-looks-de-este-otono-invierno-5.jpg 450w, http:\/\/hoycordobaweb.com\/wp-content\/uploads\/2022\/10\/los-tres-vestidos-de-punto-de-pedro-del-hierro-que-te-resolveran-todos-los-looks-de-este-otono-invierno-14.jpg 681w,http:\/\/hoycordobaweb.com\/wp-content\/uploads\/2022\/10\/los-tres-vestidos-de-punto-de-pedro-del-hierro-que-te-resolveran-todos-los-looks-de-este-otono-invierno-15.jpg 1024w, http:\/\/hoycordobaweb.com\/wp-content\/uploads\/2022\/10\/los-tres-vestidos-de-punto-de-pedro-del-hierro-que-te-resolveran-todos-los-looks-de-este-otono-invierno-16.jpg 1366w,\" data-sf-src=\"http:\/\/hoycordobaweb.com\/wp-content\/uploads\/2022\/10\/los-tres-vestidos-de-punto-de-pedro-del-hierro-que-te-resolveran-todos-los-looks-de-este-otono-invierno-5.jpg\" alt=\"pedh\"> <noscript><img alt=\"pedh\" class=\"centro_sinmarco\" src=\"http:\/\/hoycordobaweb.com\/wp-content\/uploads\/2022\/10\/los-tres-vestidos-de-punto-de-pedro-del-hierro-que-te-resolveran-todos-los-looks-de-este-otono-invierno-5.jpg\"><\/noscript> <\/div><\/div>\n<\/div>\n<p>Los vestidos de punto en <strong>versi\u00f3n jersey xxl<\/strong> son tendencia. Modelos de canal\u00e9, de ochos o de suave punto liso que resultan muy monos para combinar con botas, botines o <em>sneakers,<\/em> una apuesta c\u00f3moda y muy calentita, ideales para los d\u00edas todoterreno.<\/p>\n<p><!-- BREAK 6 --><!-- PIVOT START --><\/p>\n<div class=\"pivot-ecommerce-container\">\n<div class=\"pivot-ecommerce\" readability=\"3.2876712328767\">\n<div class=\"pivot-ecommerce-figure\"> <a href=\"https:\/\/www.trendencias.com\/redirect?url=https%3A%2F%2Fpedrodelhierro.com%2Fes%2Fes%2Fmujer%2Fvestidos-y-monos%2Fvestido-de-ochos%2F6194219.html&amp;category=vestidos&amp;pivot=1\"> <img alt=\"Vestido jersey de ochos en color piedra\" src=\"http:\/\/hoycordobaweb.com\/wp-content\/uploads\/2022\/10\/los-tres-vestidos-de-punto-de-pedro-del-hierro-que-te-resolveran-todos-los-looks-de-este-otono-invierno-6.jpg\"> <\/a> <\/div>\n<div class=\"pivot-ecommerce-summary\" readability=\"3.8356164383562\">\n<p class=\"pivot-ecommerce-desc\">Vestido jersey de ochos en color piedra<\/p>\n<\/p><\/div><\/div>\n<\/div>\n<p><!-- PIVOT END --><\/p>\n<p><em>Nota: algunos de los enlaces de este art\u00edculo son afiliados y pueden reportar un beneficio a Trendencias.<\/em><\/p>\n<p><!-- BREAK 7 --><\/p>\n<p>En Trendencias | \u00ab<a href=\"https:\/\/www.trendencias.com\/propuestas-y-consejos\/como-funciona-vestiare-collective-trucos-para-sacarle-todo-partido-que-opinan-que-han-probado\" rel=\"noopener noreferrer\" data-id=\"noopener noreferrer\">C\u00f3mo funciona Vestiare Collective, trucos para sacarle todo el partido y qu\u00e9 opinan los que lo han probado<\/a>\u00ab<\/p>\n<p><!-- BREAK 8 --><\/p>\n<p>Fotos | Pedro del Hierro<\/p>\n","protected":false},"excerpt":{"rendered":"<p>El vestido de punto se ha convertido en la prenda m\u00e1s vers\u00e1til y c\u00f3moda del momento, un cl\u00e1sico s\u00ed, pero una prenda revoluci\u00f3n cada temporada porque se adapta a las tendencias del momento. Estamos ante una prenda tan cl\u00e1sica como sencilla, capaz de sacarnos de un apuro en cualquier ocasi\u00f3n porque se puede llevar de [&hellip;]<\/p>\n","protected":false},"author":1,"featured_media":50178,"comment_status":"closed","ping_status":"closed","sticky":false,"template":"","format":"standard","meta":[],"categories":[1],"tags":[],"_links":{"self":[{"href":"http:\/\/hoycordobaweb.com\/index.php\/wp-json\/wp\/v2\/posts\/50177"}],"collection":[{"href":"http:\/\/hoycordobaweb.com\/index.php\/wp-json\/wp\/v2\/posts"}],"about":[{"href":"http:\/\/hoycordobaweb.com\/index.php\/wp-json\/wp\/v2\/types\/post"}],"author":[{"embeddable":true,"href":"http:\/\/hoycordobaweb.com\/index.php\/wp-json\/wp\/v2\/users\/1"}],"replies":[{"embeddable":true,"href":"http:\/\/hoycordobaweb.com\/index.php\/wp-json\/wp\/v2\/comments?post=50177"}],"version-history":[{"count":0,"href":"http:\/\/hoycordobaweb.com\/index.php\/wp-json\/wp\/v2\/posts\/50177\/revisions"}],"wp:featuredmedia":[{"embeddable":true,"href":"http:\/\/hoycordobaweb.com\/index.php\/wp-json\/wp\/v2\/media\/50178"}],"wp:attachment":[{"href":"http:\/\/hoycordobaweb.com\/index.php\/wp-json\/wp\/v2\/media?parent=50177"}],"wp:term":[{"taxonomy":"category","embeddable":true,"href":"http:\/\/hoycordobaweb.com\/index.php\/wp-json\/wp\/v2\/categories?post=50177"},{"taxonomy":"post_tag","embeddable":true,"href":"http:\/\/hoycordobaweb.com\/index.php\/wp-json\/wp\/v2\/tags?post=50177"}],"curies":[{"name":"wp","href":"https:\/\/api.w.org\/{rel}","templated":true}]}}